{"id":999,"date":"2011-07-12T19:20:30","date_gmt":"2011-07-12T19:20:30","guid":{"rendered":"http:\/\/www.semioticafactual.com\/?p=999"},"modified":"2011-07-12T19:21:49","modified_gmt":"2011-07-12T19:21:49","slug":"el-zancudo-6","status":"publish","type":"post","link":"https:\/\/www.semioticafactual.com\/?p=999","title":{"rendered":"EL ZANCUDO"},"content":{"rendered":"<div>\n<p>H\u00e9ctor Larios, vencido por el &#8216;ala dura&#8217; del gobierno de Sonora<\/p>\n<\/div>\n<div>\n<p>12\/Julio\/2011, \u00a0Arturo Soto Mungu\u00eda<\/p>\n<\/div>\n<p>Si el escenario preelectoral en Sonora se calent\u00f3 sobremanera en estos d\u00edas, el escenario que prefiguran el tono y el nivel del debate entre las diversas fuerzas pol\u00edticas no tiene mucho espacio para el optimismo.<\/p>\n<p>El relevo de los consejeros electorales a quienes ya se les venci\u00f3 el periodo para el que fueron designados, se ha convertido en un tema bastante pol\u00e9mico no s\u00f3lo por lo que se est\u00e1 presentando por estos d\u00edas, sino por lo que se prev\u00e9, suceder\u00e1 el a\u00f1o entrante si es que el \u00e1rbitro de la contienda electoral llega a esa etapa con el nivel de conflictos internos que ahora tiene y con las animadversiones y desconfianza que inspira en fuerzas pol\u00edticas de oposici\u00f3n, se\u00f1aladamente del PRI, un partido cuya fuerza pol\u00edtica no deber\u00eda menospreciarse, mucho menos despu\u00e9s de las elecciones del domingo antepasado, cuando demostr\u00f3 que ni estaba muerto, ni andaba de parranda.<\/p>\n<p>El grado de polarizaci\u00f3n entre el PRI y el PAN en Sonora se encuentra como en sus peores momentos, con la diferencia de que ahora es el blanquiazul quien detenta el poder de la n\u00f3mina desde el gobierno del estado y los principales municipios, mientras el PRI se estrena como oposici\u00f3n y se las arregla como puede desde sus posiciones en el Congreso local y en el federal, as\u00ed como en algunos ayuntamientos.<\/p>\n<p>Lo que ayer revel\u00f3 el diputado local Bulmaro Andr\u00e9s Pacheco Moreno no debe ser echado en saco roto. El legislador huatabampense sostuvo que la interlocuci\u00f3n pol\u00edtica con el gobierno del estado se encuentra fracturada, debido a que \u201cel ala dura\u201d del padrecismo parece haber ganado terreno, imponi\u00e9ndose al \u201cala dialoguista\u201d, en este caso representada por el secretario de Gobierno, H\u00e9ctor Larios C\u00f3rdova, a quien han desplazado de las labores de cabildeo con el Poder Legislativo y con los mismos partidos pol\u00edticos.<\/p>\n<p>De ello pudiera deducirse que de seguir la misma l\u00ednea, las horas del secretario de Gobierno estar\u00edan contadas, ya porque lo \u2018revienten\u2019 los duros, ya porque en un desplante de dignidad, presente su renuncia, ya que de cualquier forma, su papel como interlocutor con las fuerzas pol\u00edticas, incluido su propio partido, el PAN, ha sido ninguneado sin respeto alguno.<\/p>\n<p>Aunque de un lado y otro, todos los actores pol\u00edticos dicen apostarle al di\u00e1logo y a la concertaci\u00f3n; a la tolerancia, la inclusi\u00f3n y el respeto, en la pr\u00e1ctica todos se han atrincherado en sus posiciones y no dan muestras de querer ceder un \u00e1pice.<\/p>\n<p>Los panistas de Sonora se muestran muy confiados en que desde el ejercicio de gobierno pueden desplegar todo el aparato de Estado para imponer sus condiciones, y los priistas no quieren dejarles pasar ni una, apost\u00e1ndole a que dentro de un a\u00f1o el escenario pol\u00edtico nacional, en t\u00e9rminos de correlaci\u00f3n de fuerzas cambiar\u00e1 sustancialmente si, como lo indican todas las encuestas hasta el momento, los tricolores recuperan la presidencia de la Rep\u00fablica.<\/p>\n<p>Claro, eso es s\u00f3lo prospectiva, y falta ver si los panistas se dejan sacar de Los Pinos, pues hasta ahora, que se sepa, no se ven dispuestos a rendir la plaza y todav\u00eda les queda un largo a\u00f1o para operar la sucesi\u00f3n. Y en un a\u00f1o pueden pasar muchas cosas.<\/p>\n<p>Por lo pronto, en Sonora las apuestas al di\u00e1logo se quedan en el plano de la ret\u00f3rica, y lo que se observa es un endurecimiento del discurso pol\u00edtico, que complica el abordaje de temas delicados, como es precisamente el de la renovaci\u00f3n de consejeros electorales, que no es asunto menor, considerando que se trata de la instancia que organizar\u00e1 el pr\u00f3ximo proceso electoral.<\/p>\n<p>Si bien es cierto los \u00f3rganos electorales en todo el pa\u00eds, por su propia naturaleza jam\u00e1s han sido instancias que conciten las simpat\u00edas de todos los actores pol\u00edticos, tambi\u00e9n lo es que no siempre han estado tan cuestionados como el de Sonora en estos momentos.<\/p>\n<p>La propia consejera presidenta lo dec\u00eda hace un par de semanas y lo repite cada vez que puede: hace apenas un par de a\u00f1os, los panistas que hoy est\u00e1n en el gobierno del estado acusaban al Consejo Estatal Electoral de jugar con dados cargados a favor del PRI; ahora que los priistas son oposici\u00f3n, son ellos quienes acusan al CEE de inclinarse a favor de las posiciones del PAN en el gobierno.<\/p>\n<p>Resulta hasta cierto punto natural que suceda as\u00ed, atendiendo los usos y las costumbres del sistema pol\u00edtico mexicano; como natural resulta que el partido que gana las elecciones, busque legitimar su proyecto de gobierno y postergar hasta donde sea posible, su permanencia en el poder. No en balde el Partido Revolucionario Institucional lo hizo as\u00ed durante m\u00e1s de 70 a\u00f1os.<\/p>\n<p>Los problemas comienzan cuando en esa intenci\u00f3n de mantenerse en el poder, se incurre en excesos como los que, hay que decirlo, terminaron por hartar a los ciudadanos mexicanos.<\/p>\n<p>Y excesos son los que denunci\u00f3 ayer la dirigente estatal del PRI, Claudia Pavlovich Arellano, cuando acompa\u00f1ada de legisladores locales y federales present\u00f3 un recuento de lo que llam\u00f3 \u201cLa danza de ilegalidades del PAN-Gobierno\u201d.<\/p>\n<p>La lista comienza con Eduardo Coronel Smith, el secretario particular de Bernardo Campillo, titular de la Secretar\u00eda de Salud, quien convoc\u00f3 a una reuni\u00f3n de militantes panistas utilizando recursos humanos y materiales de la dependencia. Aunque el caso se denunci\u00f3 ante la Contralor\u00eda estatal que encabeza Carlos Tapia Astiazar\u00e1n, y el Tribunal Estatal Electoral consider\u00f3 que se acredit\u00f3 la infracci\u00f3n, no hubo sanciones.<\/p>\n<p>Le siguieron una nutrida lista de funcionarios p\u00fablicos que despliegan campa\u00f1as publicitarias de posicionamiento a trav\u00e9s de diversos medios -incluyendo bardas, pendones y dem\u00e1s-, el tema s\u00f3lo dio para una desafortunada declaraci\u00f3n del gobernador Guillermo Padr\u00e9s El\u00edas, en el sentido de que \u201cen la pol\u00edtica y en el amor todo se vale\u201d.<\/p>\n<p>En junio de 2010, se revelaron los nombres de Javier Dagnino Escoboza, Coordinador General del C4; Graciela Liera Armenta, directora de Enlaces de la Direcci\u00f3n de Imagen Institucional, a cargo del publicista Javier Alcaraz Ortega; Hiram Rasc\u00f3n Trigueras, enlace de Comunicaci\u00f3n en el DIF- Sonora, y H\u00e9ctor Rub\u00e9n Espino Santana, director del Icatson. Todos ellos exhibidos como funcionarios que trabajaron en la campa\u00f1a del candidato del PAN a la gubernatura de Sinaloa, Mario L\u00f3pez Valdez.<\/p>\n<p>Luego sigui\u00f3 el subsecretario de Ingresos de la Secretar\u00eda de Hacienda Estatal, cuyo titular es Alejandro L\u00f3pez Caballero, a quien le grabaron una llamada en la que pactaba condiciones para vender los servicios de su empresa de publicidad, a los panistas en campa\u00f1a en el estado de Coahuila. Su declaraci\u00f3n al respecto no tiene desperdicio: \u201cComo panista que soy, claro que trato de hacer negocios con los panistas, y claro est\u00e1 que tambi\u00e9n los apoyo con lo que puedo. Definitivamente tambi\u00e9n aprovecho todos los contactos que como panista, y ahora como funcionario he podido hacer\u201d.<\/p>\n<p>Un diario de Saltillo, Coahuila, tambi\u00e9n enlist\u00f3 a varios funcionarios y dirigentes panistas, que hac\u00edan trabajo para los candidatos del PAN en aquella entidad: la lista la encabeza el propio gobernador Guillermo Padr\u00e9s, el presidente y el secretario general del PAN en Sonora, Juan Bautista Valencia Durazo y Adri\u00e1n Espinoza, respectivamente.<\/p>\n<p>Le siguen Javier Alcaraz Ortega, jefe de la Oficina de Imagen Institucional del Gobierno de Sonora, y al que diversos medios se\u00f1alan como uno de los funcionarios m\u00e1s cercanos a un juicio por enriquecimiento (in) explicable.<\/p>\n<p>Tambi\u00e9n enlistan a Alejandro Arellano, secretario\u00a0 General Adjunto para Asuntos Internos del PAN-Sonora; Dalia Valencia, titular del \u00e1rea de Innovaci\u00f3n y Gesti\u00f3n del PAN-Sonora, y H\u00e9ctor Le\u00f3n Mendoza, rector del Instituto de Estudios Pol\u00edticos del PAN-Sonora.<\/p>\n<p>La cosa no para ah\u00ed. El 3 de julio pasado, la Fiscal\u00eda General del Estado de Coahuila, detuvo a Jorge Ruiz Campos Zamora, director de Enlace Legislativo del gobierno de Sonora, acusado de delitos electorales en aquella entidad. Sali\u00f3 libre despu\u00e9s de pagar una fianza de 20 mil pesos.<\/p>\n<p>Y para remachar el clavo, para documentar que el gobierno del estado tiene metidas las manos hasta los codos en el Consejo Estatal Electoral, Claudia Pavlovich Arellano revel\u00f3 las nuevas contrataciones de personal en el CEE:<\/p>\n<p>OCTAVIO MORA CARO, militante activo del PAN fue contratado por el CEE como director ejecutivo de ASUNTOS JUR\u00cdDICOS. Fue tambi\u00e9n REPRESENTANTE DE PARTIDO ACCI\u00d3N NACIONAL en las elecciones 2009, ante Instituto Federal Electoral en el Estado de Sonora; adem\u00e1s de haber sido Director Jur\u00eddico de la SIDUR.<\/p>\n<p>ISRAEL GUSTAVO MU\u00d1OZ QUINTAL, fue designado como Director Ejecutivo de Administraci\u00f3n del CEE, siendo que hace menos de un a\u00f1o fung\u00eda como Director General de Atenci\u00f3n Ciudadana y Protecci\u00f3n Familiar del Gobierno del Estado de Sonora.<\/p>\n<p>LEOBARDO SALIDO ORCILLO CAMPOY, fue nombrado como Director Ejecutivo de Organizaci\u00f3n y Log\u00edstica Electoral del CEE, sin embargo antes de\u00a0 ello fungi\u00f3 como Director General de la Secretaria de Educaci\u00f3n y Cultura del Gobierno del Estado de Sonora, hasta el a\u00f1o 2010.<\/p>\n<p><strong>PD.-<\/strong> Para los amigos, parientes, colegas, similares y conexos del fot\u00f3grafo Alejandro Mena y Ortega, se les comunica que despu\u00e9s de su quincuag\u00e9simo segundo aniversario, y quiz\u00e1 por la cantidad de abrazos y palmadas que le llovieron en el lomo el d\u00eda de su onom\u00e1stico, tuvo que ser internado de nueva cuenta en la sala de urgencias del Hospital Ch\u00e1vez.<\/p>\n<p>Como se sabe, el Mena viene lidiando desde hace casi un par de a\u00f1os, con problemas de salud derivados de un mal cardiaco, as\u00ed como insuficiencia renal que lo tiene en lista de espera para el trasplante de un ri\u00f1\u00f3n, entre otros padecimientos. Afortunadamente, las atenciones m\u00e9dicas estuvieron a la altura de las circunstancias, y el Mena ha superado los problemas que lo llevaron a esta lamentable reca\u00edda. De cualquier forma, no est\u00e1 de m\u00e1s que sus m\u00faltiples amigos se reporten\u2026<\/p>\n<p>Otro buen amigo que acaba de pasar tambi\u00e9n por un quebranto de salud, y que tambi\u00e9n gracias a su fortaleza, a los cuidados m\u00e9dicos y a la mano de Dios, ya se recupera satisfactoriamente, es Miguel \u00c1ngel Murillo Aispuro, el famos\u00edsimo Ronco de la Ladrillera.<\/p>\n<p>Desde esta columna hacemos votos por su buena salud, no l\u2019iace que nos sigan dando carrilla durante muchos a\u00f1os m\u00e1s\u2026<\/p>\n<p><strong><a href=\"mailto:chaposoto67@hotmail.com\">chaposoto67@hotmail.com<\/a><\/strong><\/p>\n","protected":false},"excerpt":{"rendered":"<p>H\u00e9ctor Larios, vencido por el &#8216;ala dura&#8217; del gobierno de Sonora 12\/Julio\/2011, \u00a0Arturo Soto Mungu\u00eda Si el escenario preelectoral en Sonora se calent\u00f3 sobremanera en estos d\u00edas, el escenario que prefiguran el tono y el nivel del debate entre las diversas fuerzas pol\u00edticas no tiene mucho espacio para el optimismo. El relevo de los consejeros [&hellip;]<\/p>\n","protected":false},"author":1,"featured_media":0,"comment_status":"open","ping_status":"open","sticky":false,"template":"","format":"standard","meta":{"jetpack_post_was_ever_published":false,"_jetpack_newsletter_access":"","_jetpack_dont_email_post_to_subs":false,"_jetpack_newsletter_tier_id":0,"_jetpack_memberships_contains_paywalled_content":false,"_jetpack_memberships_contains_paid_content":false,"footnotes":"","jetpack_publicize_message":"","jetpack_publicize_feature_enabled":true,"jetpack_social_post_already_shared":false,"jetpack_social_options":{"image_generator_settings":{"template":"highway","enabled":false},"version":2}},"categories":[21],"tags":[],"jetpack_publicize_connections":[],"jetpack_featured_media_url":"","jetpack_shortlink":"https:\/\/wp.me\/p2mzaA-g7","jetpack_sharing_enabled":true,"jetpack_likes_enabled":true,"_links":{"self":[{"href":"https:\/\/www.semioticafactual.com\/index.php?rest_route=\/wp\/v2\/posts\/999"}],"collection":[{"href":"https:\/\/www.semioticafactual.com\/index.php?rest_route=\/wp\/v2\/posts"}],"about":[{"href":"https:\/\/www.semioticafactual.com\/index.php?rest_route=\/wp\/v2\/types\/post"}],"author":[{"embeddable":true,"href":"https:\/\/www.semioticafactual.com\/index.php?rest_route=\/wp\/v2\/users\/1"}],"replies":[{"embeddable":true,"href":"https:\/\/www.semioticafactual.com\/index.php?rest_route=%2Fwp%2Fv2%2Fcomments&post=999"}],"version-history":[{"count":3,"href":"https:\/\/www.semioticafactual.com\/index.php?rest_route=\/wp\/v2\/posts\/999\/revisions"}],"predecessor-version":[{"id":1005,"href":"https:\/\/www.semioticafactual.com\/index.php?rest_route=\/wp\/v2\/posts\/999\/revisions\/1005"}],"wp:attachment":[{"href":"https:\/\/www.semioticafactual.com\/index.php?rest_route=%2Fwp%2Fv2%2Fmedia&parent=999"}],"wp:term":[{"taxonomy":"category","embeddable":true,"href":"https:\/\/www.semioticafactual.com\/index.php?rest_route=%2Fwp%2Fv2%2Fcategories&post=999"},{"taxonomy":"post_tag","embeddable":true,"href":"https:\/\/www.semioticafactual.com\/index.php?rest_route=%2Fwp%2Fv2%2Ftags&post=999"}],"curies":[{"name":"wp","href":"https:\/\/api.w.org\/{rel}","templated":true}]}}