{"id":989,"date":"2011-07-12T00:56:25","date_gmt":"2011-07-12T00:56:25","guid":{"rendered":"http:\/\/www.semioticafactual.com\/?p=989"},"modified":"2011-07-12T01:06:37","modified_gmt":"2011-07-12T01:06:37","slug":"proceso-de-remocion-de-consejeros-electorales-es-inmoral-son-juez-y-parte-reina-lizarraga","status":"publish","type":"post","link":"https:\/\/www.semioticafactual.com\/?p=989","title":{"rendered":"Proceso de remoci\u00f3n de consejeros electorales es inmoral; son juez y parte: Reina Liz\u00e1rraga"},"content":{"rendered":"<p>*Diputados de Acci\u00f3n Nacional explican razones para no hacer qu\u00f3rum en la sesi\u00f3n de este d\u00eda<\/p>\n<p>Julio 11, 2011. Hermosillo, Sonora.-<\/p>\n<div id=\"attachment_991\" style=\"width: 310px\" class=\"wp-caption alignleft\"><a class=\"highslide\" onclick=\"return vz.expand(this)\" href=\"https:\/\/i0.wp.com\/www.semioticafactual.com\/wp-content\/uploads\/2011\/07\/pan1.jpg\"><img loading=\"lazy\" decoding=\"async\" aria-describedby=\"caption-attachment-991\" data-attachment-id=\"991\" data-permalink=\"https:\/\/www.semioticafactual.com\/?attachment_id=991\" data-orig-file=\"https:\/\/i0.wp.com\/www.semioticafactual.com\/wp-content\/uploads\/2011\/07\/pan1.jpg?fit=1734%2C1020&amp;ssl=1\" data-orig-size=\"1734,1020\" data-comments-opened=\"1\" data-image-meta=\"{&quot;aperture&quot;:&quot;0&quot;,&quot;credit&quot;:&quot;&quot;,&quot;camera&quot;:&quot;&quot;,&quot;caption&quot;:&quot;&quot;,&quot;created_timestamp&quot;:&quot;0&quot;,&quot;copyright&quot;:&quot;&quot;,&quot;focal_length&quot;:&quot;0&quot;,&quot;iso&quot;:&quot;0&quot;,&quot;shutter_speed&quot;:&quot;0&quot;,&quot;title&quot;:&quot;&quot;}\" data-image-title=\"pan\" data-image-description=\"\" data-image-caption=\"&lt;p&gt;\u00abASEGURAN QUE \u00abEL CUATE VERDE CESAR MARCOR\u00bb Y MANUEL MADERO\u00bb ACTUARON DE FORMA INMORAL&lt;\/p&gt;\n\" data-medium-file=\"https:\/\/i0.wp.com\/www.semioticafactual.com\/wp-content\/uploads\/2011\/07\/pan1.jpg?fit=300%2C176&amp;ssl=1\" data-large-file=\"https:\/\/i0.wp.com\/www.semioticafactual.com\/wp-content\/uploads\/2011\/07\/pan1.jpg?fit=800%2C470&amp;ssl=1\" tabindex=\"0\" role=\"button\" class=\"size-medium wp-image-991\" title=\"pan\" src=\"https:\/\/i0.wp.com\/www.semioticafactual.com\/wp-content\/uploads\/2011\/07\/pan1-300x176.jpg?resize=300%2C176\" alt=\"\" width=\"300\" height=\"176\" srcset=\"https:\/\/i0.wp.com\/www.semioticafactual.com\/wp-content\/uploads\/2011\/07\/pan1.jpg?resize=300%2C176&amp;ssl=1 300w, https:\/\/i0.wp.com\/www.semioticafactual.com\/wp-content\/uploads\/2011\/07\/pan1.jpg?resize=1024%2C602&amp;ssl=1 1024w, https:\/\/i0.wp.com\/www.semioticafactual.com\/wp-content\/uploads\/2011\/07\/pan1.jpg?w=1734&amp;ssl=1 1734w, https:\/\/i0.wp.com\/www.semioticafactual.com\/wp-content\/uploads\/2011\/07\/pan1.jpg?w=1600 1600w\" sizes=\"(max-width: 300px) 100vw, 300px\" data-recalc-dims=\"1\" \/><\/a><p id=\"caption-attachment-991\" class=\"wp-caption-text\">&quot;ASEGURAN QUE &quot;EL CUATE VERDE CESAR MARCOR&quot; Y MANUEL MADERO&quot; ACTUARON DE FORMA INMORAL<\/p><\/div>\n<p>Un proceso inmoral, unilateral e ilegal es el que los Diputados del PRI pretenden hacer con la solicitud de remoci\u00f3n de consejeros electorales al convertirse en juez y parte, mismo que los Diputados de Acci\u00f3n Nacional no est\u00e1n dispuestos a validar.<\/p>\n<p>Dos diputados, Manuel Madero Valencia y C\u00e9sar Marcor Ram\u00edrez, presidentes en Sonora del Partido Nueva Alianza y Verde Ecologista de M\u00e9xico, respectivamente, recibieron la solicitud de remoci\u00f3n de los consejeros del CEE, Hilda Ben\u00edtez Carre\u00f3n, Marcos Arturo Garc\u00eda Celaya y Ferm\u00edn Ch\u00e1vez Pe\u00f1u\u00f1uri hecha por sus comisionados ante el Consejo Estatal Electoral (CEE) de sus partidos y del PRI, siendo ellos integrantes de la Comisi\u00f3n de Gobernaci\u00f3n, lo que los convierte en juez y parte del proceso.<\/p>\n<p>Ante ese hecho los Diputados de Acci\u00f3n Nacional optaron por no asistir a la sesi\u00f3n programada para este d\u00eda y se manifestaron abiertos a restablecer el proceso de remoci\u00f3n, a trav\u00e9s del nombramiento de una Comisi\u00f3n Plural como se hizo para atender a los aspirantes a consejeros.<\/p>\n<p>El coordinador de los Diputados del PAN, Enrique Reina Liz\u00e1rraga, se\u00f1al\u00f3 que es un mal mensaje a los ciudadanos el atender una solicitud para remover el \u00e1rbitro electoral bajo este tipo de circunstancias e intereses partidistas.<\/p>\n<p>\u201cQuiere iniciar el PRI, la Alianza, un procedimiento que consideramos que es inmoral, viciado de origen al no conformar\u00a0\u00a0una Comisi\u00f3n Plural para poder juzgar si procede o no\u2026creemos que debe formarse esta Comisi\u00f3n Plural donde no est\u00e9n \u201cjueces y partes\u201d asumiendo esta tarea\u201d, asever\u00f3.<\/p>\n<p>Adem\u00e1s es necesario aclarar los \u00faltimos acontecimientos a partir de la aprobaci\u00f3n de la Reforma Electoral donde de manera arbitraria y unilateral, dijo, los Diputados del PRI, mandaron publicar dos art\u00edculos que no hab\u00edan alcanzado las dos terceras partes de la votaci\u00f3n del Pleno del Congreso del Estado.<\/p>\n<p>As\u00ed como la publicaci\u00f3n que a nombre de la Diputaci\u00f3n Permanente del Congreso del Estado realiza el pasado domingo en medios impresos locales sin siquiera someterlo a la votaci\u00f3n de los integrantes de la Mesa Directiva de este periodo extraordinario, apunt\u00f3.<\/p>\n<p>aclar\u00f3 que existe plena disposici\u00f3n para llegar a los acuerdos para nombrar a los nuevos consejeros, una vez que se haya aclarado o despejado esta confrontaci\u00f3n, para que se trabaje como se ha realizado en los casi dos a\u00f1os de esta Legislatura.<\/p>\n","protected":false},"excerpt":{"rendered":"<p>*Diputados de Acci\u00f3n Nacional explican razones para no hacer qu\u00f3rum en la sesi\u00f3n de este d\u00eda Julio 11, 2011. Hermosillo, Sonora.- Un proceso inmoral, unilateral e ilegal es el que los Diputados del PRI pretenden hacer con la solicitud de remoci\u00f3n de consejeros electorales al convertirse en juez y parte, mismo que los Diputados de [&hellip;]<\/p>\n","protected":false},"author":1,"featured_media":0,"comment_status":"open","ping_status":"open","sticky":false,"template":"","format":"standard","meta":{"jetpack_post_was_ever_published":false,"_jetpack_newsletter_access":"","_jetpack_dont_email_post_to_subs":false,"_jetpack_newsletter_tier_id":0,"_jetpack_memberships_contains_paywalled_content":false,"_jetpack_memberships_contains_paid_content":false,"footnotes":"","jetpack_publicize_message":"","jetpack_publicize_feature_enabled":true,"jetpack_social_post_already_shared":false,"jetpack_social_options":{"image_generator_settings":{"template":"highway","enabled":false},"version":2}},"categories":[18,1],"tags":[],"jetpack_publicize_connections":[],"jetpack_featured_media_url":"","jetpack_shortlink":"https:\/\/wp.me\/p2mzaA-fX","jetpack_sharing_enabled":true,"jetpack_likes_enabled":true,"_links":{"self":[{"href":"https:\/\/www.semioticafactual.com\/index.php?rest_route=\/wp\/v2\/posts\/989"}],"collection":[{"href":"https:\/\/www.semioticafactual.com\/index.php?rest_route=\/wp\/v2\/posts"}],"about":[{"href":"https:\/\/www.semioticafactual.com\/index.php?rest_route=\/wp\/v2\/types\/post"}],"author":[{"embeddable":true,"href":"https:\/\/www.semioticafactual.com\/index.php?rest_route=\/wp\/v2\/users\/1"}],"replies":[{"embeddable":true,"href":"https:\/\/www.semioticafactual.com\/index.php?rest_route=%2Fwp%2Fv2%2Fcomments&post=989"}],"version-history":[{"count":3,"href":"https:\/\/www.semioticafactual.com\/index.php?rest_route=\/wp\/v2\/posts\/989\/revisions"}],"predecessor-version":[{"id":995,"href":"https:\/\/www.semioticafactual.com\/index.php?rest_route=\/wp\/v2\/posts\/989\/revisions\/995"}],"wp:attachment":[{"href":"https:\/\/www.semioticafactual.com\/index.php?rest_route=%2Fwp%2Fv2%2Fmedia&parent=989"}],"wp:term":[{"taxonomy":"category","embeddable":true,"href":"https:\/\/www.semioticafactual.com\/index.php?rest_route=%2Fwp%2Fv2%2Fcategories&post=989"},{"taxonomy":"post_tag","embeddable":true,"href":"https:\/\/www.semioticafactual.com\/index.php?rest_route=%2Fwp%2Fv2%2Ftags&post=989"}],"curies":[{"name":"wp","href":"https:\/\/api.w.org\/{rel}","templated":true}]}}