{"id":984,"date":"2011-07-11T23:39:03","date_gmt":"2011-07-11T23:39:03","guid":{"rendered":"http:\/\/www.semioticafactual.com\/?p=984"},"modified":"2011-07-11T23:39:03","modified_gmt":"2011-07-11T23:39:03","slug":"%e2%80%a2penosa-la-actitud-de-los-diputados-del-pan-roberto-ruibal","status":"publish","type":"post","link":"https:\/\/www.semioticafactual.com\/?p=984","title":{"rendered":"\u2022\tPenosa la actitud de los diputados del PAN: Roberto Ruibal"},"content":{"rendered":"<p><div id=\"attachment_985\" style=\"width: 276px\" class=\"wp-caption alignleft\"><a class=\"highslide\" onclick=\"return vz.expand(this)\" href=\"https:\/\/i0.wp.com\/www.semioticafactual.com\/wp-content\/uploads\/2011\/07\/RRA1107111.jpg\"><img loading=\"lazy\" decoding=\"async\" aria-describedby=\"caption-attachment-985\" data-attachment-id=\"985\" data-permalink=\"https:\/\/www.semioticafactual.com\/?attachment_id=985\" data-orig-file=\"https:\/\/i0.wp.com\/www.semioticafactual.com\/wp-content\/uploads\/2011\/07\/RRA1107111.jpg?fit=980%2C1105&amp;ssl=1\" data-orig-size=\"980,1105\" data-comments-opened=\"1\" data-image-meta=\"{&quot;aperture&quot;:&quot;0&quot;,&quot;credit&quot;:&quot;&quot;,&quot;camera&quot;:&quot;&quot;,&quot;caption&quot;:&quot;&quot;,&quot;created_timestamp&quot;:&quot;0&quot;,&quot;copyright&quot;:&quot;&quot;,&quot;focal_length&quot;:&quot;0&quot;,&quot;iso&quot;:&quot;0&quot;,&quot;shutter_speed&quot;:&quot;0&quot;,&quot;title&quot;:&quot;&quot;}\" data-image-title=\"RRA110711[1]\" data-image-description=\"\" data-image-caption=\"&lt;p&gt;\u00abEL GOBERNADOR NO PUEDE ALTERAR DOCUMENTOS DEL LEGISLATIVO\u00bb&lt;\/p&gt;\n\" data-medium-file=\"https:\/\/i0.wp.com\/www.semioticafactual.com\/wp-content\/uploads\/2011\/07\/RRA1107111.jpg?fit=266%2C300&amp;ssl=1\" data-large-file=\"https:\/\/i0.wp.com\/www.semioticafactual.com\/wp-content\/uploads\/2011\/07\/RRA1107111.jpg?fit=800%2C902&amp;ssl=1\" tabindex=\"0\" role=\"button\" class=\"size-medium wp-image-985\" title=\"RRA110711[1]\" src=\"https:\/\/i0.wp.com\/www.semioticafactual.com\/wp-content\/uploads\/2011\/07\/RRA1107111-266x300.jpg?resize=266%2C300\" alt=\"\" width=\"266\" height=\"300\" srcset=\"https:\/\/i0.wp.com\/www.semioticafactual.com\/wp-content\/uploads\/2011\/07\/RRA1107111.jpg?resize=266%2C300&amp;ssl=1 266w, https:\/\/i0.wp.com\/www.semioticafactual.com\/wp-content\/uploads\/2011\/07\/RRA1107111.jpg?resize=908%2C1024&amp;ssl=1 908w, https:\/\/i0.wp.com\/www.semioticafactual.com\/wp-content\/uploads\/2011\/07\/RRA1107111.jpg?w=980&amp;ssl=1 980w\" sizes=\"(max-width: 266px) 100vw, 266px\" data-recalc-dims=\"1\" \/><\/a><p id=\"caption-attachment-985\" class=\"wp-caption-text\">&quot;EL GOBERNADOR NO PUEDE ALTERAR DOCUMENTOS DEL LEGISLATIVO&quot;<\/p><\/div>SEMIOICAFACTUAL.COM\/<strong>Hermosillo, Sonora a 11 de julio de 2011<\/strong><\/p>\n<p>De lamentable y penosa calific\u00f3 Roberto Ruibal la actitud asumida por el PAN, pues en el marco de la ilegalidad cometida por el Ejecutivo al publicar con alteraciones las reformas electorales, los diputados panistas incumplen con la obligaci\u00f3n de asistir a las sesiones del Pleno.<\/p>\n<p><strong>\u00a0<\/strong>Advirti\u00f3 que en el tema de las modificaciones hechas al decreto 110 referidas a las reformas electorales, los diputados de la Alianza PRI, Nueva Alianza y Verde Ecologista llegar\u00e1n hasta las \u00faltimas consecuencias jur\u00eddicas para hacer que se respeten las decisiones del Poder Legislativo.<\/p>\n<p>\u00a0El coordinador parlamentario del PRI dijo que ya se analizan las v\u00edas jur\u00eddicas para proceder, \u201ces sumamente delicada la actitud del Ejecutivo de trastocar y modificar una orden del Congreso del Estado\u201d.<\/p>\n<p>\u00a0Sin embargo, destac\u00f3 que esta no es la primera ocasi\u00f3n que ocurre, ya que la primera fue una omisi\u00f3n voluntaria al Presupuesto de Egresos del 2011 donde no se public\u00f3 el Bolet\u00edn Oficial del Gobierno del Estado un anexo que establec\u00eda los montos por escuela para la distribuci\u00f3n del Fondo de Infraestructura Educativa.<\/p>\n<p>\u00a0\u201cAhora quieren desvirtuar la discusi\u00f3n sobre la supuesta inconstitucionalidad de dos art\u00edculos que el Gobernador decidi\u00f3 excluir de la publicaci\u00f3n, porque no quieren reconocer que lo verdaderamente grave es que el Ejecutivo modifique una decisi\u00f3n tomada por el Congreso\u201d, asever\u00f3.<\/p>\n<p>\u00a0Al referirse a la inasistencia del PAN ala Sesi\u00f3n Extraordinariaconvocada para este lunes, Ruibal Astiazar\u00e1n expres\u00f3 que esta actitud demuestra que no existe el m\u00e1s m\u00ednimo respeto hacia los sonorenses y al Congreso del Estado.<\/p>\n<p>\u00a0Continu\u00f3 que la argumentaci\u00f3n de Acci\u00f3n Nacional para no asistir es absurda e invita a pensar que est\u00e1n siguiendo una \u201cl\u00ednea\u201d del Ejecutivo en el tema de los nombramientos de nuevos consejeros electorales, pues quieren dilatar el procedimiento para evitar que los cambios se realicen.<\/p>\n<p>\u00a0\u201cLa inmoralidad que cuestiona el PAN de algunos diputados no tiene sustento. Amoral es lo que est\u00e1 sucediendo en el CEE, la forma en c\u00f3mo se est\u00e1n dando los nombramientos y destituciones de funcionarios\u201d, enfatiz\u00f3.<\/p>\n<p>\u00a0Si existe disposici\u00f3n de los diputados panistas para proponer una terna de consejeros, que la pongan en la mesa o la hagan p\u00fablica para ver la posibilidad de llegar a acuerdos, dijo.<\/p>\n<p>\u00a0\u201cLo importante es tener claro\u00a0 que tanto el ejecutivo como el legislativo, nos debemos a los sonorenses y no es una actitud coherente y correcta la que est\u00e1 asumiendo el Ejecutivo y los diputados del PAN\u201d, puntualiz\u00f3.<\/p>\n","protected":false},"excerpt":{"rendered":"<p>SEMIOICAFACTUAL.COM\/Hermosillo, Sonora a 11 de julio de 2011 De lamentable y penosa calific\u00f3 Roberto Ruibal la actitud asumida por el PAN, pues en el marco de la ilegalidad cometida por el Ejecutivo al publicar con alteraciones las reformas electorales, los diputados panistas incumplen con la obligaci\u00f3n de asistir a las sesiones del Pleno. \u00a0Advirti\u00f3 que [&hellip;]<\/p>\n","protected":false},"author":1,"featured_media":0,"comment_status":"open","ping_status":"open","sticky":false,"template":"","format":"standard","meta":{"jetpack_post_was_ever_published":false,"_jetpack_newsletter_access":"","_jetpack_dont_email_post_to_subs":false,"_jetpack_newsletter_tier_id":0,"_jetpack_memberships_contains_paywalled_content":false,"_jetpack_memberships_contains_paid_content":false,"footnotes":"","jetpack_publicize_message":"","jetpack_publicize_feature_enabled":true,"jetpack_social_post_already_shared":false,"jetpack_social_options":{"image_generator_settings":{"template":"highway","enabled":false},"version":2}},"categories":[1,9,17],"tags":[],"jetpack_publicize_connections":[],"jetpack_featured_media_url":"","jetpack_shortlink":"https:\/\/wp.me\/p2mzaA-fS","jetpack_sharing_enabled":true,"jetpack_likes_enabled":true,"_links":{"self":[{"href":"https:\/\/www.semioticafactual.com\/index.php?rest_route=\/wp\/v2\/posts\/984"}],"collection":[{"href":"https:\/\/www.semioticafactual.com\/index.php?rest_route=\/wp\/v2\/posts"}],"about":[{"href":"https:\/\/www.semioticafactual.com\/index.php?rest_route=\/wp\/v2\/types\/post"}],"author":[{"embeddable":true,"href":"https:\/\/www.semioticafactual.com\/index.php?rest_route=\/wp\/v2\/users\/1"}],"replies":[{"embeddable":true,"href":"https:\/\/www.semioticafactual.com\/index.php?rest_route=%2Fwp%2Fv2%2Fcomments&post=984"}],"version-history":[{"count":1,"href":"https:\/\/www.semioticafactual.com\/index.php?rest_route=\/wp\/v2\/posts\/984\/revisions"}],"predecessor-version":[{"id":986,"href":"https:\/\/www.semioticafactual.com\/index.php?rest_route=\/wp\/v2\/posts\/984\/revisions\/986"}],"wp:attachment":[{"href":"https:\/\/www.semioticafactual.com\/index.php?rest_route=%2Fwp%2Fv2%2Fmedia&parent=984"}],"wp:term":[{"taxonomy":"category","embeddable":true,"href":"https:\/\/www.semioticafactual.com\/index.php?rest_route=%2Fwp%2Fv2%2Fcategories&post=984"},{"taxonomy":"post_tag","embeddable":true,"href":"https:\/\/www.semioticafactual.com\/index.php?rest_route=%2Fwp%2Fv2%2Ftags&post=984"}],"curies":[{"name":"wp","href":"https:\/\/api.w.org\/{rel}","templated":true}]}}