{"id":971,"date":"2011-07-11T16:44:32","date_gmt":"2011-07-11T16:44:32","guid":{"rendered":"http:\/\/www.semioticafactual.com\/?p=971"},"modified":"2011-07-11T16:44:32","modified_gmt":"2011-07-11T16:44:32","slug":"voz-sport-%e2%80%9cotra-vez-campeones-del-mundo%e2%80%9d","status":"publish","type":"post","link":"https:\/\/www.semioticafactual.com\/?p=971","title":{"rendered":"VOZ SPORT \u201cOtra vez Campeones del Mundo\u201d"},"content":{"rendered":"<p><strong>Por Rafael Renter\u00eda<\/strong><\/p>\n<p><a href=\"mailto:renteria_rafael@hotmail.com\"><strong>renteria_rafael@hotmail.com<\/strong><\/a><\/p>\n<p>&nbsp;<\/p>\n<div id=\"attachment_973\" style=\"width: 310px\" class=\"wp-caption alignleft\"><a class=\"highslide\" onclick=\"return vz.expand(this)\" href=\"https:\/\/i0.wp.com\/www.semioticafactual.com\/wp-content\/uploads\/2011\/07\/campeones-del-mundo.jpg\"><img loading=\"lazy\" decoding=\"async\" aria-describedby=\"caption-attachment-973\" data-attachment-id=\"973\" data-permalink=\"https:\/\/www.semioticafactual.com\/?attachment_id=973\" data-orig-file=\"https:\/\/i0.wp.com\/www.semioticafactual.com\/wp-content\/uploads\/2011\/07\/campeones-del-mundo.jpg?fit=500%2C295&amp;ssl=1\" data-orig-size=\"500,295\" data-comments-opened=\"1\" data-image-meta=\"{&quot;aperture&quot;:&quot;0&quot;,&quot;credit&quot;:&quot;&quot;,&quot;camera&quot;:&quot;&quot;,&quot;caption&quot;:&quot;&quot;,&quot;created_timestamp&quot;:&quot;0&quot;,&quot;copyright&quot;:&quot;&quot;,&quot;focal_length&quot;:&quot;0&quot;,&quot;iso&quot;:&quot;0&quot;,&quot;shutter_speed&quot;:&quot;0&quot;,&quot;title&quot;:&quot;&quot;}\" data-image-title=\"campeones del mundo\" data-image-description=\"\" data-image-caption=\"&lt;p&gt;\u00bb J\u00d3VENES CAMPEONES DEL MUNDO\u00bb&lt;\/p&gt;\n\" data-medium-file=\"https:\/\/i0.wp.com\/www.semioticafactual.com\/wp-content\/uploads\/2011\/07\/campeones-del-mundo.jpg?fit=300%2C177&amp;ssl=1\" data-large-file=\"https:\/\/i0.wp.com\/www.semioticafactual.com\/wp-content\/uploads\/2011\/07\/campeones-del-mundo.jpg?fit=500%2C295&amp;ssl=1\" tabindex=\"0\" role=\"button\" class=\"size-medium wp-image-973\" title=\"campeones del mundo\" src=\"https:\/\/i0.wp.com\/www.semioticafactual.com\/wp-content\/uploads\/2011\/07\/campeones-del-mundo-300x177.jpg?resize=300%2C177\" alt=\"\" width=\"300\" height=\"177\" srcset=\"https:\/\/i0.wp.com\/www.semioticafactual.com\/wp-content\/uploads\/2011\/07\/campeones-del-mundo.jpg?resize=300%2C177&amp;ssl=1 300w, https:\/\/i0.wp.com\/www.semioticafactual.com\/wp-content\/uploads\/2011\/07\/campeones-del-mundo.jpg?w=500&amp;ssl=1 500w\" sizes=\"(max-width: 300px) 100vw, 300px\" data-recalc-dims=\"1\" \/><\/a><p id=\"caption-attachment-973\" class=\"wp-caption-text\">&quot; J\u00d3VENES CAMPEONES DEL MUNDO&quot;<\/p><\/div>\n<p><strong>Hace 6 a\u00f1os la selecci\u00f3n mexicana de futbol sub 17 se coron\u00f3 por primera vez en la historia de ese deporte campeona del mundo, pero este 10 de julio del 2011 se volvi\u00f3 a repetir la gran haza\u00f1a.<\/strong><\/p>\n<p>De nueva cuenta ese grupo j\u00f3venes futbolistas mexicanos volvieron a darle una alegr\u00eda a un pa\u00eds al obtener por segunda ocasi\u00f3n en su historia otro t\u00edtulo mundial y con ello mandar el mensaje que las selecciones menores son m\u00e1s efectivas que la de los mayores.<\/p>\n<p>El 2-0 ante Uruguay en la final, por poco y se asemejaba al 3-0 de Per\u00fa en el 2005 ante Brasil. Aquella vez el actor principal fue <strong>Carlos<\/strong> <strong>Vela<\/strong> con sus goles, hoy fueron <strong>Antonio<\/strong> <strong>Brise\u00f1o<\/strong> y <strong>Giovanni<\/strong> <strong>Casillas.<\/strong> Y qu\u00e9 mejor que cerrar con broche de oro la marca perfecta del equipo de 7 ganados consecutivos que hacerlo ante un estadio Azteca que se lleno para ver ganar a los \u201c<strong>nuevos<\/strong> <strong>ni\u00f1os<\/strong> <strong>h\u00e9roes<\/strong> <strong>mexicanos<\/strong>\u201d.<\/p>\n<p>Quien tambi\u00e9n con ese campeonato ver\u00e1 elevar sus bonos ser\u00e1 el t\u00e9cnico de esa sub 17, <strong>Ra\u00fal<\/strong> el Potro <strong>Guti\u00e9rrez<\/strong> quien en su primera experiencia como director de una selecci\u00f3n nacional juvenil demostr\u00f3 que cuenta con la capacidad y el conocimiento que gano en las canchas del futbol mexicano por a\u00f1os y los cuales hoy se ven reflejados en un grupo de j\u00f3venes promesas ya de este deporte y con grandes cualidades para ser exportados a pa\u00edses europeos.<\/p>\n<p>Ya lo dec\u00edamos anteriormente: chamacos como <strong>Carlos<\/strong> <strong>Fierro<\/strong>, <strong>Julio<\/strong> <strong>G\u00f3mez<\/strong>, <strong>Giovanni<\/strong> <strong>Casillas<\/strong>, <strong>Jorge<\/strong> <strong>Espericueta<\/strong> y gran parte del resto de sus compa\u00f1eros deber\u00e1n de ser firmados por equipos de elite mundial o en otros de los casos tendr\u00e1n que formar parte ya de sus equipos en la primera divisi\u00f3n y darles mayores oportunidades y responsabilidades. Ojala no suceda como lo que paso en el 2005 cuando algunos jugadores dejaron de serlo, otros a\u00fan andan en el segunda divisi\u00f3n, algunos no terminan de despuntar en la m\u00e1xima categor\u00eda y el resto brilla e inclusive fuera del pa\u00eds.<\/p>\n<p>Aprendamos de ese t\u00edtulo tanto en lo bueno como en lo malo. Hay que aprender de los errores y que mejor oportunidad que esta donde de nueva cuenta M\u00e9xico resulta campe\u00f3n del mundo en un torneo avalado por la FIFA.<\/p>\n<p>Y en el caso del joven <strong>Carlos<\/strong> <strong>Fierro<\/strong> quien fue galardonado como el Bal\u00f3n de Oro de ese mundial, esperemos no le suceda lo mismo que a <strong>Carlos<\/strong> <strong>Vela<\/strong>, quien solo ha dado chispazos a cuenta gotas de la capacidad que mostro en el 2005. No dejen solo a ninguno de los chamacos de ese gran proyecto que es la selecci\u00f3n mexicana sub 17. No desperdicien esas joyas que solo necesitan pulirse y que mejor con minutos de juego\u2026\u2026\u2026\u2026\u2026\u2026\u2026\u2026\u2026\u2026\u2026\u2026\u2026..<\/p>\n<p>&nbsp;<\/p>\n<p><strong>Derek Jeter ya es el 28 jugador n\u00famero 28 en la historia de las mayores y el <\/strong>primero de los yanquis en llegar a los 3,000 hits en su carrera. Y que mejor si ese hit 3,000 llego a trav\u00e9s de un jonr\u00f3n. En cuanto al juego de estrellas que ser\u00e1 ma\u00f1ana, quiz\u00e1s fue la \u00faltima vez que pudo haber jugado ese partido pero pues por los motivos que dio hace d\u00edas declin\u00f3 el asistir.<\/p>\n<p><strong>En 31 jonrones cerr\u00f3 la primera <\/strong>parte de la campa\u00f1a el estelar dominicano de los Azulejos de Toronto <strong>Jos\u00e9<\/strong> <strong>Bautista<\/strong> y quien si las lesiones ni slumps lo visitan en lo que resta de la campa\u00f1a podr\u00eda superar\u00a0 f\u00e1cilmente la barrera de los 60 cuadrangulares. Y sin anab\u00f3licos. \u2026\u2026\u2026\u2026\u2026\u2026\u2026\u2026\u2026\u2026\u2026\u2026\u2026..<\/p>\n<p>&nbsp;<\/p>\n<p><strong>Los que dejaron para el otro fin la decisi\u00f3n <\/strong>de saber quien llegar\u00e1 a la final de la Liga Regional Norte de Beisbol, fueron los Universitarios de Hermosillo quienes al ir 3-1 arriba en la serie, perdieron este fin de semana dos y con ello dejar la serie empatada a 3 ante los Membrilleros de Magdalena. El ganador saldr\u00e1 del 7mo partido este s\u00e1bado 16 de julio en el estadio de la calle reforma.<\/p>\n<p><strong>Y finalmente este lunes se llevar\u00e1 a cabo el Derby de Cuadrangulares previo al juego de estrellas en Phoenix. Adrian<\/strong> <strong>Gonz\u00e1lez<\/strong> representar\u00e1 a los latinos y esperamos que pueda ganar esa competencia. Pero cabe se\u00f1alar que en el partido de este martes ser\u00e1 algo especial ya que varias de las estrellas que fueron votados por los aficionados no acudir\u00e1n por varios motivos como Derek Jeter, Alex Rodr\u00edguez, CC Sabathia, Mariano Rivera, todos de Yanquis; tambi\u00e9n David Price y James Shields (Tampa Bay), Justin Verlander (Tigres) y F\u00e9lix Hern\u00e1ndez (Seattle).<\/p>\n<p>Por parte de la Nacional no ver\u00e1n acci\u00f3n: Cole Hamel y Placido Polanco (Filis), Chipper Jones (Atlanta) y Jos\u00e9 Reyes (Mets). Lo m\u00e1s curioso de todos los casos es que Sabathia y Verlander, dos de los mejores lanzadores de las mayores no fueron seleccionados por los aficionados.<\/p>\n<p>&nbsp;<\/p>\n<p>&nbsp;<\/p>\n<p>&nbsp;<\/p>\n","protected":false},"excerpt":{"rendered":"<p>Por Rafael Renter\u00eda renteria_rafael@hotmail.com &nbsp; Hace 6 a\u00f1os la selecci\u00f3n mexicana de futbol sub 17 se coron\u00f3 por primera vez en la historia de ese deporte campeona del mundo, pero este 10 de julio del 2011 se volvi\u00f3 a repetir la gran haza\u00f1a. De nueva cuenta ese grupo j\u00f3venes futbolistas mexicanos volvieron a darle una [&hellip;]<\/p>\n","protected":false},"author":1,"featured_media":0,"comment_status":"open","ping_status":"open","sticky":false,"template":"","format":"standard","meta":{"jetpack_post_was_ever_published":false,"_jetpack_newsletter_access":"","_jetpack_dont_email_post_to_subs":false,"_jetpack_newsletter_tier_id":0,"_jetpack_memberships_contains_paywalled_content":false,"_jetpack_memberships_contains_paid_content":false,"footnotes":"","jetpack_publicize_message":"","jetpack_publicize_feature_enabled":true,"jetpack_social_post_already_shared":false,"jetpack_social_options":{"image_generator_settings":{"template":"highway","enabled":false},"version":2}},"categories":[21,6],"tags":[],"jetpack_publicize_connections":[],"jetpack_featured_media_url":"","jetpack_shortlink":"https:\/\/wp.me\/p2mzaA-fF","jetpack_sharing_enabled":true,"jetpack_likes_enabled":true,"_links":{"self":[{"href":"https:\/\/www.semioticafactual.com\/index.php?rest_route=\/wp\/v2\/posts\/971"}],"collection":[{"href":"https:\/\/www.semioticafactual.com\/index.php?rest_route=\/wp\/v2\/posts"}],"about":[{"href":"https:\/\/www.semioticafactual.com\/index.php?rest_route=\/wp\/v2\/types\/post"}],"author":[{"embeddable":true,"href":"https:\/\/www.semioticafactual.com\/index.php?rest_route=\/wp\/v2\/users\/1"}],"replies":[{"embeddable":true,"href":"https:\/\/www.semioticafactual.com\/index.php?rest_route=%2Fwp%2Fv2%2Fcomments&post=971"}],"version-history":[{"count":2,"href":"https:\/\/www.semioticafactual.com\/index.php?rest_route=\/wp\/v2\/posts\/971\/revisions"}],"predecessor-version":[{"id":976,"href":"https:\/\/www.semioticafactual.com\/index.php?rest_route=\/wp\/v2\/posts\/971\/revisions\/976"}],"wp:attachment":[{"href":"https:\/\/www.semioticafactual.com\/index.php?rest_route=%2Fwp%2Fv2%2Fmedia&parent=971"}],"wp:term":[{"taxonomy":"category","embeddable":true,"href":"https:\/\/www.semioticafactual.com\/index.php?rest_route=%2Fwp%2Fv2%2Fcategories&post=971"},{"taxonomy":"post_tag","embeddable":true,"href":"https:\/\/www.semioticafactual.com\/index.php?rest_route=%2Fwp%2Fv2%2Ftags&post=971"}],"curies":[{"name":"wp","href":"https:\/\/api.w.org\/{rel}","templated":true}]}}