{"id":966,"date":"2011-07-11T16:19:04","date_gmt":"2011-07-11T16:19:04","guid":{"rendered":"http:\/\/www.semioticafactual.com\/?p=966"},"modified":"2011-07-11T16:19:04","modified_gmt":"2011-07-11T16:19:04","slug":"la-reforma-hacendaria-y-los-convenios-fiscales-entre-la-federacion-y-los-estados","status":"publish","type":"post","link":"https:\/\/www.semioticafactual.com\/?p=966","title":{"rendered":"LA REFORMA HACENDARIA Y LOS CONVENIOS FISCALES ENTRE LA FEDERACI\u00d3N Y LOS ESTADOS"},"content":{"rendered":"<p align=\"center\"><strong>LA REFORMA HACENDARIA Y LOS CONVENIOS FISCALES ENTRE LA FEDERACI\u00d3N Y LOS ESTADOS <\/strong><\/p>\n<p>En El Colegio Nacional de Economistas, celebramos el \u00faltimo Foro Regional\u00a0 -el octavo-\u00a0 en la ciudad de Veracruz, a finales de la semana pasada;\u00a0 y como en los siete foros anteriores, los participantes de la regi\u00f3n Este, Tabasco y Veracruz, aportaron ideas para Un Nuevo Proyecto Nacional de Desarrollo, como parte de la consulta abierta y plural que venimos haciendo desde finales del a\u00f1o pasado.<\/p>\n<p>Las participaciones se centraron en la \u201cReforma de la Pol\u00edtica Social para la Equidad\u201d, la \u201cReconstrucci\u00f3n de las \u201cHaciendas P\u00fablicas\u201d, la \u201cReforma Monetaria y Financiera\u201d, y\u00a0 en el \u201cDesarrollo Regional y Competitividad\u201d.<\/p>\n<p>Particularmente significativos fueron los planteamientos en torno a la relaci\u00f3n fiscal entre la Federaci\u00f3n y los Estados, en materia del ejercicio de la potestad tributaria. En ese tema hablaron de sus experiencias y percepciones, el Secretario de Finanzas y Planeaci\u00f3n del Estado de Veracruz, Mtro. Tom\u00e1s Jos\u00e9 Ruiz Gonz\u00e1lez, y la C. P. Lilia Eugenia Sevilla Su\u00e1rez, Subsecretaria de Ingresos de la Secretar\u00eda de Administraci\u00f3n y Finanzas del Estado de Tabasco.<\/p>\n<p>Cada uno expres\u00f3 su sentir en torno a los problemas que se han\u00a0 gestado, a lo largo del tiempo, entre la Secretar\u00eda de Hacienda y las Secretar\u00edas de Finanzas de los Estados, al momento de ejercer sobre la base de los Convenios Fiscales entre la Federaci\u00f3n y los Estados.<\/p>\n<p>La Subsecretaria de Ingresos de Tabasco, se refiri\u00f3 a las complejas adecuaciones que tienen que hacerse en los Estados para adecuar el egreso correspondiente a los ingresos recaudados, que no siempre cuadran.<\/p>\n<p>Columna\/semanal<\/p>\n<p>Jes\u00fas\u00a0Alberto Cano\u00a0V\u00e9lez<\/p>\n<p>El Secretario Tom\u00e1s Jos\u00e9 Ru\u00edz Gonz\u00e1lez, sostuvo que en M\u00e9xico la potestad tributaria corresponde,\u00a0 por igual,\u00a0 a los Estados y a la Federaci\u00f3n, y que el Convenio se ha hecho necesario para poner orden en esa actividad tan importante y evitar confusiones por los ajustes que se han hecho necesarios en la pr\u00e1ctica, al momento de ejercer dicha potestad.<\/p>\n<p>Por mi parte, yo relat\u00e9 mis experiencias como Secretario de la Comisi\u00f3n de Presupuesto en la C\u00e1mara de Diputados, y los efectos de las modificaciones que se dan al momento de ejercer dicha potestad para asegurar cumplimiento con lo autorizado por la C\u00e1mara.<\/p>\n<p>&nbsp;<\/p>\n<div id=\"attachment_967\" style=\"width: 190px\" class=\"wp-caption alignleft\"><a class=\"highslide\" onclick=\"return vz.expand(this)\" href=\"https:\/\/i0.wp.com\/www.semioticafactual.com\/wp-content\/uploads\/2011\/07\/cano-velez3-COLUMNA.jpg\"><img loading=\"lazy\" decoding=\"async\" aria-describedby=\"caption-attachment-967\" data-attachment-id=\"967\" data-permalink=\"https:\/\/www.semioticafactual.com\/?attachment_id=967\" data-orig-file=\"https:\/\/i0.wp.com\/www.semioticafactual.com\/wp-content\/uploads\/2011\/07\/cano-velez3-COLUMNA.jpg?fit=180%2C235&amp;ssl=1\" data-orig-size=\"180,235\" data-comments-opened=\"1\" data-image-meta=\"{&quot;aperture&quot;:&quot;0&quot;,&quot;credit&quot;:&quot;&quot;,&quot;camera&quot;:&quot;&quot;,&quot;caption&quot;:&quot;&quot;,&quot;created_timestamp&quot;:&quot;0&quot;,&quot;copyright&quot;:&quot;&quot;,&quot;focal_length&quot;:&quot;0&quot;,&quot;iso&quot;:&quot;0&quot;,&quot;shutter_speed&quot;:&quot;0&quot;,&quot;title&quot;:&quot;&quot;}\" data-image-title=\"cano velez3 COLUMNA\" data-image-description=\"\" data-image-caption=\"&lt;p&gt;\u00abMiembro activo de El Colegio Nacional de Economistas\u00bb&lt;\/p&gt;\n\" data-medium-file=\"https:\/\/i0.wp.com\/www.semioticafactual.com\/wp-content\/uploads\/2011\/07\/cano-velez3-COLUMNA.jpg?fit=180%2C235&amp;ssl=1\" data-large-file=\"https:\/\/i0.wp.com\/www.semioticafactual.com\/wp-content\/uploads\/2011\/07\/cano-velez3-COLUMNA.jpg?fit=180%2C235&amp;ssl=1\" tabindex=\"0\" role=\"button\" class=\"size-full wp-image-967\" title=\"cano velez3 COLUMNA\" src=\"https:\/\/i0.wp.com\/www.semioticafactual.com\/wp-content\/uploads\/2011\/07\/cano-velez3-COLUMNA.jpg?resize=180%2C235\" alt=\"\" width=\"180\" height=\"235\" data-recalc-dims=\"1\" \/><\/a><p id=\"caption-attachment-967\" class=\"wp-caption-text\">&quot;Miembro activo de El Colegio Nacional de Economistas&quot;<\/p><\/div>\n<p>En materia de la Reconstrucci\u00f3n de las Haciendas P\u00fablicas, la intervenci\u00f3n del Lic. Jorge Tamayo L\u00f3pez Portillo, Coordinador Ejecutivo del Consejo Asesor Consultivo de Expresidentes de El Colegio Nacional de Economistas, subray\u00f3 la importancia de la madre de todas las reformas\u00a0 -la hacendaria- que para que las dem\u00e1s puedan surtir sus efectos redistributivos, es fundamental para generar los recursos que se puedan orientar a proyectos que disminuyan la pobreza.<\/p>\n<p>&nbsp;<\/p>\n<p>Posteriormente, la pol\u00edtica financiera, a trav\u00e9s de una real banca de desarrollo, podr\u00e1 jugar un papel complementario crucial, al canalizar recursos de cr\u00e9dito a segmentos pobres de la poblaci\u00f3n, que permitir\u00e1n generar los ingresos de los proyectos productivos que reciban financiamientos.<\/p>\n<p>A partir de los Foros Regionales, que ya concluyeron, seguir\u00e1n dos Foros Tem\u00e1ticos, con la participaci\u00f3n de los m\u00e1s conocedores de los diversos temas, que integrar\u00e1n el sentir expresado en los Foros Regionales.\u00a0 El primero sesionar\u00e1 en Toluca, Estado de M\u00e9xico, y el segundo en la Ciudad de M\u00e9xico.<\/p>\n<p>&#8211;\u00a0\u00a0\u00a0\u00a0\u00a0\u00a0 <em>Diputado Federal de la LXI Legislatura por la primera circunscripci\u00f3n donde se desempe\u00f1a como Secretario de la Comisi\u00f3n de Presupuesto y Cuenta P\u00fablica, e integrante de la Comisi\u00f3n de Hacienda y Cr\u00e9dito P\u00fablico.<\/em><\/p>\n<p><em>Presidente del Consejo Nacional Directivo de El Colegio Nacional de Economistas<\/em><\/p>\n","protected":false},"excerpt":{"rendered":"<p>LA REFORMA HACENDARIA Y LOS CONVENIOS FISCALES ENTRE LA FEDERACI\u00d3N Y LOS ESTADOS En El Colegio Nacional de Economistas, celebramos el \u00faltimo Foro Regional\u00a0 -el octavo-\u00a0 en la ciudad de Veracruz, a finales de la semana pasada;\u00a0 y como en los siete foros anteriores, los participantes de la regi\u00f3n Este, Tabasco y Veracruz, aportaron ideas [&hellip;]<\/p>\n","protected":false},"author":1,"featured_media":0,"comment_status":"open","ping_status":"open","sticky":false,"template":"","format":"standard","meta":{"jetpack_post_was_ever_published":false,"_jetpack_newsletter_access":"","_jetpack_dont_email_post_to_subs":false,"_jetpack_newsletter_tier_id":0,"_jetpack_memberships_contains_paywalled_content":false,"_jetpack_memberships_contains_paid_content":false,"footnotes":"","jetpack_publicize_message":"","jetpack_publicize_feature_enabled":true,"jetpack_social_post_already_shared":false,"jetpack_social_options":{"image_generator_settings":{"template":"highway","enabled":false},"version":2}},"categories":[21,1,14],"tags":[],"jetpack_publicize_connections":[],"jetpack_featured_media_url":"","jetpack_shortlink":"https:\/\/wp.me\/p2mzaA-fA","jetpack_sharing_enabled":true,"jetpack_likes_enabled":true,"_links":{"self":[{"href":"https:\/\/www.semioticafactual.com\/index.php?rest_route=\/wp\/v2\/posts\/966"}],"collection":[{"href":"https:\/\/www.semioticafactual.com\/index.php?rest_route=\/wp\/v2\/posts"}],"about":[{"href":"https:\/\/www.semioticafactual.com\/index.php?rest_route=\/wp\/v2\/types\/post"}],"author":[{"embeddable":true,"href":"https:\/\/www.semioticafactual.com\/index.php?rest_route=\/wp\/v2\/users\/1"}],"replies":[{"embeddable":true,"href":"https:\/\/www.semioticafactual.com\/index.php?rest_route=%2Fwp%2Fv2%2Fcomments&post=966"}],"version-history":[{"count":2,"href":"https:\/\/www.semioticafactual.com\/index.php?rest_route=\/wp\/v2\/posts\/966\/revisions"}],"predecessor-version":[{"id":970,"href":"https:\/\/www.semioticafactual.com\/index.php?rest_route=\/wp\/v2\/posts\/966\/revisions\/970"}],"wp:attachment":[{"href":"https:\/\/www.semioticafactual.com\/index.php?rest_route=%2Fwp%2Fv2%2Fmedia&parent=966"}],"wp:term":[{"taxonomy":"category","embeddable":true,"href":"https:\/\/www.semioticafactual.com\/index.php?rest_route=%2Fwp%2Fv2%2Fcategories&post=966"},{"taxonomy":"post_tag","embeddable":true,"href":"https:\/\/www.semioticafactual.com\/index.php?rest_route=%2Fwp%2Fv2%2Ftags&post=966"}],"curies":[{"name":"wp","href":"https:\/\/api.w.org\/{rel}","templated":true}]}}