{"id":957,"date":"2011-07-11T15:56:43","date_gmt":"2011-07-11T15:56:43","guid":{"rendered":"http:\/\/www.semioticafactual.com\/?p=957"},"modified":"2011-07-11T15:56:43","modified_gmt":"2011-07-11T15:56:43","slug":"opinion%e2%80%a6-por-roberto-dyke-rivera","status":"publish","type":"post","link":"https:\/\/www.semioticafactual.com\/?p=957","title":{"rendered":"OPINI\u00d3N\u2026 Por: Roberto Dyke Rivera"},"content":{"rendered":"<p><strong>Golpeteo contra el SNTE\u2026 y en Guaymas, pr\u00f3xima \u201celecci\u00f3n de Estado\u201d<\/strong><\/p>\n<p>ESCANDALERA nacional, por los acuerdos a los que lleg\u00f3 el presidente Felipe Calder\u00f3n con Elba Esther Gordillo, la jefa del SNTE, que golpea fuerte, adem\u00e1s, a la diputada federal, Josefina V\u00e1zquez Mota, en los momentos en que \u00e9sta es, hacia el interior del PAN, la favorita para ganar la candidatura presidencial del 2012.<\/p>\n<p>Los severos cuestionamientos contra Elba Esther, es obvio, tienden a debilitarla, a quitarle fuerza de negociaci\u00f3n\u2026 esa negociaci\u00f3n que hace rato efect\u00faa lo mismo con el PRI que con el PAN en las elecciones en los estados de la Rep\u00fablica.<\/p>\n<p>Es claro el objetivo de la campa\u00f1a contra Elba Esther: Impedir que pueda negociar y perpetuar su poder sindicalista\u2026 y al reiterar, el ex dirigente nacional del PAN, Manuel Espino Barrientos, que la dirigente negoci\u00f3 posiciones con Felipe Calder\u00f3n, lo que se busca es evitar que llegue a acuerdos similares, pero con el candidato del PRI.<\/p>\n<p>En todo caso, si de \u201cverg\u00fcenzas\u201d se trata, se deber\u00eda atender las declaraciones de Andr\u00e9s Manuel L\u00f3pez Obrador. Las alianzas PAN y PRD en elecciones locales, son ejemplos de alta traici\u00f3n a los principios y objetivos de la izquierda en este pa\u00eds, a cambio del mezquino intercambio de prebendas.<\/p>\n<p>As\u00ed, la derecha se ha tragado a la izquierda, que vive feliz en la orilla del presupuesto, a cambio de abandonar la lucha de los trabajadores\u2026 por lo que, en el universo pol\u00edtico nacional, el \u00fanico que se mantiene como una luz para el inter\u00e9s de los m\u00e1s jodidos, sigue siendo AMLO\u2026 el resto de la \u201cizquierda\u201d, son uno felices bur\u00f3cratas, marionetas de los panistas en el poder.<\/p>\n<p>El caso es, apenas se andaba acercando Elba Esther, con comentarios amistosos a Enrique Pe\u00f1a Nieto\u2026 \u00a1Y zas!, que le empiezan con un campa\u00f1\u00f3n de miedo.<\/p>\n<p>IGNORO HASTA d\u00f3nde, esta campa\u00f1a pueda afectar los intereses regionales del SNTE\u2026 m\u00e1s concretamente en Sonora, los propios de Emigdio Coronado Acu\u00f1a, el gordito jefe de la secci\u00f3n 54 del SNTE, y los propios de Ferm\u00edn Borb\u00f3n Cota, de la Secci\u00f3n 28.<\/p>\n<p>&nbsp;<\/p>\n<p>Es claro que ambos dirigentes, tienen el colmillo bastante desarrollado \u2013 y el poder \u2013 para ejercer cierta influencia y control entre sus huestes\u2026 y es entendible porque este poder les viene \u201cde arriba\u201d\u2026<\/p>\n<p>Por eso, cuando se habla de un ambiente enrarecido para el liderazgo nacional\u2026 el resto de la estructura tambi\u00e9n se debilita\u2026 con todo y que por manejo de recursos econ\u00f3micos, no paren.<\/p>\n<p>Habr\u00e1 que ver, hasta qu\u00e9 grado avanza o se deja avanzar el frente de guerra que manos poderosas le han abierto a Elba Esther Gordillo.<\/p>\n<p>EN GUAYMAS, Susana Corella arras\u00f3 en las elecciones internas del Comit\u00e9 Municipal del PRI, visti\u00e9ndose de l\u00edder por 103 votos contra 52 que recibi\u00f3 el otro aspirante, Pedro Romano, en elecci\u00f3n del Consejo Pol\u00edtico.<\/p>\n<p>La lectura de esta elecci\u00f3n es bastante obvia: El diputado local, Otto Claussen Iberri, result\u00f3 ganador\u2026 el diputado federal, Jos\u00e9 Luis Marcos Le\u00f3n Perea, result\u00f3 perdedor.<\/p>\n<p>Y si hacemos caso a las m\u00e1s recientes encuestas, en las que el posicionamiento del Otto entre la base militante, se coloca por encima de Le\u00f3n Perea, es comprensible comentar que el pri\u00edsmo guaymense parece ya tener candidato para la presidencia municipal.<\/p>\n<p>&nbsp;<\/p>\n<p>Si el m\u00e9todo de elecci\u00f3n de la candidatura es por Consejo\u2026 la gana Claussen; y si es por encuesta o mejor posicionado, igual ser\u00e1 el citado diputado local.<\/p>\n<p>Faltar\u00eda que efectivamente el grupo que apoy\u00f3 a Pedro Romano evite chocar y no insista con sus loas y reconocimientos a las autoridades panistas\u2026 para poder afirmar que el PRI va a ir unido en la pr\u00f3xima elecci\u00f3n municipal.<\/p>\n<p>PORQUE, con todo y los pasos exitosos que se han dado\u2026 lo cierto es que el empresario presidente de la Alianza de Ribere\u00f1os y Armadores por un Nuevo Sonora, el panista Manuel Aguilar Ju\u00e1rez, parece traer la marca del gobernador Guillermo Padr\u00e9s El\u00edas.<\/p>\n<p>Es decir, en Guaymas, para muchos la joya de la corona, se perfila una \u201celecci\u00f3n de Estado\u201d, como se da en llamar a eventos en los que los intereses que se disputan son elevados.<\/p>\n<p>Manuel anda en todos los portales de noticias\u2026 de \u00e9l se habla en muchas columnas de opini\u00f3n\u2026 donde se asienta el padrinazgo que aqu\u00ed comentamos\u2026 y hasta el momento, en el panismo nadie se nota molesto por semejante alusi\u00f3n.<\/p>\n<p>ES DECIR, el Otto Claussen y el pri\u00edsmo que dirige Claudia Pavlovich en Sonora y Susana Corella, en el caso de Guaymas, se van a enfrentar con grandes intereses.<\/p>\n<p>Faltar\u00eda decir, que con Enrique Pe\u00f1a Nieto o Manlio Fabio Beltrones (contra cualquiera del PAN) como candidato a la Presidencia de la Rep\u00fablica, a nadie sorprender\u00eda que el PRI recupere la alcald\u00eda guaymense.<\/p>\n<p>\u00bfPor qu\u00e9 desde\u00f1o las posibilidades de Le\u00f3n Perea?.. Porque se qued\u00f3 al margen de todos \u2013 as\u00ed: \u00a1de todos! \u2013 los grupos pol\u00edticos: El grupo del \u201cTo\u00f1o\u201d que es el propio del ex gobernador Eduardo Bours Castelo, con nexos con el presidenciable Pe\u00f1a Nieto, no est\u00e1 con \u00e9l.<\/p>\n<p>&nbsp;<\/p>\n<p>El grupo que dirige Claudia Pavlovich, que es el propio de Manlio Fabio Beltrones, est\u00e1 a favor del diputado local Claussen.<\/p>\n<p>Y al quedarse solitario, alejado de los intereses del momento, decidi\u00f3 el absurdo de \u201chacer presi\u00f3n\u201d con el locuaz de Germ\u00e1n Uribe Corona, quien al \u00faltimo momento \u2013 lo inform\u00f3 el Director de La Voz del Puerto, Jos\u00e9 Luis B\u00f3rquez Rivas \u2013 dej\u00f3 su \u201ctiradero\u201d y se fue de vacaciones.<\/p>\n<p>&nbsp;<\/p>\n<p>As\u00ed que, el buenazo de Le\u00f3n Perea fue avasallado\u2026 y cr\u00e9anme, el galeno a\u00fan tiene alguna gente en Guaymas que le tiene mucha confianza, por su calidad humana, por su actitud atenta.<\/p>\n<p>Pues s\u00ed\u2026 pero con eso no se gana\u2026 igual hay que ser zorro, y tener siempre a mano el mapa de los movimientos pol\u00edticos\u2026 y parece que Le\u00f3n vio venir los ajustes espectaculares en el partido, y no movi\u00f3 ni el dedo chiquito de su pie izquierdo\u2026 y eso fue grave.<\/p>\n<p>&nbsp;<\/p>\n<p>MIENTRAS, Enrique Torres, el diputado federal del PAN, navega en aguas grises\u2026 pese a sudar la pelonera \u2013 bueno, lo ayuda la gorra \u2013 que si es un gusto en los cincuenta mil eventos a los que acude\u2026 no levanta su popularidad entre los panistas.<\/p>\n<p>Est\u00e1 claro que Enrique no es del visto bueno del poder estatal\u2026 de hecho, se le ve con marcada indiferencia\u2026 como uno m\u00e1s del mont\u00f3n.<\/p>\n<p>&nbsp;<\/p>\n<p>Y aunque \u00e9l insiste que habr\u00e1 de ganar las elecciones internas para ser candidato a senador, las carcajadas que genera esa afirmaci\u00f3n se escuchan sonoras all\u00e1 en las oficinas azules del vado del r\u00edo\u2026 con eco terrible en las cercan\u00edas del Palacio.<\/p>\n<p>&nbsp;<\/p>\n<p>En las listas de los que mandan, el nombre del diputado Torres no aparece\u2026 \u00a1Ni de broma!<\/p>\n<p>&nbsp;<\/p>\n<p>Hasta pronto<\/p>\n<p>&nbsp;<\/p>\n","protected":false},"excerpt":{"rendered":"<p>Golpeteo contra el SNTE\u2026 y en Guaymas, pr\u00f3xima \u201celecci\u00f3n de Estado\u201d ESCANDALERA nacional, por los acuerdos a los que lleg\u00f3 el presidente Felipe Calder\u00f3n con Elba Esther Gordillo, la jefa del SNTE, que golpea fuerte, adem\u00e1s, a la diputada federal, Josefina V\u00e1zquez Mota, en los momentos en que \u00e9sta es, hacia el interior del PAN, [&hellip;]<\/p>\n","protected":false},"author":1,"featured_media":0,"comment_status":"open","ping_status":"open","sticky":false,"template":"","format":"standard","meta":{"jetpack_post_was_ever_published":false,"_jetpack_newsletter_access":"","_jetpack_dont_email_post_to_subs":false,"_jetpack_newsletter_tier_id":0,"_jetpack_memberships_contains_paywalled_content":false,"_jetpack_memberships_contains_paid_content":false,"footnotes":"","jetpack_publicize_message":"","jetpack_publicize_feature_enabled":true,"jetpack_social_post_already_shared":false,"jetpack_social_options":{"image_generator_settings":{"template":"highway","enabled":false},"version":2}},"categories":[21],"tags":[],"jetpack_publicize_connections":[],"jetpack_featured_media_url":"","jetpack_shortlink":"https:\/\/wp.me\/p2mzaA-fr","jetpack_sharing_enabled":true,"jetpack_likes_enabled":true,"_links":{"self":[{"href":"https:\/\/www.semioticafactual.com\/index.php?rest_route=\/wp\/v2\/posts\/957"}],"collection":[{"href":"https:\/\/www.semioticafactual.com\/index.php?rest_route=\/wp\/v2\/posts"}],"about":[{"href":"https:\/\/www.semioticafactual.com\/index.php?rest_route=\/wp\/v2\/types\/post"}],"author":[{"embeddable":true,"href":"https:\/\/www.semioticafactual.com\/index.php?rest_route=\/wp\/v2\/users\/1"}],"replies":[{"embeddable":true,"href":"https:\/\/www.semioticafactual.com\/index.php?rest_route=%2Fwp%2Fv2%2Fcomments&post=957"}],"version-history":[{"count":2,"href":"https:\/\/www.semioticafactual.com\/index.php?rest_route=\/wp\/v2\/posts\/957\/revisions"}],"predecessor-version":[{"id":959,"href":"https:\/\/www.semioticafactual.com\/index.php?rest_route=\/wp\/v2\/posts\/957\/revisions\/959"}],"wp:attachment":[{"href":"https:\/\/www.semioticafactual.com\/index.php?rest_route=%2Fwp%2Fv2%2Fmedia&parent=957"}],"wp:term":[{"taxonomy":"category","embeddable":true,"href":"https:\/\/www.semioticafactual.com\/index.php?rest_route=%2Fwp%2Fv2%2Fcategories&post=957"},{"taxonomy":"post_tag","embeddable":true,"href":"https:\/\/www.semioticafactual.com\/index.php?rest_route=%2Fwp%2Fv2%2Ftags&post=957"}],"curies":[{"name":"wp","href":"https:\/\/api.w.org\/{rel}","templated":true}]}}