{"id":954,"date":"2011-07-09T03:32:44","date_gmt":"2011-07-09T03:32:44","guid":{"rendered":"http:\/\/www.semioticafactual.com\/?p=954"},"modified":"2011-07-09T03:32:44","modified_gmt":"2011-07-09T03:32:44","slug":"opinion%e2%80%a6","status":"publish","type":"post","link":"https:\/\/www.semioticafactual.com\/?p=954","title":{"rendered":"OPINI\u00d3N\u2026"},"content":{"rendered":"<p><strong><a class=\"highslide\" onclick=\"return vz.expand(this)\" href=\"https:\/\/i0.wp.com\/www.semioticafactual.com\/wp-content\/uploads\/2011\/07\/bebo.jpg\"><img loading=\"lazy\" decoding=\"async\" data-attachment-id=\"955\" data-permalink=\"https:\/\/www.semioticafactual.com\/?attachment_id=955\" data-orig-file=\"https:\/\/i0.wp.com\/www.semioticafactual.com\/wp-content\/uploads\/2011\/07\/bebo.jpg?fit=141%2C234&amp;ssl=1\" data-orig-size=\"141,234\" data-comments-opened=\"1\" data-image-meta=\"{&quot;aperture&quot;:&quot;0&quot;,&quot;credit&quot;:&quot;&quot;,&quot;camera&quot;:&quot;&quot;,&quot;caption&quot;:&quot;&quot;,&quot;created_timestamp&quot;:&quot;0&quot;,&quot;copyright&quot;:&quot;&quot;,&quot;focal_length&quot;:&quot;0&quot;,&quot;iso&quot;:&quot;0&quot;,&quot;shutter_speed&quot;:&quot;0&quot;,&quot;title&quot;:&quot;&quot;}\" data-image-title=\"bebo\" data-image-description=\"\" data-image-caption=\"\" data-medium-file=\"https:\/\/i0.wp.com\/www.semioticafactual.com\/wp-content\/uploads\/2011\/07\/bebo.jpg?fit=141%2C234&amp;ssl=1\" data-large-file=\"https:\/\/i0.wp.com\/www.semioticafactual.com\/wp-content\/uploads\/2011\/07\/bebo.jpg?fit=141%2C234&amp;ssl=1\" tabindex=\"0\" role=\"button\" class=\"alignleft size-full wp-image-955\" title=\"bebo\" src=\"https:\/\/i0.wp.com\/www.semioticafactual.com\/wp-content\/uploads\/2011\/07\/bebo.jpg?resize=141%2C234\" alt=\"\" width=\"141\" height=\"234\" data-recalc-dims=\"1\" \/><\/a>* Carlos Zatar\u00e1in: \u201cDe n\u00famero dos para el Senado, y ganamos\u201d\u2026 Claudia, sigue incansable.<\/strong><\/p>\n<p>Por: Roberto Dyke Rivera<\/p>\n<p>\u00a1SE CALIENTA el tendedero! El ex alcalde Guaymas, Carlos Zatar\u00e1in Gonz\u00e1lez lanz\u00f3 un reto: Yo quiero ser senador, pero a diferencia de los que buscan asegurarse como el n\u00famero uno en la f\u00f3rmula, a mi me interesa ser el n\u00famero dos.<\/p>\n<p>Por qu\u00e9: Porque yo creo que me puedo ganar el voto de los sonorenses, a\u00fan y cuando no vaya en el peleado primer\u00edsimo lugar. Y porque adem\u00e1s \u2013 nos dice \u2013 \u201cyo s\u00ed me la juego con mi partido, el PRI\u201d.<\/p>\n<p>Y bueno, a mi no me queda sino comentar: \u00a1Ah\u00ed te hablan \u201cPato\u201d de Lucas\u2026 ah\u00ed te hablan \u201cBorrego\u201d G\u00e1ndara\u2026 y ya entrados: ah\u00ed te hablan Roberto Ruibal\u201d.<\/p>\n<p>AYER ANDABA en Guaymas Carlos Zatar\u00e1in. Vol\u00f3 \u2013 desdela Ciudadde M\u00e9xico \u2013 para votar en la elecci\u00f3n interna para elegir al nuevo dirigente del PRI municipal, en una jornada especialmente caliente, donde se enfrentaron: Susana Corella y Pedro Romano.<\/p>\n<p>Carlos vot\u00f3 por Pedro, porque este muchacho as\u00ed se lo pidi\u00f3\u2026 y no porque le anduviera siguiendo el \u201crollo\u201d al lococh\u00f3n de Germ\u00e1n Uribe Corona\u2026 simplemente, por amistad.<\/p>\n<p>EL CASO es, el compa Zatar\u00e1in anda enla Ciudad de M\u00e9xico apoyando a su amigo Emilio Gamboa Patr\u00f3n, jefe nacional dela CNOP, en acciones de reestructuraci\u00f3n en varios estados del pa\u00eds.<\/p>\n<p>Es decir, se meti\u00f3 de lleno a la pol\u00edtica en aquellos niveles, desde la cual se promover\u00e1 ahora \u201clevantando la mano\u201d\u2026 al expresar, a su estilo bronco de toda la vida: \u00a1No le saquen, yo s\u00ed le entro, en Sonora, como segundo en la f\u00f3rmula para el Senado, y les aseguro que ganamos!<\/p>\n<p>Claro, el afamado \u201cBebo\u201d Zatar\u00e1in le apuesta a su estilo abierto\u2026 por\u00a0 ser quien en sus posiciones pol\u00edticas y p\u00fablicas jam\u00e1s le ha robado nada a nadie. Y as\u00ed, con las manos limpias, est\u00e1 listo para ir a pedir el voto.<\/p>\n<p>Me pregunto: \u00bfCu\u00e1ntos m\u00e1s no se han robado nada y andar\u00e1n pidiendo el voto en las elecciones federales del 2012?<\/p>\n<p>POR LO PRONTO, cuando llegamos a la oficina del diputado local, Roberto Ruibal, nos recibi\u00f3 su Enrique Erro de toda la vida\u2026\u00a0 solo que no estaba el tocayo\u2026 dicen que andaba ocupado\u2026 dicen.<\/p>\n<p>Qued\u00f3 pendiente una entrevista. Me interesa trabajarla. Pero si por la v\u00edspera se saca el d\u00eda, se me hace que se puede hacer \u201cde agua\u201d\u2026 ojala que no.<\/p>\n<p>Hay muchas cosas que preguntarle a Ruibal Astiazar\u00e1n\u2026 muchas, pero como le dije al se\u00f1or Erro, tienen que ser a \u00e9l\u2026 \u00a1Elemental mi querido Watson, elemental!<\/p>\n<p>OCURRE, para mi ver\u2026 que luego de algunas lastimaduras que dej\u00f3 el tocayo en el pasado proceso electoral (cuando perdi\u00f3 la gubernatura Alfonso El\u00edas y \u00e9l era dirigente estatal del PRI), reci\u00e9n inici\u00f3 un proceso de posicionamiento en las filas de su propio partido\u2026<\/p>\n<p>\u2026 y esto, luego de un liderazgo entre los diputados locales cuestionado pora algunos, as\u00ed como si de meterle zancadillas se tratara.<\/p>\n<p>Pero Roberto vuelve por sus fueros\u2026 y toma el micr\u00f3fono en los eventos pri\u00edstas que organiza Claudia Pavlovich (teniendo como invitado al Pato de Lucas), y el tocayo hace sonar su voz con tono fuerte en contra de la administraci\u00f3n estatal panista\u2026 y, ya encarerados, contra la administraci\u00f3n federal.<\/p>\n<p>Por le insisto al se\u00f1or Enrique Erro, \u00bfAcaso usted me va a contestar las preguntas que resulten de tama\u00f1os comentarios?<\/p>\n<p>MIENTRAS, Juli\u00e1n Luzanilla Contreras desempe\u00f1\u00f3 acciones de coordinaci\u00f3n en los estados de Coahuila y el Estado de M\u00e9xico en el pasado proceso electoral.<\/p>\n<p>Su labor, fue desde las filas de la central pri\u00edsta,la CNC\u2026 motivo por el cual lleg\u00f3 a Hermosillo entrada la semana\u2026 viajando ipso facto, con rumbo a Cajeme y Navojoa, donde apoya proyectos de financiamiento a productores rurales que se lo han solicitado.<\/p>\n<p>Juli\u00e1n ya conoce el camino para que tales proyectos fructifiquen y deriven en resultados positivos para los productores agrarios y agropecuarios\u2026 as\u00ed le cumple a su gente.<\/p>\n<p>LA JEFADELPRI\u00cdSMO, Claudia Pavlovich, viaj\u00f3 ayer con rumbo a municipios del norte y sierra, para efectuar otra tanda de tomas de protesta a los Comit\u00e9s Municipales del partido, que previamente trabaj\u00f3 \u2013 y dej\u00f3 planchaditos \u2013 el secretario de Organizaci\u00f3n, Jes\u00fas Rosario Rodr\u00edguez Qui\u00f1\u00f3nez.<\/p>\n<p>Ya casi termina esta jornada de reestructuraci\u00f3n\u2026 que igual significa una plataforma de lujo donde Claudia realiza un activismo constante, fuerte\u2026 haciendo trabajo que mata grilla\u2026 no como otros.<\/p>\n<p>La dirigente se va (a chambear)\u2026 pero se queda atendiendo en el Comit\u00e9 Estatal, el secretario Particular, el amigo Manuel Puebla, siempre atento, ech\u00e1ndole ganas en su muy importante labor.<\/p>\n<p>Manuel Puebla ya ha acumulado alguna experiencia en los asuntos p\u00fablicos y pol\u00edticos, as\u00ed que no lo pierda de vista\u2026 es un elemento capaz, que sabe de la relevancia que en estos momentos cobra el pri\u00edsmo\u2026 su manejo de mano izquierda, es un aporte envidiable, cr\u00e9anme.<\/p>\n<p>&nbsp;<\/p>\n<p>FRIALDAD EN las oficinas dela Comisi\u00f3n Estatalde Derechos Humanos\u2026 promesa, habr\u00e1 dialogo pronto con su presidente, Ra\u00fal Ram\u00edrez.<\/p>\n<p>&nbsp;<\/p>\n<p>\u00bfHasta d\u00f3nde ha llegadola CEDHy Ra\u00fal, el protegido de la CTM y Javier Villarreal?\u2026 ya lo veremos\u2026 hasta ahorita, el manejo apenas es medi\u00e1tico\u2026 no tengo forma de decirle a usted, de resultados concretos.<\/p>\n<p>&nbsp;<\/p>\n<p>Pero en fin.<\/p>\n<p>&nbsp;<\/p>\n<p>Hasta pronto<\/p>\n<p>&nbsp;<\/p>\n<p>&nbsp;<\/p>\n","protected":false},"excerpt":{"rendered":"<p>* Carlos Zatar\u00e1in: \u201cDe n\u00famero dos para el Senado, y ganamos\u201d\u2026 Claudia, sigue incansable. Por: Roberto Dyke Rivera \u00a1SE CALIENTA el tendedero! El ex alcalde Guaymas, Carlos Zatar\u00e1in Gonz\u00e1lez lanz\u00f3 un reto: Yo quiero ser senador, pero a diferencia de los que buscan asegurarse como el n\u00famero uno en la f\u00f3rmula, a mi me interesa [&hellip;]<\/p>\n","protected":false},"author":1,"featured_media":0,"comment_status":"open","ping_status":"open","sticky":false,"template":"","format":"standard","meta":{"jetpack_post_was_ever_published":false,"_jetpack_newsletter_access":"","_jetpack_dont_email_post_to_subs":false,"_jetpack_newsletter_tier_id":0,"_jetpack_memberships_contains_paywalled_content":false,"_jetpack_memberships_contains_paid_content":false,"footnotes":"","jetpack_publicize_message":"","jetpack_publicize_feature_enabled":true,"jetpack_social_post_already_shared":false,"jetpack_social_options":{"image_generator_settings":{"template":"highway","enabled":false},"version":2}},"categories":[21,1,14],"tags":[],"jetpack_publicize_connections":[],"jetpack_featured_media_url":"","jetpack_shortlink":"https:\/\/wp.me\/p2mzaA-fo","jetpack_sharing_enabled":true,"jetpack_likes_enabled":true,"_links":{"self":[{"href":"https:\/\/www.semioticafactual.com\/index.php?rest_route=\/wp\/v2\/posts\/954"}],"collection":[{"href":"https:\/\/www.semioticafactual.com\/index.php?rest_route=\/wp\/v2\/posts"}],"about":[{"href":"https:\/\/www.semioticafactual.com\/index.php?rest_route=\/wp\/v2\/types\/post"}],"author":[{"embeddable":true,"href":"https:\/\/www.semioticafactual.com\/index.php?rest_route=\/wp\/v2\/users\/1"}],"replies":[{"embeddable":true,"href":"https:\/\/www.semioticafactual.com\/index.php?rest_route=%2Fwp%2Fv2%2Fcomments&post=954"}],"version-history":[{"count":1,"href":"https:\/\/www.semioticafactual.com\/index.php?rest_route=\/wp\/v2\/posts\/954\/revisions"}],"predecessor-version":[{"id":956,"href":"https:\/\/www.semioticafactual.com\/index.php?rest_route=\/wp\/v2\/posts\/954\/revisions\/956"}],"wp:attachment":[{"href":"https:\/\/www.semioticafactual.com\/index.php?rest_route=%2Fwp%2Fv2%2Fmedia&parent=954"}],"wp:term":[{"taxonomy":"category","embeddable":true,"href":"https:\/\/www.semioticafactual.com\/index.php?rest_route=%2Fwp%2Fv2%2Fcategories&post=954"},{"taxonomy":"post_tag","embeddable":true,"href":"https:\/\/www.semioticafactual.com\/index.php?rest_route=%2Fwp%2Fv2%2Ftags&post=954"}],"curies":[{"name":"wp","href":"https:\/\/api.w.org\/{rel}","templated":true}]}}