{"id":932,"date":"2011-07-08T23:44:13","date_gmt":"2011-07-08T23:44:13","guid":{"rendered":"http:\/\/www.semioticafactual.com\/?p=932"},"modified":"2011-07-08T23:44:27","modified_gmt":"2011-07-08T23:44:27","slug":"voz-sport-5","status":"publish","type":"post","link":"https:\/\/www.semioticafactual.com\/?p=932","title":{"rendered":"VOZ SPORT"},"content":{"rendered":"<p><strong>\u201cA un paso de repetir la historia\u201d<\/strong><\/p>\n<p><strong>Por Rafael Renter\u00eda<\/strong><\/p>\n<p><a href=\"mailto:renteria_rafael@hotmail.com\"><strong>renteria_rafael@hotmail.com<\/strong><\/a><strong><\/strong><\/p>\n<p><strong>\u00a0<a class=\"highslide\" onclick=\"return vz.expand(this)\" href=\"https:\/\/i0.wp.com\/www.semioticafactual.com\/wp-content\/uploads\/2011\/07\/julio-gomez-anoto-para-mexico-0.jpg\"><img loading=\"lazy\" decoding=\"async\" data-attachment-id=\"933\" data-permalink=\"https:\/\/www.semioticafactual.com\/?attachment_id=933\" data-orig-file=\"https:\/\/i0.wp.com\/www.semioticafactual.com\/wp-content\/uploads\/2011\/07\/julio-gomez-anoto-para-mexico-0.jpg?fit=600%2C400&amp;ssl=1\" data-orig-size=\"600,400\" data-comments-opened=\"1\" data-image-meta=\"{&quot;aperture&quot;:&quot;0&quot;,&quot;credit&quot;:&quot;&quot;,&quot;camera&quot;:&quot;&quot;,&quot;caption&quot;:&quot;&quot;,&quot;created_timestamp&quot;:&quot;0&quot;,&quot;copyright&quot;:&quot;&quot;,&quot;focal_length&quot;:&quot;0&quot;,&quot;iso&quot;:&quot;0&quot;,&quot;shutter_speed&quot;:&quot;0&quot;,&quot;title&quot;:&quot;&quot;}\" data-image-title=\"julio-gomez-anoto-para-mexico-0\" data-image-description=\"\" data-image-caption=\"\" data-medium-file=\"https:\/\/i0.wp.com\/www.semioticafactual.com\/wp-content\/uploads\/2011\/07\/julio-gomez-anoto-para-mexico-0.jpg?fit=300%2C200&amp;ssl=1\" data-large-file=\"https:\/\/i0.wp.com\/www.semioticafactual.com\/wp-content\/uploads\/2011\/07\/julio-gomez-anoto-para-mexico-0.jpg?fit=600%2C400&amp;ssl=1\" tabindex=\"0\" role=\"button\" class=\"alignleft size-medium wp-image-933\" title=\"julio-gomez-anoto-para-mexico-0\" src=\"https:\/\/i0.wp.com\/www.semioticafactual.com\/wp-content\/uploads\/2011\/07\/julio-gomez-anoto-para-mexico-0-300x200.jpg?resize=300%2C200\" alt=\"\" width=\"300\" height=\"200\" srcset=\"https:\/\/i0.wp.com\/www.semioticafactual.com\/wp-content\/uploads\/2011\/07\/julio-gomez-anoto-para-mexico-0.jpg?resize=300%2C200&amp;ssl=1 300w, https:\/\/i0.wp.com\/www.semioticafactual.com\/wp-content\/uploads\/2011\/07\/julio-gomez-anoto-para-mexico-0.jpg?w=600&amp;ssl=1 600w\" sizes=\"(max-width: 300px) 100vw, 300px\" data-recalc-dims=\"1\" \/><\/a><\/strong><strong>Solo 90 minutos oficiales es lo que separan a la selecci\u00f3n mexicana de futbol Sub 17 quienes dieron el campanazo al vencer en la semifinal 3-2 a Alemania.<\/strong><\/p>\n<p>Como lo dijimos hace uno d\u00edas: la historia de los ni\u00f1os h\u00e9roes del 2005 se podr\u00eda volver a repetir en este 2011 pero ahora ser\u00e1 con rival diferente, ya que la selecci\u00f3n de Brasil decepcion\u00f3 al perder 3-0 ante Uruguay que ser\u00e1 el rival de los anfitriones ante un estadio Azteca que estamos seguros estar\u00e1 a reventar.<\/p>\n<p>Ya muchos de esos chamacos deben de estarse viendo campeones o en otros casos vi\u00e9ndose vestidos con la camiseta del Arsenal, Chelsea, Juventus, Atl\u00e9tico de Madrid, Villareal, Sevilla, Benfica, Bayer Munich, Ajax, CSK Mosc\u00fa, en fin, decenas de clubes m\u00e1s que ven en ese tipo de torneos a sus futuras estrellas, ya que es ah\u00ed donde ven esas joyas que solo necesitan pulirse para ser mejores jugadores.<\/p>\n<p>La separaci\u00f3n para llegar a esos equipos ser\u00e1 hasta este fin de semana cuando se vean las caras en la final de ese torneo Sub 17 y donde de d\u00e1rseles las cosas a los mexicanos estamos seguros que as\u00ed como en su momento los mejores equipos del mundo se llevaron a <strong>Carlos<\/strong> <strong>Vela<\/strong>, <strong>Giovanni<\/strong> <strong>Dos<\/strong> <strong>Santos<\/strong>, luego a <strong>H\u00e9ctor<\/strong> <strong>Moreno, Efra\u00edn Ju\u00e1rez, Pablo Barrera, etc, <\/strong>habr\u00e1 otra lista importante de j\u00f3venes nacidos en este pa\u00eds que estar\u00e1n siendo firmados por varios millones de d\u00f3lares por los equipos antes mencionados.<\/p>\n<p>Ya veremos los nombres de <strong>Carlos<\/strong> <strong>Fierro<\/strong>, <strong>Julio<\/strong> <strong>G\u00f3mez<\/strong> <strong>Gonz\u00e1lez<\/strong>, <strong>Carlos<\/strong> <strong>Espericueta<\/strong>, <strong>Giovani<\/strong> <strong>Casillas<\/strong>, <strong>Kevin<\/strong> <strong>Escamilla <\/strong>y m\u00e1s siendo acaparados por equipos con los que siempre so\u00f1aron, pero para eso a\u00fan les hacen falta los 90 minutos m\u00e1s importantes de sus vidas los cuales estamos seguros dar\u00e1n porque tienen hambre de demostrar que quieren ser los mejores del mundo y quitarle un poco la loza al pa\u00eds del cl\u00e1sico: \u201cya merito\u201d\u2026\u2026\u2026\u2026\u2026\u2026\u2026\u2026.<\/p>\n<p>&nbsp;<\/p>\n<p><strong>Este viernes podr\u00eda Derek Jeter <\/strong>hacer historia si conecta dos hits para llegar a los 3,000 en su gran carrera. Y qu\u00e9 mejor que hacerlo en casa, ante su gente quienes estamos seguros lo ovacionaran como todo un h\u00e9roe para ese equipo en el cual ha pasado toda su carrera de m\u00e1s de 15 a\u00f1os. De no lograrlo este viernes, se que lo har\u00e1 de aqu\u00ed al domingo.<\/p>\n<p><strong>Al que le cay\u00f3 muy bien el descanso del mi\u00e9rcoles fue a Adrian Gonz\u00e1lez, <\/strong>ya que en su regreso al line up bateo de 5-3 con su cuadrangular 17, una anotada y una producida para llegar a 76. Y por si fuera poco su equipo pego 6 jonrones ante los Orioles de Baltimore.<\/p>\n<p><strong>Vaya manera de jugar del short stop venezolano de los indios de Cleveland Asdr\u00fabal Cabrera, <\/strong>quien en un partido ante los mism\u00edsimos yanquis se avent\u00f3 varias jugadas de esas de fantas\u00eda, las cuales son muy comunes en \u00e9l. No por nada es el presente y futuro de su equipo y para prueba de ello, ser\u00e1 titular en el juego de estrellas de Phoenix. Sus n\u00fameros realmente son muy buenos: en 85 juegos batea para .292, con 14 jonrones, 49 impulsadas y es 5to en porcentaje de fildeo de la liga americana con .983.<\/p>\n<p><strong>Ayer en el partido entre Rangers y Atl\u00e9ticos en Oakland <\/strong>se registr\u00f3 la muerte de una persona quien se ve claramente en las im\u00e1genes de la televisi\u00f3n que trat\u00f3 de tomar una pelota que se fue de jonr\u00f3n y al intentar atraparla se cay\u00f3 del \u00e1rea de los bleachers y fue a dar el dogout lo cual le gener\u00f3 un duro golpe que le causaron graves fracturas las cuales a las horas le quitaron la vida.<\/p>\n<p>Lo m\u00e1s seguro es que las ligas mayores van a tener que reforzar a\u00fan m\u00e1s sus medidas de seguridad para los aficionados ya que accidentes como ese son muy raros que se presenten durante los juegos, pero as\u00ed como se les trata de proteger por batazos o pelotazos se tendr\u00e1n que tomar otras alternativas para que acciones como esas no se vuelvan a repetir.<\/p>\n<p><strong>Finalmente una m\u00e1s de ese personaje nefasto <\/strong>que ha ganado mucha fama por su odio hacia los indocumentados: <strong>Joe<\/strong> <strong>Arpaio<\/strong>. Y ustedes dir\u00e1n, que tiene que ver ese mequetrefe con el deporte. Pues resulta que se le ocurri\u00f3 la brillant\u00edsima idea de llevar a un grupo de reos los cuales se dice son indocumentados junto a otro grupo de personas que fueron detenidas por conducir en estado de ebriedad para que entre todos junten la basura que se generar\u00e1 durante el partido de este martes 12 de julio en el Chase Field de Phoenix, Arizona.<\/p>\n<p><strong>Qu\u00e9 clase de estupideces se lo ocurren a personas con ese mismo calificativo!! <\/strong>As\u00ed es que lo m\u00e1s seguro durante ese juego donde habr\u00e1 una cantidad importante de mexicanos es que lo van a agarrar peor que a un amp\u00e1yer o arbitro cuando se equivoca en alguna jugada grit\u00e1ndole: \u201c<strong>Arpaio<\/strong> <strong>Chivooo<\/strong>! Creo que eso ser\u00e1 lo m\u00ednimo que le dir\u00e1n.<\/p>\n","protected":false},"excerpt":{"rendered":"<p>\u201cA un paso de repetir la historia\u201d Por Rafael Renter\u00eda renteria_rafael@hotmail.com \u00a0Solo 90 minutos oficiales es lo que separan a la selecci\u00f3n mexicana de futbol Sub 17 quienes dieron el campanazo al vencer en la semifinal 3-2 a Alemania. Como lo dijimos hace uno d\u00edas: la historia de los ni\u00f1os h\u00e9roes del 2005 se podr\u00eda [&hellip;]<\/p>\n","protected":false},"author":1,"featured_media":0,"comment_status":"open","ping_status":"open","sticky":false,"template":"","format":"standard","meta":{"jetpack_post_was_ever_published":false,"_jetpack_newsletter_access":"","_jetpack_dont_email_post_to_subs":false,"_jetpack_newsletter_tier_id":0,"_jetpack_memberships_contains_paywalled_content":false,"_jetpack_memberships_contains_paid_content":false,"footnotes":"","jetpack_publicize_message":"","jetpack_publicize_feature_enabled":true,"jetpack_social_post_already_shared":false,"jetpack_social_options":{"image_generator_settings":{"template":"highway","enabled":false},"version":2}},"categories":[21],"tags":[],"jetpack_publicize_connections":[],"jetpack_featured_media_url":"","jetpack_shortlink":"https:\/\/wp.me\/p2mzaA-f2","jetpack_sharing_enabled":true,"jetpack_likes_enabled":true,"_links":{"self":[{"href":"https:\/\/www.semioticafactual.com\/index.php?rest_route=\/wp\/v2\/posts\/932"}],"collection":[{"href":"https:\/\/www.semioticafactual.com\/index.php?rest_route=\/wp\/v2\/posts"}],"about":[{"href":"https:\/\/www.semioticafactual.com\/index.php?rest_route=\/wp\/v2\/types\/post"}],"author":[{"embeddable":true,"href":"https:\/\/www.semioticafactual.com\/index.php?rest_route=\/wp\/v2\/users\/1"}],"replies":[{"embeddable":true,"href":"https:\/\/www.semioticafactual.com\/index.php?rest_route=%2Fwp%2Fv2%2Fcomments&post=932"}],"version-history":[{"count":2,"href":"https:\/\/www.semioticafactual.com\/index.php?rest_route=\/wp\/v2\/posts\/932\/revisions"}],"predecessor-version":[{"id":935,"href":"https:\/\/www.semioticafactual.com\/index.php?rest_route=\/wp\/v2\/posts\/932\/revisions\/935"}],"wp:attachment":[{"href":"https:\/\/www.semioticafactual.com\/index.php?rest_route=%2Fwp%2Fv2%2Fmedia&parent=932"}],"wp:term":[{"taxonomy":"category","embeddable":true,"href":"https:\/\/www.semioticafactual.com\/index.php?rest_route=%2Fwp%2Fv2%2Fcategories&post=932"},{"taxonomy":"post_tag","embeddable":true,"href":"https:\/\/www.semioticafactual.com\/index.php?rest_route=%2Fwp%2Fv2%2Ftags&post=932"}],"curies":[{"name":"wp","href":"https:\/\/api.w.org\/{rel}","templated":true}]}}