{"id":818,"date":"2011-07-06T18:28:04","date_gmt":"2011-07-06T18:28:04","guid":{"rendered":"http:\/\/www.semioticafactual.com\/?p=818"},"modified":"2011-07-06T18:33:37","modified_gmt":"2011-07-06T18:33:37","slug":"promueven-la-participacion-ciudadana-en-los-municipios-del-sur-de-sonora","status":"publish","type":"post","link":"https:\/\/www.semioticafactual.com\/?p=818","title":{"rendered":"PROMUEVEN  LA PARTICIPACION CIUDADANA  EN LOS MUNICIPIOS DEL SUR DE SONORA."},"content":{"rendered":"<p><a class=\"highslide\" onclick=\"return vz.expand(this)\" href=\"https:\/\/i0.wp.com\/www.semioticafactual.com\/wp-content\/uploads\/2011\/07\/CECOP.jpg\"><img loading=\"lazy\" decoding=\"async\" data-attachment-id=\"819\" data-permalink=\"https:\/\/www.semioticafactual.com\/?attachment_id=819\" data-orig-file=\"https:\/\/i0.wp.com\/www.semioticafactual.com\/wp-content\/uploads\/2011\/07\/CECOP.jpg?fit=1037%2C691&amp;ssl=1\" data-orig-size=\"1037,691\" data-comments-opened=\"1\" data-image-meta=\"{&quot;aperture&quot;:&quot;0&quot;,&quot;credit&quot;:&quot;&quot;,&quot;camera&quot;:&quot;&quot;,&quot;caption&quot;:&quot;&quot;,&quot;created_timestamp&quot;:&quot;1309866702&quot;,&quot;copyright&quot;:&quot;&quot;,&quot;focal_length&quot;:&quot;0&quot;,&quot;iso&quot;:&quot;0&quot;,&quot;shutter_speed&quot;:&quot;0&quot;,&quot;title&quot;:&quot;&quot;}\" data-image-title=\"CECOP\" data-image-description=\"\" data-image-caption=\"\" data-medium-file=\"https:\/\/i0.wp.com\/www.semioticafactual.com\/wp-content\/uploads\/2011\/07\/CECOP.jpg?fit=300%2C199&amp;ssl=1\" data-large-file=\"https:\/\/i0.wp.com\/www.semioticafactual.com\/wp-content\/uploads\/2011\/07\/CECOP.jpg?fit=800%2C533&amp;ssl=1\" tabindex=\"0\" role=\"button\" class=\"alignleft size-medium wp-image-819\" title=\"CECOP\" src=\"https:\/\/i0.wp.com\/www.semioticafactual.com\/wp-content\/uploads\/2011\/07\/CECOP-300x199.jpg?resize=300%2C199\" alt=\"\" width=\"300\" height=\"199\" srcset=\"https:\/\/i0.wp.com\/www.semioticafactual.com\/wp-content\/uploads\/2011\/07\/CECOP.jpg?resize=300%2C199&amp;ssl=1 300w, https:\/\/i0.wp.com\/www.semioticafactual.com\/wp-content\/uploads\/2011\/07\/CECOP.jpg?resize=1024%2C682&amp;ssl=1 1024w, https:\/\/i0.wp.com\/www.semioticafactual.com\/wp-content\/uploads\/2011\/07\/CECOP.jpg?w=1037&amp;ssl=1 1037w\" sizes=\"(max-width: 300px) 100vw, 300px\" data-recalc-dims=\"1\" \/><\/a>Redacci\u00f3n\/Semiotica Factual.com<\/p>\n<p><strong>Navojoa, Son.\u00a0 06 de julio de 2011.<\/strong><\/p>\n<p>Con la firme convicci\u00f3n de que la Participaci\u00f3n Ciudadana es el eje fundamental para seguir construyendo el Nuevo Sonora se tomo protesta a los integrantes de los comit\u00e9s de la Junta de Participaci\u00f3n Social para el Desarrollo Municipal de Navojoa, \u00c1lamos, Etchojoa, Huatabampo y Benito Ju\u00e1rez.<\/p>\n<p>La Presidenta Estatal de la Junta de Participaci\u00f3n Social, C\u00e9lida Teresa L\u00f3pez C\u00e1rdenas, se\u00f1alo que con estos comit\u00e9s se buscan a sonorenses que han destacado, por su car\u00e1cter, l\u00edderes que\u00a0 sean\u00a0 promotores o gestores naturales en la participaci\u00f3n social, las caracter\u00edsticas que se buscan para conformar las Juntas son:<\/p>\n<p>\u00b7\u00a0\u00a0\u00a0\u00a0\u00a0\u00a0\u00a0\u00a0 Capacidad para establecer un di\u00e1logo.<\/p>\n<p>\u00b7\u00a0\u00a0\u00a0\u00a0\u00a0\u00a0\u00a0\u00a0 Toma de decisiones en momentos dif\u00edciles.<\/p>\n<p>\u00b7\u00a0\u00a0\u00a0\u00a0\u00a0\u00a0\u00a0\u00a0 Generaci\u00f3n de confianza en sus interlocutores.<\/p>\n<p>\u00b7\u00a0\u00a0\u00a0\u00a0\u00a0\u00a0\u00a0\u00a0 \u00abDon de mando\u00bb o la cualidad de manejo de grupos.\u00a0\u00a0<\/p>\n<p>C\u00e9lida L\u00f3pez, destaco\u00a0 en este Nuevo Sonora se ha visto un estilo diferente de gobernar, se atiende a la gente de frente, con decisi\u00f3n a la mayor parte de los sonorenses.<\/p>\n<p>Francisco Monje Araiza, Coordinador de la CECOP. Despu\u00e9s de que\u00a0 tomo protestas a los comit\u00e9s los invito a participen para apoyar a su gobierno municipal. A que no se permita que decidamos solos los funcionarios desde las oficinas decidan; cual es la obra que necesita, sino que los sonorenses \u00a0tambi\u00e9n se involucren con esta participaci\u00f3n efectiva y decidida.<\/p>\n<p>\u00a0Puntualizo que antes esto se busca que la participaci\u00f3n social, es el \u00a0concepto que hoy\u00a0 ha cobrado especial relevancia, principalmente como parte de todos los programas del Nuevo Sonora.<\/p>\n<p>Cabe destacar que en este evento se conto con la presencia del los alcaldes de \u00c1lamos, \u00a0Joaqu\u00edn Navarro Quijada; Presidente Municipal de Huatabampo, Prospero Ibarra Otero, Manuel de Jes\u00fas Bustamante Sandoval y Jos\u00e9 Gilberto Almada Valdez,\u00a0 Alcaldes de Benito Ju\u00e1rez y Etchojoa, respectivamente.<\/p>\n<p>&nbsp;<\/p>\n","protected":false},"excerpt":{"rendered":"<p>Redacci\u00f3n\/Semiotica Factual.com Navojoa, Son.\u00a0 06 de julio de 2011. Con la firme convicci\u00f3n de que la Participaci\u00f3n Ciudadana es el eje fundamental para seguir construyendo el Nuevo Sonora se tomo protesta a los integrantes de los comit\u00e9s de la Junta de Participaci\u00f3n Social para el Desarrollo Municipal de Navojoa, \u00c1lamos, Etchojoa, Huatabampo y Benito Ju\u00e1rez. [&hellip;]<\/p>\n","protected":false},"author":1,"featured_media":0,"comment_status":"open","ping_status":"open","sticky":false,"template":"","format":"standard","meta":{"jetpack_post_was_ever_published":false,"_jetpack_newsletter_access":"","_jetpack_dont_email_post_to_subs":false,"_jetpack_newsletter_tier_id":0,"_jetpack_memberships_contains_paywalled_content":false,"_jetpack_memberships_contains_paid_content":false,"footnotes":"","jetpack_publicize_message":"","jetpack_publicize_feature_enabled":true,"jetpack_social_post_already_shared":false,"jetpack_social_options":{"image_generator_settings":{"template":"highway","enabled":false},"version":2}},"categories":[9],"tags":[],"jetpack_publicize_connections":[],"jetpack_featured_media_url":"","jetpack_shortlink":"https:\/\/wp.me\/p2mzaA-dc","jetpack_sharing_enabled":true,"jetpack_likes_enabled":true,"_links":{"self":[{"href":"https:\/\/www.semioticafactual.com\/index.php?rest_route=\/wp\/v2\/posts\/818"}],"collection":[{"href":"https:\/\/www.semioticafactual.com\/index.php?rest_route=\/wp\/v2\/posts"}],"about":[{"href":"https:\/\/www.semioticafactual.com\/index.php?rest_route=\/wp\/v2\/types\/post"}],"author":[{"embeddable":true,"href":"https:\/\/www.semioticafactual.com\/index.php?rest_route=\/wp\/v2\/users\/1"}],"replies":[{"embeddable":true,"href":"https:\/\/www.semioticafactual.com\/index.php?rest_route=%2Fwp%2Fv2%2Fcomments&post=818"}],"version-history":[{"count":2,"href":"https:\/\/www.semioticafactual.com\/index.php?rest_route=\/wp\/v2\/posts\/818\/revisions"}],"predecessor-version":[{"id":821,"href":"https:\/\/www.semioticafactual.com\/index.php?rest_route=\/wp\/v2\/posts\/818\/revisions\/821"}],"wp:attachment":[{"href":"https:\/\/www.semioticafactual.com\/index.php?rest_route=%2Fwp%2Fv2%2Fmedia&parent=818"}],"wp:term":[{"taxonomy":"category","embeddable":true,"href":"https:\/\/www.semioticafactual.com\/index.php?rest_route=%2Fwp%2Fv2%2Fcategories&post=818"},{"taxonomy":"post_tag","embeddable":true,"href":"https:\/\/www.semioticafactual.com\/index.php?rest_route=%2Fwp%2Fv2%2Ftags&post=818"}],"curies":[{"name":"wp","href":"https:\/\/api.w.org\/{rel}","templated":true}]}}