{"id":813,"date":"2011-07-06T17:55:55","date_gmt":"2011-07-06T17:55:55","guid":{"rendered":"http:\/\/www.semioticafactual.com\/?p=813"},"modified":"2011-07-06T17:55:55","modified_gmt":"2011-07-06T17:55:55","slug":"el-zancudo-4","status":"publish","type":"post","link":"https:\/\/www.semioticafactual.com\/?p=813","title":{"rendered":"El ZANCUDO"},"content":{"rendered":"<p><a class=\"highslide\" onclick=\"return vz.expand(this)\" href=\"https:\/\/i0.wp.com\/www.semioticafactual.com\/wp-content\/uploads\/2011\/07\/ElZancudo1.gif\"><img loading=\"lazy\" decoding=\"async\" data-attachment-id=\"816\" data-permalink=\"https:\/\/www.semioticafactual.com\/?attachment_id=816\" data-orig-file=\"https:\/\/i0.wp.com\/www.semioticafactual.com\/wp-content\/uploads\/2011\/07\/ElZancudo1.gif?fit=410%2C106&amp;ssl=1\" data-orig-size=\"410,106\" data-comments-opened=\"1\" data-image-meta=\"{&quot;aperture&quot;:&quot;0&quot;,&quot;credit&quot;:&quot;&quot;,&quot;camera&quot;:&quot;&quot;,&quot;caption&quot;:&quot;&quot;,&quot;created_timestamp&quot;:&quot;0&quot;,&quot;copyright&quot;:&quot;&quot;,&quot;focal_length&quot;:&quot;0&quot;,&quot;iso&quot;:&quot;0&quot;,&quot;shutter_speed&quot;:&quot;0&quot;,&quot;title&quot;:&quot;&quot;}\" data-image-title=\"ElZancudo\" data-image-description=\"\" data-image-caption=\"\" data-medium-file=\"https:\/\/i0.wp.com\/www.semioticafactual.com\/wp-content\/uploads\/2011\/07\/ElZancudo1.gif?fit=300%2C77&amp;ssl=1\" data-large-file=\"https:\/\/i0.wp.com\/www.semioticafactual.com\/wp-content\/uploads\/2011\/07\/ElZancudo1.gif?fit=410%2C106&amp;ssl=1\" tabindex=\"0\" role=\"button\" class=\"alignleft size-medium wp-image-816\" title=\"ElZancudo\" src=\"https:\/\/i0.wp.com\/www.semioticafactual.com\/wp-content\/uploads\/2011\/07\/ElZancudo1-300x77.gif?resize=300%2C77\" alt=\"\" width=\"300\" height=\"77\" srcset=\"https:\/\/i0.wp.com\/www.semioticafactual.com\/wp-content\/uploads\/2011\/07\/ElZancudo1.gif?resize=300%2C77&amp;ssl=1 300w, https:\/\/i0.wp.com\/www.semioticafactual.com\/wp-content\/uploads\/2011\/07\/ElZancudo1.gif?w=410&amp;ssl=1 410w\" sizes=\"(max-width: 300px) 100vw, 300px\" data-recalc-dims=\"1\" \/><\/a>Arturo Soto Mungu\u00eda<\/p>\n<p>Antes de que otra cosa suceda, me permito informar que esta zancudera columna ha recibido un reto inusual.<\/p>\n<p>\u00a0El colega y amigo Alejandro Mena y Ortega, mejor conocido tanto en el bajo mundo del hampa como en el alto mundo de la pol\u00edtica -que no es lo mismo, pero casi es igual-, me ha solicitado notificarles que hoy-hoy-hoy, arriba a sus 52 a\u00f1os de fruct\u00edfera cuanto azarosa vida.<\/p>\n<p>\u00a0No faltar\u00e1 el malora que sin pudor ni recato sentencie que \u201cya quisiera llegar a los que aparenta\u201d, pero el buen Mena lanz\u00f3 un reto que no puedo dejar escapar, y \u00e9ste consiste en una excepcional manera de medir el \u2018rating\u2019 de El Zancudo, a partir de la cantidad de parabienes que le hagan llegar, y que habr\u00e1n de ser debidamente correspondidos con la generosa reciprocidad que caracteriza al avezado reportero gr\u00e1fico.<\/p>\n<p>\u00a0As\u00ed que ya sabe, si este d\u00eda se encuentra por ah\u00ed al colega, no la piense mucho y p\u00e9guele un abrazo, nom\u00e1s que <em>despaci\u00f3n<\/em>, no vaya a ser que se le desarme en las manos, ya ve usted que despu\u00e9s de su m\u00e1s reciente ingreso al quir\u00f3fano, lo dejaron como Zombi de Sahuayo.<\/p>\n<p>\u00a0Por cierto, ayer por la tarde el colega se despidi\u00f3 rumbo al hospital, a donde iba a recoger los resultados de sus en\u00e9simos an\u00e1lisis, mismos que determinar\u00edan de una vez por todas si ya estaba en condiciones de visitar una vez m\u00e1s el quir\u00f3fano, para el trasplante de ri\u00f1\u00f3n que vendr\u00eda dejarlo ahora s\u00ed, como nuevo, lo cual a muchos nos llena de gusto. Ya como posdata, el Mena me dijo que les dijera a sus m\u00faltiples amigos, familiares y conocidos, que no se hicieran chombitos y que si entre los parabienes se cuela uno que otro presente que sirva para el columpio al que tiene pensado subirse en su cumplea\u00f1os, no se los tomar\u00eda a mal.<\/p>\n<p>Servido.<\/p>\n<p>\u00a0Ahora s\u00ed, a lo que te truje Chencha. Acuso recibo de una cordial invitaci\u00f3n de parte de Mois\u00e9s G\u00f3mez Reyna, el secretario de Econom\u00eda del gobierno del estado, y a decir de la colega, amiga y vecina Irisdea Aguayo, uno de los pocos que s\u00ed trabajan en el gabinete padrecista. Si no es que el \u00fanico, agregar\u00eda El Zancudo.<\/p>\n<p>\u00a0Se trata de que este d\u00eda, a eso de las nueve y media de la ma\u00f1ana, el funcionario estar\u00e1 dando a conocer los detalles de un interesante programa de apoyo a las peque\u00f1as y medianas empresas, mediante fondos de los gobiernos estatal y federal orientados a equipar, modernizar, actualizar y eficientar la operaci\u00f3n de esos peque\u00f1os negocios que en casi todos los casos, representan la sobrevivencia de las familias que los administran.<\/p>\n<p>\u00a0Lo m\u00e1s interesante de este programa, es que de los recursos para apuntalar esos peque\u00f1os negocios familiares, entre el 50 y el 80 por ciento, dependiendo de las caracter\u00edsticas del proyecto que se presente, ir\u00e1n a fondo perdido.<\/p>\n<p>La Secretar\u00eda de Econom\u00eda ya contaba con otros programas de otorgamiento de cr\u00e9ditos, pero no ten\u00edan esa condici\u00f3n, de manera que los pagos deben hacerse puntualmente para mantener a los usuarios como sujeto de cr\u00e9dito. Muchos de esos negocios, sin embargo, manejan un flujo de capital peque\u00f1o y operan con m\u00e1rgenes de ganancia tambi\u00e9n reducidos, de manera que eventualmente podr\u00edan estar trabajando s\u00f3lo para cubrir los compromisos de la deuda.<\/p>\n<p>\u00a0No tenemos muchos detalles del programa que ser\u00e1 anunciado este d\u00eda, pero precisamente para eso nos haremos presentes en el Sal\u00f3n Topacio del Hotel Lucerna, donde Mois\u00e9s G\u00f3mez Reyna habr\u00e1 de informar puntualmente de lo que se trata, y entonces estaremos en condiciones de informarle, microempresario lector, changarrera lectora, c\u00f3mo es que usted le puede hacer para acceder a recursos frescos, que le permitan mantener a flote y proyectar su peque\u00f1a o mediana empresa.<\/p>\n<p>\u00a0Por el lado del PAN, no parece haberles hecho mucha mella la reciente captura en Coahuila, de un funcionario del gobierno del estado detenido en Coahuila por presuntos delitos electorales, y el dirigente municipal Reginaldo Duarte \u00cd\u00f1igo mejor se ha puesto a chambear en la campa\u00f1a \u201cCu\u00eddame el agua, no te la acabes\u201d.<\/p>\n<p>\u00a0Este d\u00eda, a eso de las seis treinta de la tarde, los blanquiazules estar\u00e1n repartiendo volantes y pegando calcoman\u00edas en el cruce de los bulevares Luis Encinas y Rosales, para concientizar a los hermosillenses de la necesidad de optimizar el cuidado del recurso, que a pesar de las lluvias recientes, sigue siendo lo m\u00e1s preciado.<\/p>\n<p>\u00a0Jes\u00fas Manuel Enr\u00edquez, Secretario General del PAN en Hermosillo detall\u00f3 las bases de la convocatoria a un concurso sobre el tema, las cuales consisten en realizar un video casero ya sea con celular o c\u00e1mara donde los ni\u00f1os sean los principales protagonistas\u00a0 haciendo recomendaciones de c\u00f3mo cuidar el agua, subir el video a la p\u00e1gina de facebook pandehermosillo o hacerlo llegar al correo electr\u00f3nico <a href=\"mailto:pandehermosillo@hotmail.com\">pandehermosillo@hotmail.com<\/a> .<\/p>\n<p>\u00a0El video deber\u00e1 tener una duraci\u00f3n de 40 segundos como m\u00ednimo y 1 minuto m\u00e1ximo; el \u00faltimo d\u00eda para la entrega de videos es el 28 de agosto y el 31 de agosto se premiar\u00e1 a los ganadores.<\/p>\n<p>\u00a0Los premios para los ni\u00f1os ganadores consisten, para el primer lugar, una laptop y un kit ahorrador de agua; el segundo lugar una c\u00e1mara fotogr\u00e1fica y un kit ahorrador de agua y el tercer lugar se llevara un celular y un kit ahorrador de agua.<\/p>\n<p>\u00a0Y ya para despedirnos, resulta imperdonable no mencionar los sucesos de ayer por la tarde en Hermosillo, donde para ser aislados, hechos de sangre se est\u00e1n volviendo demasiado frecuentes.<\/p>\n<p>\u00a0Al filo de las dos de la tarde, en la prolongaci\u00f3n del bulevar Morelos, un kil\u00f3metro antes de llegar a la carretera internacional n\u00famero 15, fue ejecutado a tiros un hombre cuya identidad se desconoc\u00eda hasta el momento de redactar esta nota.<\/p>\n<p>\u00a0Las autoridades informaron que el cuerpo sin vida fue localizado por la tarde, y se encontraba tirado cerca de un veh\u00edculo Jetta de color dorado. Agentes de la Polic\u00eda Estatal Investigadora ya se encuentran realizando las pesquisas de rigor, y se espera que en breve estar\u00e1n en condiciones de informar a la ciudadan\u00eda los detalles de este nuevo hecho de sangre, que se registra a s\u00f3lo un par de d\u00edas de una balacera que dej\u00f3 como saldo una persona muerta y otra lesionada con arma de fuego.<\/p>\n<p>\u00a0<strong><a href=\"mailto:chaposoto67@hotmail.com\">chaposoto67@hotmail.com<\/a><\/strong><\/p>\n","protected":false},"excerpt":{"rendered":"<p>Arturo Soto Mungu\u00eda Antes de que otra cosa suceda, me permito informar que esta zancudera columna ha recibido un reto inusual. \u00a0El colega y amigo Alejandro Mena y Ortega, mejor conocido tanto en el bajo mundo del hampa como en el alto mundo de la pol\u00edtica -que no es lo mismo, pero casi es igual-, [&hellip;]<\/p>\n","protected":false},"author":1,"featured_media":0,"comment_status":"open","ping_status":"open","sticky":false,"template":"","format":"standard","meta":{"jetpack_post_was_ever_published":false,"_jetpack_newsletter_access":"","_jetpack_dont_email_post_to_subs":false,"_jetpack_newsletter_tier_id":0,"_jetpack_memberships_contains_paywalled_content":false,"_jetpack_memberships_contains_paid_content":false,"footnotes":"","jetpack_publicize_message":"","jetpack_publicize_feature_enabled":true,"jetpack_social_post_already_shared":false,"jetpack_social_options":{"image_generator_settings":{"template":"highway","enabled":false},"version":2}},"categories":[21],"tags":[],"jetpack_publicize_connections":[],"jetpack_featured_media_url":"","jetpack_shortlink":"https:\/\/wp.me\/p2mzaA-d7","jetpack_sharing_enabled":true,"jetpack_likes_enabled":true,"_links":{"self":[{"href":"https:\/\/www.semioticafactual.com\/index.php?rest_route=\/wp\/v2\/posts\/813"}],"collection":[{"href":"https:\/\/www.semioticafactual.com\/index.php?rest_route=\/wp\/v2\/posts"}],"about":[{"href":"https:\/\/www.semioticafactual.com\/index.php?rest_route=\/wp\/v2\/types\/post"}],"author":[{"embeddable":true,"href":"https:\/\/www.semioticafactual.com\/index.php?rest_route=\/wp\/v2\/users\/1"}],"replies":[{"embeddable":true,"href":"https:\/\/www.semioticafactual.com\/index.php?rest_route=%2Fwp%2Fv2%2Fcomments&post=813"}],"version-history":[{"count":3,"href":"https:\/\/www.semioticafactual.com\/index.php?rest_route=\/wp\/v2\/posts\/813\/revisions"}],"predecessor-version":[{"id":817,"href":"https:\/\/www.semioticafactual.com\/index.php?rest_route=\/wp\/v2\/posts\/813\/revisions\/817"}],"wp:attachment":[{"href":"https:\/\/www.semioticafactual.com\/index.php?rest_route=%2Fwp%2Fv2%2Fmedia&parent=813"}],"wp:term":[{"taxonomy":"category","embeddable":true,"href":"https:\/\/www.semioticafactual.com\/index.php?rest_route=%2Fwp%2Fv2%2Fcategories&post=813"},{"taxonomy":"post_tag","embeddable":true,"href":"https:\/\/www.semioticafactual.com\/index.php?rest_route=%2Fwp%2Fv2%2Ftags&post=813"}],"curies":[{"name":"wp","href":"https:\/\/api.w.org\/{rel}","templated":true}]}}