{"id":799,"date":"2011-07-06T01:34:11","date_gmt":"2011-07-06T01:34:11","guid":{"rendered":"http:\/\/www.semioticafactual.com\/?p=799"},"modified":"2011-07-06T01:51:03","modified_gmt":"2011-07-06T01:51:03","slug":"si-la-tenencia-esta-en-el-congreso-sera-una-realidad-ulises-cristopulos","status":"publish","type":"post","link":"https:\/\/www.semioticafactual.com\/?p=799","title":{"rendered":"Si la eliminaci\u00f3n de la tenencia esta en el congreso ser\u00e1 una realidad: Ulises Crist\u00f2pulos"},"content":{"rendered":"<div id=\"attachment_802\" style=\"width: 310px\" class=\"wp-caption alignleft\"><a class=\"highslide\" onclick=\"return vz.expand(this)\" href=\"https:\/\/i0.wp.com\/www.semioticafactual.com\/wp-content\/uploads\/2011\/07\/tenencia.jpg\"><img loading=\"lazy\" decoding=\"async\" aria-describedby=\"caption-attachment-802\" data-attachment-id=\"802\" data-permalink=\"https:\/\/www.semioticafactual.com\/?attachment_id=802\" data-orig-file=\"https:\/\/i0.wp.com\/www.semioticafactual.com\/wp-content\/uploads\/2011\/07\/tenencia.jpg?fit=640%2C480&amp;ssl=1\" data-orig-size=\"640,480\" data-comments-opened=\"1\" data-image-meta=\"{&quot;aperture&quot;:&quot;0&quot;,&quot;credit&quot;:&quot;&quot;,&quot;camera&quot;:&quot;&quot;,&quot;caption&quot;:&quot;&quot;,&quot;created_timestamp&quot;:&quot;0&quot;,&quot;copyright&quot;:&quot;&quot;,&quot;focal_length&quot;:&quot;0&quot;,&quot;iso&quot;:&quot;0&quot;,&quot;shutter_speed&quot;:&quot;0&quot;,&quot;title&quot;:&quot;&quot;}\" data-image-title=\"tenencia\" data-image-description=\"\" data-image-caption=\"&lt;p&gt;Le toma la palabra al Gobernador Padr\u00e9s en el tema de la tenencia&lt;\/p&gt;\n\" data-medium-file=\"https:\/\/i0.wp.com\/www.semioticafactual.com\/wp-content\/uploads\/2011\/07\/tenencia.jpg?fit=300%2C225&amp;ssl=1\" data-large-file=\"https:\/\/i0.wp.com\/www.semioticafactual.com\/wp-content\/uploads\/2011\/07\/tenencia.jpg?fit=640%2C480&amp;ssl=1\" tabindex=\"0\" role=\"button\" class=\"size-medium wp-image-802\" title=\"tenencia\" src=\"https:\/\/i0.wp.com\/www.semioticafactual.com\/wp-content\/uploads\/2011\/07\/tenencia-300x225.jpg?resize=300%2C225\" alt=\"\" width=\"300\" height=\"225\" srcset=\"https:\/\/i0.wp.com\/www.semioticafactual.com\/wp-content\/uploads\/2011\/07\/tenencia.jpg?resize=300%2C225&amp;ssl=1 300w, https:\/\/i0.wp.com\/www.semioticafactual.com\/wp-content\/uploads\/2011\/07\/tenencia.jpg?w=640&amp;ssl=1 640w\" sizes=\"(max-width: 300px) 100vw, 300px\" data-recalc-dims=\"1\" \/><\/a><p id=\"caption-attachment-802\" class=\"wp-caption-text\">Le toma la palabra al Gobernador Padr\u00e9s en el tema de la tenencia<\/p><\/div>\n<p>Carlos Armando Briones \/Semiotica Factual.<\/p>\n<p>Hermosillo Sonora 05 de Julio<\/p>\n<p>El diputado Ulises Critopulos, declar\u00f3 que el impuesto de la tenencia veh\u00eccular no es una carga para el gobierno sin embargo dicho impuesto\u00a0podr\u00eda\u00a0beneficiar a miles de familias sonorenses.<\/p>\n<p>\u00abReitero 500 millones de pesos en contra de 34 mil millones de pesos no ponen en riesgo las finanzas estatales y cambio podremos darle un gran respiro a muchas familias sonorenses\u00bb.<\/p>\n<p>Aclar\u00f3 sin embargo que el gobierno\u00a0deber\u00e1\u00a0ser responsable en el gasto corriente cuidando en no afectar la salud, la educaci\u00f3n, la seguridad p\u00fablica y la\u00a0infraestructura\u00a0del estado.<\/p>\n<p>Le toma la palabra al Gobernador de Sonora Guillermo Padr\u00e8s, en el sentido quien\u00a0declar\u00f3\u00a0delegar esa responsabilidad a la cancha del congreso. En ese Contexto el diputado Pri\u00edsta, Ulises Crit\u00f3pulos, declaro lo siguente:<\/p>\n<p>\u00abSi el gobernador declar\u00f3 que ese tema le\u00a0pertenec\u00eda\u00a0al congreso yo le digo a los sonorenses que\u00a0sonr\u00edan\u00a0por que ya se fue la tenencia para el 2012\u00bb asegur\u00f3.<\/p>\n<p>&nbsp;<\/p>\n","protected":false},"excerpt":{"rendered":"<p>Carlos Armando Briones \/Semiotica Factual. Hermosillo Sonora 05 de Julio El diputado Ulises Critopulos, declar\u00f3 que el impuesto de la tenencia veh\u00eccular no es una carga para el gobierno sin embargo dicho impuesto\u00a0podr\u00eda\u00a0beneficiar a miles de familias sonorenses. \u00abReitero 500 millones de pesos en contra de 34 mil millones de pesos no ponen en riesgo [&hellip;]<\/p>\n","protected":false},"author":1,"featured_media":0,"comment_status":"open","ping_status":"open","sticky":false,"template":"","format":"standard","meta":{"jetpack_post_was_ever_published":false,"_jetpack_newsletter_access":"","_jetpack_dont_email_post_to_subs":false,"_jetpack_newsletter_tier_id":0,"_jetpack_memberships_contains_paywalled_content":false,"_jetpack_memberships_contains_paid_content":false,"footnotes":"","jetpack_publicize_message":"","jetpack_publicize_feature_enabled":true,"jetpack_social_post_already_shared":false,"jetpack_social_options":{"image_generator_settings":{"template":"highway","enabled":false},"version":2}},"categories":[1,9,17],"tags":[],"jetpack_publicize_connections":[],"jetpack_featured_media_url":"","jetpack_shortlink":"https:\/\/wp.me\/p2mzaA-cT","jetpack_sharing_enabled":true,"jetpack_likes_enabled":true,"_links":{"self":[{"href":"https:\/\/www.semioticafactual.com\/index.php?rest_route=\/wp\/v2\/posts\/799"}],"collection":[{"href":"https:\/\/www.semioticafactual.com\/index.php?rest_route=\/wp\/v2\/posts"}],"about":[{"href":"https:\/\/www.semioticafactual.com\/index.php?rest_route=\/wp\/v2\/types\/post"}],"author":[{"embeddable":true,"href":"https:\/\/www.semioticafactual.com\/index.php?rest_route=\/wp\/v2\/users\/1"}],"replies":[{"embeddable":true,"href":"https:\/\/www.semioticafactual.com\/index.php?rest_route=%2Fwp%2Fv2%2Fcomments&post=799"}],"version-history":[{"count":4,"href":"https:\/\/www.semioticafactual.com\/index.php?rest_route=\/wp\/v2\/posts\/799\/revisions"}],"predecessor-version":[{"id":804,"href":"https:\/\/www.semioticafactual.com\/index.php?rest_route=\/wp\/v2\/posts\/799\/revisions\/804"}],"wp:attachment":[{"href":"https:\/\/www.semioticafactual.com\/index.php?rest_route=%2Fwp%2Fv2%2Fmedia&parent=799"}],"wp:term":[{"taxonomy":"category","embeddable":true,"href":"https:\/\/www.semioticafactual.com\/index.php?rest_route=%2Fwp%2Fv2%2Fcategories&post=799"},{"taxonomy":"post_tag","embeddable":true,"href":"https:\/\/www.semioticafactual.com\/index.php?rest_route=%2Fwp%2Fv2%2Ftags&post=799"}],"curies":[{"name":"wp","href":"https:\/\/api.w.org\/{rel}","templated":true}]}}