{"id":795,"date":"2011-07-06T01:08:02","date_gmt":"2011-07-06T01:08:02","guid":{"rendered":"http:\/\/www.semioticafactual.com\/?p=795"},"modified":"2011-07-06T01:08:02","modified_gmt":"2011-07-06T01:08:02","slug":"aprueban-exhorto-al-ejecutivo-federal-para-que-audite-al-issste","status":"publish","type":"post","link":"https:\/\/www.semioticafactual.com\/?p=795","title":{"rendered":"Aprueban exhorto  al Ejecutivo Federal para que audite al ISSSTE"},"content":{"rendered":"<p><strong>Convocan a sesi\u00f3n extraordinaria al Pleno el lunes 11 de julio<\/strong><\/p>\n<div id=\"attachment_796\" style=\"width: 310px\" class=\"wp-caption alignleft\"><a class=\"highslide\" onclick=\"return vz.expand(this)\" href=\"https:\/\/i0.wp.com\/www.semioticafactual.com\/wp-content\/uploads\/2011\/07\/Sesin-de-la-Permanente-2-05VII11.jpg\"><img loading=\"lazy\" decoding=\"async\" aria-describedby=\"caption-attachment-796\" data-attachment-id=\"796\" data-permalink=\"https:\/\/www.semioticafactual.com\/?attachment_id=796\" data-orig-file=\"https:\/\/i0.wp.com\/www.semioticafactual.com\/wp-content\/uploads\/2011\/07\/Sesin-de-la-Permanente-2-05VII11.jpg?fit=900%2C600&amp;ssl=1\" data-orig-size=\"900,600\" data-comments-opened=\"1\" data-image-meta=\"{&quot;aperture&quot;:&quot;0&quot;,&quot;credit&quot;:&quot;&quot;,&quot;camera&quot;:&quot;&quot;,&quot;caption&quot;:&quot;&quot;,&quot;created_timestamp&quot;:&quot;0&quot;,&quot;copyright&quot;:&quot;&quot;,&quot;focal_length&quot;:&quot;0&quot;,&quot;iso&quot;:&quot;0&quot;,&quot;shutter_speed&quot;:&quot;0&quot;,&quot;title&quot;:&quot;&quot;}\" data-image-title=\"Sesion de la Permanente 2-05VII11\" data-image-description=\"\" data-image-caption=\"&lt;p&gt;Realizar\u00e1n exhorto al ejecutivo Federal para que se audite al ISSSTE&lt;\/p&gt;\n\" data-medium-file=\"https:\/\/i0.wp.com\/www.semioticafactual.com\/wp-content\/uploads\/2011\/07\/Sesin-de-la-Permanente-2-05VII11.jpg?fit=300%2C200&amp;ssl=1\" data-large-file=\"https:\/\/i0.wp.com\/www.semioticafactual.com\/wp-content\/uploads\/2011\/07\/Sesin-de-la-Permanente-2-05VII11.jpg?fit=800%2C533&amp;ssl=1\" tabindex=\"0\" role=\"button\" class=\"size-medium wp-image-796\" title=\"Sesion de la Permanente 2-05VII11\" src=\"https:\/\/i0.wp.com\/www.semioticafactual.com\/wp-content\/uploads\/2011\/07\/Sesin-de-la-Permanente-2-05VII11-300x200.jpg?resize=300%2C200\" alt=\"\" width=\"300\" height=\"200\" srcset=\"https:\/\/i0.wp.com\/www.semioticafactual.com\/wp-content\/uploads\/2011\/07\/Sesin-de-la-Permanente-2-05VII11.jpg?resize=300%2C200&amp;ssl=1 300w, https:\/\/i0.wp.com\/www.semioticafactual.com\/wp-content\/uploads\/2011\/07\/Sesin-de-la-Permanente-2-05VII11.jpg?w=900&amp;ssl=1 900w\" sizes=\"(max-width: 300px) 100vw, 300px\" data-recalc-dims=\"1\" \/><\/a><p id=\"caption-attachment-796\" class=\"wp-caption-text\">Realizar\u00e1n exhorto al ejecutivo Federal para que se audite al ISSSTE<\/p><\/div>\n<p>&nbsp;<\/p>\n<p>Semioticafactual.<\/p>\n<p><strong>Hermosillo, Son. 5 de julio de 2011.-<\/strong><\/p>\n<p>Con la finalidad de continuar con el desahogo del proceso legislativo inherente a diversas iniciativas presentadas por diputados de esta Legislatura y resolver\u00a0la procedencia de la admisi\u00f3n de la solicitud de remoci\u00f3n en contra de tres consejeros electorales, la Diputaci\u00f3n Permanente aprob\u00f3 convocar a una sesi\u00f3n extraordinaria para el lunes 11 de julio a las 09:00 horas.<\/p>\n<p>Asimismo aprob\u00f3 por unanimidad\u00a0exhortar al Ejecutivo Federal para que\u00a0realice las gestiones necesarias a efecto de que se lleve a cabo una auditor\u00eda externa al Instituto de Seguridad y Servicios Sociales de los Trabajadores del Estado, con la finalidad de conocer el estado actual financiero y operativo.<\/p>\n<p>El Presidente de la Diputaci\u00f3n Permanente, Marco Antonio Ram\u00edrez Wakamatzu, cedi\u00f3 el uso de la voz al diputado \u00d3scar Manuel Madero Valencia, para que diera lectura a su iniciativa con\u00a0punto de acuerdo para que se emita un pronunciamiento por parte de este \u00f3rgano legislativo con relaci\u00f3n a los serios problemas de desabasto de medicamentos, d\u00e9ficit de atenci\u00f3n m\u00e9dica y malos manejos financieros del Instituto de Seguridad y Servicios Sociales de los Trabajadores del Estado, ISSSTE.<\/p>\n<p>El legislador expuso que a cuatro a\u00f1os de la reforma al ISSSTE, los mismos organismos que manifestaban su confianza en la nueva Ley de dicho Instituto, hoy realizan serias acusaciones de desfalcos financieros y problemas de operatividad al interior del mismo, se\u00f1alando que existe un d\u00e9ficit de m\u00e9dicos y enfermeras, desabasto de medicamentos, falta de equipo y desatenci\u00f3n en cl\u00ednicas y hospitales.<\/p>\n<p>Adem\u00e1s, dijo, de padecer una administraci\u00f3n opaca y corrupta que no rinde cuentas y que ha cerrado todos los espacios de di\u00e1logo e interlocuci\u00f3n con las organizaciones de trabajadores, sin embargo hay una versi\u00f3n oficial que se contrapone a esas acusaciones, por lo que como representantes del pueblo, del que forman parte miles de servidores p\u00fablicos que dependen de los beneficios que debe otorgarles la instituci\u00f3n, est\u00e1n obligados a manifestarse.<\/p>\n<p>El Acuerdo aprobado establece exhortar al titular del Poder Ejecutivo Federal, para que gire instrucciones a las instancias competentes y realice las gestiones que sean necesarias, a efecto de que se lleve a cabo una auditor\u00eda externa al ISSSTE, con la finalidad de conocer el estado actual, tanto financiero como operativo del mismo.<\/p>\n<p>Tambi\u00e9n para que lleve a cabo las acciones que sean necesarias, con base a los resultados que arroje la auditor\u00eda, se asegure la vialidad financiera del Instituto de Seguridad y Servicios Sociales de los Trabajadores del Estado y se garantice la calidad en los servicios que dicha dependencia presta a sus derechohabientes.<\/p>\n<p>Como siguiente\u00a0 punto se aprob\u00f3 convocar al Pleno a\u00a0sesi\u00f3n extraordinaria, misma que\u00a0 fue programada\u00a0para iniciar a las 09:00 horas del pr\u00f3ximo lunes, bajo el siguiente Orden del D\u00eda:<\/p>\n<p>1.- Lista de asistencia.<\/p>\n<p>2.- Lectura del decreto que convoca al Congreso del Estado de Sonora a una sesi\u00f3n extraordinaria.<\/p>\n<p>3.- Elecci\u00f3n y nombramiento de la mesa directiva que ejercer\u00e1 funciones durante la sesi\u00f3n extraordinaria.<\/p>\n<p>4.- Iniciativa y aprobaci\u00f3n del decreto que inaugura la sesi\u00f3n extraordinaria.<\/p>\n<p>5.- Dictamen que presenta la Comisi\u00f3n de Gobernaci\u00f3n y Puntos Constitucionales, con punto de acuerdo mediante el cual el Congreso del Estado de Sonora resuelve admitir la solicitud de remoci\u00f3n contra los ciudadanos consejeros electorales propietarios del Consejo Estatal Electoral, Hilda Ben\u00edtez Carre\u00f3n, Marco Arturo Garc\u00eda Celaya y Ferm\u00edn Ch\u00e1vez Pe\u00f1\u00fa\u00f1uri, en virtud de que se han colmado los supuestos de admisi\u00f3n establecidos en el Art\u00edculo 366 del C\u00f3digo Electoral para el<\/p>\n<p>Estado de Sonora.<\/p>\n<p>6.- Segunda lectura del dictamen que presenta la Comisi\u00f3n de Presupuestos y Asuntos Municipales, con proyecto de decreto que adiciona el Art\u00edculo 122 Bis a la Ley de Ordenamiento Territorial y Desarrollo Urbano del Estado de Sonora.<\/p>\n<p>7.- Segunda lectura del dictamen que presenta la Comisi\u00f3n de Educaci\u00f3n y Cultura, con proyecto de Ley que Crea el Seguro Educativo para el Estado de Sonora.<\/p>\n<p>8.- Asuntos que por su urgencia o importancia considere resolver el Pleno del Congreso del Estado, por el voto de las dos terceras partes de los diputados que concurran a la sesi\u00f3n, en cuanto a su inclusi\u00f3n en el Orden del D\u00eda.<\/p>\n<p>9.- Iniciativa y aprobaci\u00f3n del decreto que clausura la sesi\u00f3n extraordinaria.<\/p>\n<p>10.- Clausura de la sesi\u00f3n.<\/p>\n","protected":false},"excerpt":{"rendered":"<p>Convocan a sesi\u00f3n extraordinaria al Pleno el lunes 11 de julio &nbsp; Semioticafactual. Hermosillo, Son. 5 de julio de 2011.- Con la finalidad de continuar con el desahogo del proceso legislativo inherente a diversas iniciativas presentadas por diputados de esta Legislatura y resolver\u00a0la procedencia de la admisi\u00f3n de la solicitud de remoci\u00f3n en contra de [&hellip;]<\/p>\n","protected":false},"author":1,"featured_media":0,"comment_status":"open","ping_status":"open","sticky":false,"template":"","format":"standard","meta":{"jetpack_post_was_ever_published":false,"_jetpack_newsletter_access":"","_jetpack_dont_email_post_to_subs":false,"_jetpack_newsletter_tier_id":0,"_jetpack_memberships_contains_paywalled_content":false,"_jetpack_memberships_contains_paid_content":false,"footnotes":"","jetpack_publicize_message":"","jetpack_publicize_feature_enabled":true,"jetpack_social_post_already_shared":false,"jetpack_social_options":{"image_generator_settings":{"template":"highway","enabled":false},"version":2}},"categories":[1,15,17],"tags":[],"jetpack_publicize_connections":[],"jetpack_featured_media_url":"","jetpack_shortlink":"https:\/\/wp.me\/p2mzaA-cP","jetpack_sharing_enabled":true,"jetpack_likes_enabled":true,"_links":{"self":[{"href":"https:\/\/www.semioticafactual.com\/index.php?rest_route=\/wp\/v2\/posts\/795"}],"collection":[{"href":"https:\/\/www.semioticafactual.com\/index.php?rest_route=\/wp\/v2\/posts"}],"about":[{"href":"https:\/\/www.semioticafactual.com\/index.php?rest_route=\/wp\/v2\/types\/post"}],"author":[{"embeddable":true,"href":"https:\/\/www.semioticafactual.com\/index.php?rest_route=\/wp\/v2\/users\/1"}],"replies":[{"embeddable":true,"href":"https:\/\/www.semioticafactual.com\/index.php?rest_route=%2Fwp%2Fv2%2Fcomments&post=795"}],"version-history":[{"count":2,"href":"https:\/\/www.semioticafactual.com\/index.php?rest_route=\/wp\/v2\/posts\/795\/revisions"}],"predecessor-version":[{"id":798,"href":"https:\/\/www.semioticafactual.com\/index.php?rest_route=\/wp\/v2\/posts\/795\/revisions\/798"}],"wp:attachment":[{"href":"https:\/\/www.semioticafactual.com\/index.php?rest_route=%2Fwp%2Fv2%2Fmedia&parent=795"}],"wp:term":[{"taxonomy":"category","embeddable":true,"href":"https:\/\/www.semioticafactual.com\/index.php?rest_route=%2Fwp%2Fv2%2Fcategories&post=795"},{"taxonomy":"post_tag","embeddable":true,"href":"https:\/\/www.semioticafactual.com\/index.php?rest_route=%2Fwp%2Fv2%2Ftags&post=795"}],"curies":[{"name":"wp","href":"https:\/\/api.w.org\/{rel}","templated":true}]}}