{"id":772,"date":"2011-07-05T18:55:54","date_gmt":"2011-07-05T18:55:54","guid":{"rendered":"http:\/\/www.semioticafactual.com\/?p=772"},"modified":"2011-07-05T18:55:55","modified_gmt":"2011-07-05T18:55:55","slug":"encinas-no-quiso-alianza-y-ahi-esta-el-resultado-ebrard","status":"publish","type":"post","link":"https:\/\/www.semioticafactual.com\/?p=772","title":{"rendered":"Encinas no quiso alianza y ah\u00ed est\u00e1 el resultado: Ebrard"},"content":{"rendered":"<p><em><strong>El jefe de gobierno del DF advirti\u00f3 que \u201chay que aprender de lo que ocurri\u00f3 (en las elecciones del pasado domingo) y tomar decisiones inteligentes\u201d<\/strong><\/em><\/p>\n<p><em><strong><\/strong><\/em>Tomado de Internet\/El universal\/Sara Pantoja\/Martes 05 de julio<\/p>\n<div id=\"attachment_773\" style=\"width: 310px\" class=\"wp-caption alignleft\"><a class=\"highslide\" onclick=\"return vz.expand(this)\" href=\"https:\/\/i0.wp.com\/www.semioticafactual.com\/wp-content\/uploads\/2011\/07\/alejandro-encinas-marcelo-ebrard.jpg\"><img loading=\"lazy\" decoding=\"async\" aria-describedby=\"caption-attachment-773\" data-attachment-id=\"773\" data-permalink=\"https:\/\/www.semioticafactual.com\/?attachment_id=773\" data-orig-file=\"https:\/\/i0.wp.com\/www.semioticafactual.com\/wp-content\/uploads\/2011\/07\/alejandro-encinas-marcelo-ebrard.jpg?fit=798%2C528&amp;ssl=1\" data-orig-size=\"798,528\" data-comments-opened=\"1\" data-image-meta=\"{&quot;aperture&quot;:&quot;0&quot;,&quot;credit&quot;:&quot;&quot;,&quot;camera&quot;:&quot;&quot;,&quot;caption&quot;:&quot;&quot;,&quot;created_timestamp&quot;:&quot;0&quot;,&quot;copyright&quot;:&quot;&quot;,&quot;focal_length&quot;:&quot;0&quot;,&quot;iso&quot;:&quot;0&quot;,&quot;shutter_speed&quot;:&quot;0&quot;,&quot;title&quot;:&quot;&quot;}\" data-image-title=\"alejandro-encinas-marcelo-ebrard\" data-image-description=\"\" data-image-caption=\"&lt;p&gt;Le reclama la no Alianza&lt;\/p&gt;\n\" data-medium-file=\"https:\/\/i0.wp.com\/www.semioticafactual.com\/wp-content\/uploads\/2011\/07\/alejandro-encinas-marcelo-ebrard.jpg?fit=300%2C198&amp;ssl=1\" data-large-file=\"https:\/\/i0.wp.com\/www.semioticafactual.com\/wp-content\/uploads\/2011\/07\/alejandro-encinas-marcelo-ebrard.jpg?fit=798%2C528&amp;ssl=1\" tabindex=\"0\" role=\"button\" class=\"size-medium wp-image-773\" title=\"alejandro-encinas-marcelo-ebrard\" src=\"https:\/\/i0.wp.com\/www.semioticafactual.com\/wp-content\/uploads\/2011\/07\/alejandro-encinas-marcelo-ebrard-300x198.jpg?resize=300%2C198\" alt=\"\" width=\"300\" height=\"198\" srcset=\"https:\/\/i0.wp.com\/www.semioticafactual.com\/wp-content\/uploads\/2011\/07\/alejandro-encinas-marcelo-ebrard.jpg?resize=300%2C198&amp;ssl=1 300w, https:\/\/i0.wp.com\/www.semioticafactual.com\/wp-content\/uploads\/2011\/07\/alejandro-encinas-marcelo-ebrard.jpg?w=798&amp;ssl=1 798w\" sizes=\"(max-width: 300px) 100vw, 300px\" data-recalc-dims=\"1\" \/><\/a><p id=\"caption-attachment-773\" class=\"wp-caption-text\">Le reclama la no Alianza<\/p><\/div>\n<p>\u00ab<strong>Alejandro Encinas\u00a0<\/strong>dijo no quiero una alianza, vamos a ir as\u00ed, bueno, ah\u00ed est\u00e1n los<strong>resultados\u00a0<\/strong>contra una maquinaria inmensa y contra todas las expectativas en contra\u00bb, asegur\u00f3 el jefe de Gobierno del Distrito Federal,\u00a0<strong>Marcelo Ebrard<\/strong>, a dos d\u00edas de la elecci\u00f3n de gobernador en el estado de M\u00e9xico, donde la coalici\u00f3n Unidos Podemos M\u00e1s obtuvo alrededor de 22% de la votaci\u00f3n.<\/p>\n<p>En entrevista, luego de un evento con la Junta de Asistencia Privada del DF, el mandatario capitalino destac\u00f3 el trabajo de Encinas Rodr\u00edguez, al decir que: \u00abhizo un gran trabajo, un gran papel, casi sin recursos y sin nada\u00bb.<\/p>\n<p>Ebrard Casaubon no se\u00f1al\u00f3 a alg\u00fan responsable de los resultados en electorales en el estado de M\u00e9xico ni en las otras entidades donde la izquierda no logr\u00f3 resultados positivos.<\/p>\n<p>\u00abNo es un tema en el partido de ver a quien le echas la culpa, sino entender lo que est\u00e1 ocurriendo\u00bb.<\/p>\n<p>Dijo que los bajos niveles de participaci\u00f3n significan que a los electores no les interes\u00f3 participar en estas elecciones, como s\u00ed ocurri\u00f3 en todos los estados donde el PRI perdi\u00f3 en el 2010.<\/p>\n<p>Agreg\u00f3 que 43% del nivel de participaci\u00f3n en la entidad mexiquense es uno de los m\u00e1s bajos de la historia y reiter\u00f3 \u00abHay que aprender de lo que ah\u00ed ocurri\u00f3 y tomar decisiones inteligentes en las pr\u00f3ximas semanas\u00bb.<\/p>\n<p>Ebrard fue cuestionado sobre algunos perredistas que culpan al ex candidato presidencial, Andr\u00e9s Manuel L\u00f3pez Obrador, de la derrota por no haber aceptado una alianza con el Partido Acci\u00f3n Nacional (PAN), a lo que respondi\u00f3: \u00abNo hay que responsabilizar a \u00e9ste o al otro\u00bb.<\/p>\n<p>Ebrard dijo que la izquierda debe tomar acciones pol\u00edticas inteligentes y que las alianzas pol\u00edticas pueden ser una de las v\u00edas importantes. \u00abYo siempre he dicho que la \u00fanica manera de balancear el poder de un r\u00e9gimen, que no de un partido, es conjugando esfuerzos. Es muy l\u00f3gico dos m\u00e1s dos son cuatro, ah\u00ed est\u00e1n los resultados\u00bb.<\/p>\n<p>Por \u00faltimo, Marcelo Ebrard dijo que \u00abmuy pronto habr\u00e1 una reuni\u00f3n de evaluaci\u00f3n que har\u00e1 el PRD de la que se derivar\u00e1n las pr\u00f3ximas acciones a seguir en el escenario pol\u00edtico del pa\u00eds.<\/p>\n<p>&nbsp;<\/p>\n","protected":false},"excerpt":{"rendered":"<p>El jefe de gobierno del DF advirti\u00f3 que \u201chay que aprender de lo que ocurri\u00f3 (en las elecciones del pasado domingo) y tomar decisiones inteligentes\u201d Tomado de Internet\/El universal\/Sara Pantoja\/Martes 05 de julio \u00abAlejandro Encinas\u00a0dijo no quiero una alianza, vamos a ir as\u00ed, bueno, ah\u00ed est\u00e1n losresultados\u00a0contra una maquinaria inmensa y contra todas las expectativas [&hellip;]<\/p>\n","protected":false},"author":1,"featured_media":0,"comment_status":"open","ping_status":"open","sticky":false,"template":"","format":"standard","meta":{"jetpack_post_was_ever_published":false,"_jetpack_newsletter_access":"","_jetpack_dont_email_post_to_subs":false,"_jetpack_newsletter_tier_id":0,"_jetpack_memberships_contains_paywalled_content":false,"_jetpack_memberships_contains_paid_content":false,"footnotes":"","jetpack_publicize_message":"","jetpack_publicize_feature_enabled":true,"jetpack_social_post_already_shared":false,"jetpack_social_options":{"image_generator_settings":{"template":"highway","enabled":false},"version":2}},"categories":[13,1],"tags":[],"jetpack_publicize_connections":[],"jetpack_featured_media_url":"","jetpack_shortlink":"https:\/\/wp.me\/p2mzaA-cs","jetpack_sharing_enabled":true,"jetpack_likes_enabled":true,"_links":{"self":[{"href":"https:\/\/www.semioticafactual.com\/index.php?rest_route=\/wp\/v2\/posts\/772"}],"collection":[{"href":"https:\/\/www.semioticafactual.com\/index.php?rest_route=\/wp\/v2\/posts"}],"about":[{"href":"https:\/\/www.semioticafactual.com\/index.php?rest_route=\/wp\/v2\/types\/post"}],"author":[{"embeddable":true,"href":"https:\/\/www.semioticafactual.com\/index.php?rest_route=\/wp\/v2\/users\/1"}],"replies":[{"embeddable":true,"href":"https:\/\/www.semioticafactual.com\/index.php?rest_route=%2Fwp%2Fv2%2Fcomments&post=772"}],"version-history":[{"count":1,"href":"https:\/\/www.semioticafactual.com\/index.php?rest_route=\/wp\/v2\/posts\/772\/revisions"}],"predecessor-version":[{"id":774,"href":"https:\/\/www.semioticafactual.com\/index.php?rest_route=\/wp\/v2\/posts\/772\/revisions\/774"}],"wp:attachment":[{"href":"https:\/\/www.semioticafactual.com\/index.php?rest_route=%2Fwp%2Fv2%2Fmedia&parent=772"}],"wp:term":[{"taxonomy":"category","embeddable":true,"href":"https:\/\/www.semioticafactual.com\/index.php?rest_route=%2Fwp%2Fv2%2Fcategories&post=772"},{"taxonomy":"post_tag","embeddable":true,"href":"https:\/\/www.semioticafactual.com\/index.php?rest_route=%2Fwp%2Fv2%2Ftags&post=772"}],"curies":[{"name":"wp","href":"https:\/\/api.w.org\/{rel}","templated":true}]}}