{"id":46985,"date":"2026-04-27T01:56:42","date_gmt":"2026-04-27T01:56:42","guid":{"rendered":"https:\/\/www.semioticafactual.com\/?p=46985"},"modified":"2026-04-28T02:02:42","modified_gmt":"2026-04-28T02:02:42","slug":"aprueba-congreso-de-sonora-en-comision-metodologia-para-evaluar-aspirantes-a-la-cedh-2026-2030","status":"publish","type":"post","link":"https:\/\/www.semioticafactual.com\/?p=46985","title":{"rendered":"Aprueba Congreso de Sonora, en comisi\u00f3n, metodolog\u00eda para evaluar aspirantes a la CEDH 2026-2030"},"content":{"rendered":"<p>Aprueba Congreso de Sonora, en comisi\u00f3n, metodolog\u00eda para evaluar aspirantes a la CEDH 2026-2030<\/p>\n<p>Hermosillo, Sonora; 27 de abril de 2026.- La Comisi\u00f3n de Justicia y Derechos Humanos aprob\u00f3 la metodolog\u00eda que se aplicar\u00e1 para la evaluaci\u00f3n de las personas aspirantes a la presidencia de la Comisi\u00f3n Estatal de Derechos Humanos (CEDH) para el periodo 2026-2030.<\/p>\n<p>El diputado Ren\u00e9 Edmundo Garc\u00eda Rojo (PT), presidente de la comisi\u00f3n, someti\u00f3 a consideraci\u00f3n el acuerdo que establece que la valoraci\u00f3n de los perfiles se realizar\u00e1 con base en seis criterios: acreditaci\u00f3n documental del curr\u00edculum vitae, formaci\u00f3n acad\u00e9mica, viabilidad del proyecto de trabajo, trayectoria p\u00fablica, las manifestaciones recibidas respecto a cada aspirante y desempe\u00f1o en entrevista ante la comisi\u00f3n. Cada uno de estos elementos ser\u00e1 calificado mediante par\u00e1metros cualitativos previamente definidos.<\/p>\n<p>Con base en esta metodolog\u00eda, describi\u00f3 el legislador, la comisi\u00f3n integrar\u00e1 un listado de candidaturas id\u00f3neas que ser\u00e1 presentado ante el Pleno del Congreso del Estado el pr\u00f3ximo 8 de mayo de 2026.<\/p>\n<p>Asimismo, dijo, se establece que, en caso de que alguna persona aspirante alcance el voto de las dos terceras partes de las y los diputados integrantes de la 64 Legislatura, no ser\u00e1 necesario someter a votaci\u00f3n al resto de las candidaturas.<\/p>\n<p>Por \u00faltimo, la metodolog\u00eda ser\u00e1 publicada en la p\u00e1gina electr\u00f3nica del Congreso local, para dar cumplimiento a los principios de m\u00e1xima publicidad y transparencia, seg\u00fan se establece en la base s\u00e9ptima de la convocatoria previamente mencionada.<\/p>\n<p>A la reuni\u00f3n asistieron las diputadas Claudia Zulema Bours Corral (PVEM), Ros\u00e1ngela Amairany Pe\u00f1a Escalante (PES), Ana Gabriela Tapia Fonllem (PRD), y los diputados Emeterio Ochoa Baz\u00faa (PRI) y Julio C\u00e9sar Navarro Contreras (Morena).<\/p>\n<p>As\u00ed mismo, la comisi\u00f3n dio a conocer la calendarizaci\u00f3n de entrevistas para aspirantes a ocupar la presidencia de la CEDH, las cuales se llevar\u00e1n a cabo el d\u00eda mi\u00e9rcoles 29 de abril de 2026, en un horario de 10:00 a 15:00 horas, en las instalaciones del Sal\u00f3n de Eventos Ejecutivos del Hotel Araiza en Hermosillo, Sonora.<\/p>\n<p>CALENDARIZACI\u00d3N DE ENTREVISTAS PARA ASPIRANTES A OCUPAR LA PRESIDENCIA DE LA COMISI\u00d3N ESTATAL DE DERECHOS HUMANOS PARA EL PERIODO 2026 -2030<br \/>\nTodas las entrevistas se llevar\u00e1n a cabo el d\u00eda mi\u00e9rcoles 29 de abril de 2026, en las instalaciones del Sal\u00f3n de Eventos Ejecutivos del Hotel Araiza, ubicado en Blvd. Fco. Eusebio Kino 353, Col. Lomas Pitic, Hermosillo, Sonora, Mex. C.P. 83010.<\/p>\n<p>No. NOMBRE D\u00cdA HORA<br \/>\n1 JEANETTE ARRIZON MARINA Mi\u00e9rcoles 29 de abril de 2026 10:00<br \/>\n2 SAUL EUGENIO TORRES MILLAN Mi\u00e9rcoles 29 de abril de 2026 10:10<br \/>\n3 TEODORO CERVANDO FLORES CASTELO Mi\u00e9rcoles 29 de abril de 2026 10:20<br \/>\n4 ALONSO FONSECA CA\u00d1EZ Mi\u00e9rcoles 29 de abril de 2026 10:30<br \/>\n5 OMAR OCHOA BELTRAN Mi\u00e9rcoles 29 de abril de 2026 10:40<br \/>\n6 NELLY GUADALUPE FELIX ESPINOZA DE LOS MONTEROS Mi\u00e9rcoles 29 de abril de 2026 10:50<br \/>\n7 EMMA GUADALUPE MILLAN CASTRO Mi\u00e9rcoles 29 de abril de 2026 11:00<br \/>\n8 ANA KAREM VELARDE MORENO Mi\u00e9rcoles 29 de abril de 2026 11:10<br \/>\n9 LIZA ADRIANA AUYON DOMINGUEZ Mi\u00e9rcoles 29 de abril de 2026 11:20<br \/>\n10 AARON CELAYA LOZANO Mi\u00e9rcoles 29 de abril de 2026 11:30<br \/>\n11 ERNESTO GARCIA HUERTA Mi\u00e9rcoles 29 de abril de 2026 11:40<br \/>\n12 REYES JOEL PARAMO ROBLES Mi\u00e9rcoles 29 de abril de 2026 11:50<br \/>\n13 MARIA ISABEL SANDOVAL SANCHEZ Mi\u00e9rcoles 29 de abril de 2026 12:00<br \/>\n14 MAYRA LETICIA VELARDE PORTUGAL Mi\u00e9rcoles 29 de abril de 2026 12:10<br \/>\n15 MARTHA LETICIA LEYVA LEYVA Mi\u00e9rcoles 29 de abril de 2026 12:20<br \/>\n16 REYNA DENISSE ZAYAS VILLAESCUSA Mi\u00e9rcoles 29 de abril de 2026 12:30<br \/>\n17 FATIMA ALEXANDRA MART\u00cdNEZ ACOSTA Mi\u00e9rcoles 29 de abril de 2026 12:40<br \/>\n18 JESUS ANTONIO RUIZ AGUIRRE Mi\u00e9rcoles 29 de abril de 2026 12:50<br \/>\n19 ITZEL GUADALUPE REYES CORNEJO Mi\u00e9rcoles 29 de abril de 2026 13:00<br \/>\n20 SANDRA LUZ BERNAL SALIDO Mi\u00e9rcoles 29 de abril de 2026 13:10<br \/>\n21 LUZ ESTHELA VELARDE PORTUGAL Mi\u00e9rcoles 29 de abril de 2026 13:20<br \/>\n22 NALYNDESIRETTE CHABLE GERONIMO Mi\u00e9rcoles 29 de abril de 2026 13:30<br \/>\n23 LIZETTE GEORGINA SANDOVAL MENESES Mi\u00e9rcoles 29 de abril de 2026 13:40<br \/>\n24 OMAR ALEXIS ESTRADA GOMEZ Mi\u00e9rcoles 29 de abril de 2026 13:50<br \/>\n25 IVAN EDUARDO ANDRADE REMBAU Mi\u00e9rcoles 29 de abril de 2026 14:00<br \/>\n26 GLADYS YADIRA HERRERA TOYOS Mi\u00e9rcoles 29 de abril de 2026 14:10<br \/>\n27 MARGARITA COLUNGA LLANEZ Mi\u00e9rcoles 29 de abril de 2026 14:20<br \/>\n28 LUISA JUDITH PEINADO ENRIQUEZ Mi\u00e9rcoles 29 de abril de 2026 14:30<br \/>\n29 HECTOR FRANCISCO ROMAN CALLES Mi\u00e9rcoles 29 de abril de 2026 14:40<br \/>\n30 GUADALUPE AZUCENA YANES LAGUNA Mi\u00e9rcoles 29 de abril de 2026 14:50<\/p>\n","protected":false},"excerpt":{"rendered":"<p>Aprueba Congreso de Sonora, en comisi\u00f3n, metodolog\u00eda para evaluar aspirantes a la CEDH 2026-2030 Hermosillo, Sonora; 27 de abril de 2026.- La Comisi\u00f3n de Justicia y Derechos Humanos aprob\u00f3 la metodolog\u00eda que se aplicar\u00e1 para la evaluaci\u00f3n de las personas aspirantes a la presidencia de la Comisi\u00f3n Estatal de Derechos Humanos (CEDH) para el periodo [&hellip;]<\/p>\n","protected":false},"author":1,"featured_media":46986,"comment_status":"open","ping_status":"closed","sticky":false,"template":"","format":"standard","meta":{"jetpack_post_was_ever_published":false,"_jetpack_newsletter_access":"","_jetpack_dont_email_post_to_subs":false,"_jetpack_newsletter_tier_id":0,"_jetpack_memberships_contains_paywalled_content":false,"_jetpack_memberships_contains_paid_content":false,"footnotes":"","jetpack_publicize_message":"","jetpack_publicize_feature_enabled":true,"jetpack_social_post_already_shared":true,"jetpack_social_options":{"image_generator_settings":{"template":"highway","enabled":false},"version":2}},"categories":[63,12,1,14],"tags":[],"jetpack_publicize_connections":[],"jetpack_featured_media_url":"https:\/\/i0.wp.com\/www.semioticafactual.com\/wp-content\/uploads\/2026\/04\/WhatsApp-Image-2026-04-27-at-6.08.56-PM-e1777341748999.jpeg?fit=1020%2C574&ssl=1","jetpack_shortlink":"https:\/\/wp.me\/p2mzaA-cdP","jetpack_sharing_enabled":true,"jetpack_likes_enabled":true,"_links":{"self":[{"href":"https:\/\/www.semioticafactual.com\/index.php?rest_route=\/wp\/v2\/posts\/46985"}],"collection":[{"href":"https:\/\/www.semioticafactual.com\/index.php?rest_route=\/wp\/v2\/posts"}],"about":[{"href":"https:\/\/www.semioticafactual.com\/index.php?rest_route=\/wp\/v2\/types\/post"}],"author":[{"embeddable":true,"href":"https:\/\/www.semioticafactual.com\/index.php?rest_route=\/wp\/v2\/users\/1"}],"replies":[{"embeddable":true,"href":"https:\/\/www.semioticafactual.com\/index.php?rest_route=%2Fwp%2Fv2%2Fcomments&post=46985"}],"version-history":[{"count":1,"href":"https:\/\/www.semioticafactual.com\/index.php?rest_route=\/wp\/v2\/posts\/46985\/revisions"}],"predecessor-version":[{"id":46987,"href":"https:\/\/www.semioticafactual.com\/index.php?rest_route=\/wp\/v2\/posts\/46985\/revisions\/46987"}],"wp:featuredmedia":[{"embeddable":true,"href":"https:\/\/www.semioticafactual.com\/index.php?rest_route=\/wp\/v2\/media\/46986"}],"wp:attachment":[{"href":"https:\/\/www.semioticafactual.com\/index.php?rest_route=%2Fwp%2Fv2%2Fmedia&parent=46985"}],"wp:term":[{"taxonomy":"category","embeddable":true,"href":"https:\/\/www.semioticafactual.com\/index.php?rest_route=%2Fwp%2Fv2%2Fcategories&post=46985"},{"taxonomy":"post_tag","embeddable":true,"href":"https:\/\/www.semioticafactual.com\/index.php?rest_route=%2Fwp%2Fv2%2Ftags&post=46985"}],"curies":[{"name":"wp","href":"https:\/\/api.w.org\/{rel}","templated":true}]}}