{"id":46961,"date":"2026-04-19T10:26:30","date_gmt":"2026-04-19T10:26:30","guid":{"rendered":"https:\/\/www.semioticafactual.com\/?p=46961"},"modified":"2026-04-20T10:28:01","modified_gmt":"2026-04-20T10:28:01","slug":"gobernador-durazo-profesionaliza-a-350-mil-sonorenses-en-inteligencia-artificial-con-microsoft","status":"publish","type":"post","link":"https:\/\/www.semioticafactual.com\/?p=46961","title":{"rendered":"Gobernador Durazo profesionaliza a 350 mil sonorenses en inteligencia artificial con Microsoft"},"content":{"rendered":"<p>Gobernador Durazo profesionaliza a 350 mil sonorenses en inteligencia artificial con Microsoft<\/p>\n<ul>\n<li>El gobernador Alfonso Durazo anunci\u00f3 el programa de capacitaci\u00f3n para el uso de herramientas de Inteligencia Artificial impartido por Microsoft, mediante un acuerdo establecido con la Secretar\u00eda de Educaci\u00f3n y Cultura (SEC).<\/p>\n<\/li>\n<li>\n<p>Se trata de la iniciativa de profesionalizaci\u00f3n m\u00e1s grande de M\u00e9xico, equivalente a una inversi\u00f3n de 300 millones de pesos en formaci\u00f3n especializada.<\/p>\n<\/li>\n<\/ul>\n<p>Hermosillo, Sonora; 19 de abril de 2026.- A trav\u00e9s de una alianza estrat\u00e9gica entre la Secretar\u00eda de Educaci\u00f3n y Cultura (SEC) y Microsoft, 350 mil sonorenses tendr\u00e1n acceso a capacitaci\u00f3n en materia de habilidades de inteligencia artificial, inform\u00f3 el gobernador Alfonso Durazo Monta\u00f1o, con la finalidad de ampliar oportunidades de formaci\u00f3n profesional y las capacidades tecnol\u00f3gicas.<\/p>\n<p>El mandatario estatal dio a conocer que se trata de la oferta de capacitaci\u00f3n digital m\u00e1s grande en M\u00e9xico por parte de la mencionada empresa de tecnolog\u00eda, y que representa una inversi\u00f3n equivalente a los 300 millones de pesos en formaci\u00f3n especializada.<\/p>\n<p>\u201cCon esta estrategia impulsamos el pensamiento cr\u00edtico, la innovaci\u00f3n, y el desarrollo tecnol\u00f3gico en nuestro estado. En Sonora, gobierno, ciudadan\u00eda, e iniciativa, trabajaremos de forma coordinada para formar hoy talento que liderar\u00e1 el ma\u00f1ana\u201d, indic\u00f3.<\/p>\n<p>Los cursos estar\u00e1n disponibles para docentes, estudiantes, personal educativo, y p\u00fablico en general, con contenidos que van desde el nivel introductorio hasta especializado, enfocados en el uso responsable y productivo de la inteligencia artificial.<\/p>\n<p>Quienes participen podr\u00e1n obtener constancias oficiales de Microsoft, fortaleciendo sus oportunidades acad\u00e9micas y laborales.<\/p>\n<p>El gobernador Durazo Monta\u00f1o llam\u00f3 a la ciudadan\u00eda a mantenerse informados a trav\u00e9s de las redes oficiales del Gobierno de Sonora para conocer fechas, detalles y procesos de inscripci\u00f3n a esta capacitaci\u00f3n que tiene como objetivo la formaci\u00f3n del talento humano en la entidad.<\/p>\n","protected":false},"excerpt":{"rendered":"<p>Gobernador Durazo profesionaliza a 350 mil sonorenses en inteligencia artificial con Microsoft El gobernador Alfonso Durazo anunci\u00f3 el programa de capacitaci\u00f3n para el uso de herramientas de Inteligencia Artificial impartido por Microsoft, mediante un acuerdo establecido con la Secretar\u00eda de Educaci\u00f3n y Cultura (SEC). Se trata de la iniciativa de profesionalizaci\u00f3n m\u00e1s grande de M\u00e9xico, [&hellip;]<\/p>\n","protected":false},"author":1,"featured_media":46962,"comment_status":"open","ping_status":"closed","sticky":false,"template":"","format":"standard","meta":{"jetpack_post_was_ever_published":false,"_jetpack_newsletter_access":"","_jetpack_dont_email_post_to_subs":false,"_jetpack_newsletter_tier_id":0,"_jetpack_memberships_contains_paywalled_content":false,"_jetpack_memberships_contains_paid_content":false,"footnotes":"","jetpack_publicize_message":"","jetpack_publicize_feature_enabled":true,"jetpack_social_post_already_shared":true,"jetpack_social_options":{"image_generator_settings":{"template":"highway","enabled":false},"version":2}},"categories":[12,1,16],"tags":[],"jetpack_publicize_connections":[],"jetpack_featured_media_url":"https:\/\/i0.wp.com\/www.semioticafactual.com\/wp-content\/uploads\/2026\/04\/WhatsApp-Image-2026-04-19-at-2.32.01-PM-e1776680876937.jpeg?fit=750%2C500&ssl=1","jetpack_shortlink":"https:\/\/wp.me\/p2mzaA-cdr","jetpack_sharing_enabled":true,"jetpack_likes_enabled":true,"_links":{"self":[{"href":"https:\/\/www.semioticafactual.com\/index.php?rest_route=\/wp\/v2\/posts\/46961"}],"collection":[{"href":"https:\/\/www.semioticafactual.com\/index.php?rest_route=\/wp\/v2\/posts"}],"about":[{"href":"https:\/\/www.semioticafactual.com\/index.php?rest_route=\/wp\/v2\/types\/post"}],"author":[{"embeddable":true,"href":"https:\/\/www.semioticafactual.com\/index.php?rest_route=\/wp\/v2\/users\/1"}],"replies":[{"embeddable":true,"href":"https:\/\/www.semioticafactual.com\/index.php?rest_route=%2Fwp%2Fv2%2Fcomments&post=46961"}],"version-history":[{"count":1,"href":"https:\/\/www.semioticafactual.com\/index.php?rest_route=\/wp\/v2\/posts\/46961\/revisions"}],"predecessor-version":[{"id":46963,"href":"https:\/\/www.semioticafactual.com\/index.php?rest_route=\/wp\/v2\/posts\/46961\/revisions\/46963"}],"wp:featuredmedia":[{"embeddable":true,"href":"https:\/\/www.semioticafactual.com\/index.php?rest_route=\/wp\/v2\/media\/46962"}],"wp:attachment":[{"href":"https:\/\/www.semioticafactual.com\/index.php?rest_route=%2Fwp%2Fv2%2Fmedia&parent=46961"}],"wp:term":[{"taxonomy":"category","embeddable":true,"href":"https:\/\/www.semioticafactual.com\/index.php?rest_route=%2Fwp%2Fv2%2Fcategories&post=46961"},{"taxonomy":"post_tag","embeddable":true,"href":"https:\/\/www.semioticafactual.com\/index.php?rest_route=%2Fwp%2Fv2%2Ftags&post=46961"}],"curies":[{"name":"wp","href":"https:\/\/api.w.org\/{rel}","templated":true}]}}