{"id":46931,"date":"2026-03-27T02:51:55","date_gmt":"2026-03-27T02:51:55","guid":{"rendered":"https:\/\/www.semioticafactual.com\/?p=46931"},"modified":"2026-04-15T02:55:44","modified_gmt":"2026-04-15T02:55:44","slug":"presenta-el-diputado-jesus-tadeo-mendivil-posicionamiento-por-el-dia-del-agricultor-en-sonora","status":"publish","type":"post","link":"https:\/\/www.semioticafactual.com\/?p=46931","title":{"rendered":"Presenta el diputado Jes\u00fas Tadeo Mend\u00edvil posicionamiento por el D\u00eda del Agricultor en Sonora"},"content":{"rendered":"<p><strong>Destaca la aportaci\u00f3n del sector y se\u00f1ala rezagos en la producci\u00f3n de ma\u00edz y trigo<\/strong><\/p>\n<p>Hermosillo, Sonora; 26 de marzo de 2026. \u2013 En el marco del D\u00eda del Agricultor Sonorense, el diputado Jes\u00fas Tadeo Mend\u00edvil Valenzuela expres\u00f3 un reconocimiento a las y los productores del campo, destacando su dedicaci\u00f3n, esfuerzo y compromiso como elementos esenciales para garantizar la seguridad alimentaria y contribuir al desarrollo econ\u00f3mico del pa\u00eds.<\/p>\n<p>Durante su intervenci\u00f3n, el legislador morenista record\u00f3 que, aunque el 24 de junio se celebra a nivel nacional el D\u00eda del Agricultor, fue el cient\u00edfico Norman Borlaug quien instituy\u00f3 el 26 de marzo como una fecha especial para reconocer a las y los agricultores de Sonora, conmemoraci\u00f3n que este a\u00f1o alcanza su 70 aniversario.<\/p>\n<p>En ese contexto, se\u00f1al\u00f3 que el sector agr\u00edcola enfrenta retos estructurales significativos. Particularmente, en el caso del ma\u00edz, la producci\u00f3n nacional proyectada para el ciclo 2026 es de aproximadamente 23 millones de toneladas, mientras que la demanda excede los 47 millones, lo que se traduce en una dependencia de importaciones superior al 50 %.<\/p>\n<p>Asimismo, en el caso del trigo, se proyecta una producci\u00f3n de aproximadamente 3.5 millones de toneladas, frente a una demanda estimada de 7.5 millones, lo que implicar\u00e1 la necesidad de importar cerca del 60 % del consumo nacional.<\/p>\n<p>Mend\u00edvil Valenzuela se\u00f1al\u00f3 que M\u00e9xico presenta niveles hist\u00f3ricos en la importaci\u00f3n de granos, con un volumen de 47.9 millones de toneladas en 2025, lo que evidencia una creciente dependencia externa. Este fen\u00f3meno se explica, en gran medida, por la reducci\u00f3n en la rentabilidad del sector agr\u00edcola, asociada al incremento en los costos de producci\u00f3n, los cuales han aumentado hasta en un 55 % en los \u00faltimos a\u00f1os.<\/p>\n<p>Asimismo, se\u00f1al\u00f3 que entidades como Sonora y Sinaloa contin\u00faan siendo pilares en la producci\u00f3n agr\u00edcola del pa\u00eds, aunque enfrentan desaf\u00edos como el alza en los insumos, la volatilidad de los precios y la escasez de agua.<\/p>\n<p>Ante este panorama, se enfatiz\u00f3 la necesidad de fortalecer pol\u00edticas p\u00fablicas orientadas a mejorar la productividad y competitividad del sector, garantizar esquemas de comercializaci\u00f3n justos, reducir la dependencia de importaciones, as\u00ed como impulsar la infraestructura y tecnificaci\u00f3n del riego agr\u00edcola.<\/p>\n<p>\u201cEl campo mexicano no es solo un sector productivo, es un elemento estrat\u00e9gico para la estabilidad econ\u00f3mica y social de nuestro pa\u00eds. Reiteramos nuestro compromiso de seguir impulsando, desde el \u00e1mbito legislativo, acciones que fortalezcan el sector agr\u00edcola y brinden certidumbre a quienes trabajan la tierra\u201d, expres\u00f3.<\/p>\n<p>Finalmente, reiter\u00f3 el reconocimiento a las y los agricultores sonorenses por su contribuci\u00f3n al desarrollo del estado y del pa\u00eds, y llam\u00f3 a continuar trabajando de manera coordinada entre autoridades y productores para enfrentar los retos del sector y avanzar hacia la autosuficiencia alimentaria.<\/p>\n","protected":false},"excerpt":{"rendered":"<p>Destaca la aportaci\u00f3n del sector y se\u00f1ala rezagos en la producci\u00f3n de ma\u00edz y trigo Hermosillo, Sonora; 26 de marzo de 2026. \u2013 En el marco del D\u00eda del Agricultor Sonorense, el diputado Jes\u00fas Tadeo Mend\u00edvil Valenzuela expres\u00f3 un reconocimiento a las y los productores del campo, destacando su dedicaci\u00f3n, esfuerzo y compromiso como elementos [&hellip;]<\/p>\n","protected":false},"author":1,"featured_media":46930,"comment_status":"open","ping_status":"closed","sticky":false,"template":"","format":"standard","meta":{"jetpack_post_was_ever_published":false,"_jetpack_newsletter_access":"","_jetpack_dont_email_post_to_subs":false,"_jetpack_newsletter_tier_id":0,"_jetpack_memberships_contains_paywalled_content":false,"_jetpack_memberships_contains_paid_content":false,"footnotes":"","jetpack_publicize_message":"","jetpack_publicize_feature_enabled":true,"jetpack_social_post_already_shared":true,"jetpack_social_options":{"image_generator_settings":{"template":"highway","enabled":false},"version":2}},"categories":[19,12,1,14,9],"tags":[],"jetpack_publicize_connections":[],"jetpack_featured_media_url":"https:\/\/i0.wp.com\/www.semioticafactual.com\/wp-content\/uploads\/2026\/03\/WhatsApp-Image-2026-03-26-at-2.27.42-PM-e1776221665780.jpeg?fit=750%2C500&ssl=1","jetpack_shortlink":"https:\/\/wp.me\/p2mzaA-ccX","jetpack_sharing_enabled":true,"jetpack_likes_enabled":true,"_links":{"self":[{"href":"https:\/\/www.semioticafactual.com\/index.php?rest_route=\/wp\/v2\/posts\/46931"}],"collection":[{"href":"https:\/\/www.semioticafactual.com\/index.php?rest_route=\/wp\/v2\/posts"}],"about":[{"href":"https:\/\/www.semioticafactual.com\/index.php?rest_route=\/wp\/v2\/types\/post"}],"author":[{"embeddable":true,"href":"https:\/\/www.semioticafactual.com\/index.php?rest_route=\/wp\/v2\/users\/1"}],"replies":[{"embeddable":true,"href":"https:\/\/www.semioticafactual.com\/index.php?rest_route=%2Fwp%2Fv2%2Fcomments&post=46931"}],"version-history":[{"count":1,"href":"https:\/\/www.semioticafactual.com\/index.php?rest_route=\/wp\/v2\/posts\/46931\/revisions"}],"predecessor-version":[{"id":46932,"href":"https:\/\/www.semioticafactual.com\/index.php?rest_route=\/wp\/v2\/posts\/46931\/revisions\/46932"}],"wp:featuredmedia":[{"embeddable":true,"href":"https:\/\/www.semioticafactual.com\/index.php?rest_route=\/wp\/v2\/media\/46930"}],"wp:attachment":[{"href":"https:\/\/www.semioticafactual.com\/index.php?rest_route=%2Fwp%2Fv2%2Fmedia&parent=46931"}],"wp:term":[{"taxonomy":"category","embeddable":true,"href":"https:\/\/www.semioticafactual.com\/index.php?rest_route=%2Fwp%2Fv2%2Fcategories&post=46931"},{"taxonomy":"post_tag","embeddable":true,"href":"https:\/\/www.semioticafactual.com\/index.php?rest_route=%2Fwp%2Fv2%2Ftags&post=46931"}],"curies":[{"name":"wp","href":"https:\/\/api.w.org\/{rel}","templated":true}]}}