{"id":46918,"date":"2026-03-19T01:32:43","date_gmt":"2026-03-19T01:32:43","guid":{"rendered":"https:\/\/www.semioticafactual.com\/?p=46918"},"modified":"2026-04-15T01:36:13","modified_gmt":"2026-04-15T01:36:13","slug":"instala-congreso-de-sonora-comision-especial-del-rio-altar","status":"publish","type":"post","link":"https:\/\/www.semioticafactual.com\/?p=46918","title":{"rendered":"Instala Congreso de Sonora Comisi\u00f3n Especial del R\u00edo Altar"},"content":{"rendered":"<p><strong>Instala Congreso de Sonora Comisi\u00f3n Especial del R\u00edo Altar<\/strong><\/p>\n<p>Hermosillo, Sonora; 19 de marzo de 2026.- Con el objetivo de atender los principales retos de la regi\u00f3n y aprovechar sus oportunidades, diputadas y diputados del Congreso del Estado llevaron a cabo la instalaci\u00f3n de la Comisi\u00f3n Especial del R\u00edo Altar.<\/p>\n<p>Al inaugurar los trabajos, el diputado Ra\u00fal Gonz\u00e1lez de la Vega (PVEM), presidente del \u00f3rgano colegiado, destac\u00f3 la importancia de que el Poder Legislativo cuente con un espacio de coordinaci\u00f3n que permita articular acciones estrat\u00e9gicas en beneficio de los municipios que integran esta zona.<\/p>\n<p>&nbsp;<\/p>\n<p>Durante la instalaci\u00f3n, las diputadas y diputados integrantes de la comisi\u00f3n reiteraron su compromiso de trabajar de manera coordinada con los ayuntamientos, a fin de responder eficazmente a las necesidades de la poblaci\u00f3n de la zona noroeste del estado.<\/p>\n<p>&nbsp;<\/p>\n<p>Los presidentes municipales de la regi\u00f3n agradecieron la atenci\u00f3n brindada en temas prioritarios como agua, seguridad, turismo y generaci\u00f3n de empleo, y manifestaron su disposici\u00f3n para colaborar estrechamente con la comisi\u00f3n.<\/p>\n<p>Estuvieron presentes Roberto Gradillas Pineda, secretario de Econom\u00eda y Turismo, as\u00ed como representantes del Consejo Estatal de Concertaci\u00f3n para la Obra P\u00fablica (Cecop) y de la Comisi\u00f3n Estatal del Agua (CEA), quienes refrendaron su voluntad de sumar esfuerzos para fortalecer el desarrollo de esta regi\u00f3n.<\/p>\n<p>Tambi\u00e9n asistieron las diputadas y los diputados Amairany Pe\u00f1a Escalante (PES), Ana Gabriela Tapia Fonllem (PRD), Iris S\u00e1nchez Chiu (PRI), Mar\u00eda Alicia Gayt\u00e1n S\u00e1nchez (Morena), Jes\u00fas Tadeo Mend\u00edvil Valenzuela (Morena) y C\u00e9sar Salazar L\u00f3pez (NAS).<\/p>\n","protected":false},"excerpt":{"rendered":"<p>Instala Congreso de Sonora Comisi\u00f3n Especial del R\u00edo Altar Hermosillo, Sonora; 19 de marzo de 2026.- Con el objetivo de atender los principales retos de la regi\u00f3n y aprovechar sus oportunidades, diputadas y diputados del Congreso del Estado llevaron a cabo la instalaci\u00f3n de la Comisi\u00f3n Especial del R\u00edo Altar. Al inaugurar los trabajos, el [&hellip;]<\/p>\n","protected":false},"author":1,"featured_media":46919,"comment_status":"open","ping_status":"closed","sticky":false,"template":"","format":"standard","meta":{"jetpack_post_was_ever_published":false,"_jetpack_newsletter_access":"","_jetpack_dont_email_post_to_subs":false,"_jetpack_newsletter_tier_id":0,"_jetpack_memberships_contains_paywalled_content":false,"_jetpack_memberships_contains_paid_content":false,"footnotes":"","jetpack_publicize_message":"","jetpack_publicize_feature_enabled":true,"jetpack_social_post_already_shared":true,"jetpack_social_options":{"image_generator_settings":{"template":"highway","enabled":false},"version":2}},"categories":[63,12,1,14],"tags":[],"jetpack_publicize_connections":[],"jetpack_featured_media_url":"https:\/\/i0.wp.com\/www.semioticafactual.com\/wp-content\/uploads\/2026\/04\/55156990571_08ee5c5aa4_o.jpg?fit=1094%2C500&ssl=1","jetpack_shortlink":"https:\/\/wp.me\/p2mzaA-ccK","jetpack_sharing_enabled":true,"jetpack_likes_enabled":true,"_links":{"self":[{"href":"https:\/\/www.semioticafactual.com\/index.php?rest_route=\/wp\/v2\/posts\/46918"}],"collection":[{"href":"https:\/\/www.semioticafactual.com\/index.php?rest_route=\/wp\/v2\/posts"}],"about":[{"href":"https:\/\/www.semioticafactual.com\/index.php?rest_route=\/wp\/v2\/types\/post"}],"author":[{"embeddable":true,"href":"https:\/\/www.semioticafactual.com\/index.php?rest_route=\/wp\/v2\/users\/1"}],"replies":[{"embeddable":true,"href":"https:\/\/www.semioticafactual.com\/index.php?rest_route=%2Fwp%2Fv2%2Fcomments&post=46918"}],"version-history":[{"count":1,"href":"https:\/\/www.semioticafactual.com\/index.php?rest_route=\/wp\/v2\/posts\/46918\/revisions"}],"predecessor-version":[{"id":46920,"href":"https:\/\/www.semioticafactual.com\/index.php?rest_route=\/wp\/v2\/posts\/46918\/revisions\/46920"}],"wp:featuredmedia":[{"embeddable":true,"href":"https:\/\/www.semioticafactual.com\/index.php?rest_route=\/wp\/v2\/media\/46919"}],"wp:attachment":[{"href":"https:\/\/www.semioticafactual.com\/index.php?rest_route=%2Fwp%2Fv2%2Fmedia&parent=46918"}],"wp:term":[{"taxonomy":"category","embeddable":true,"href":"https:\/\/www.semioticafactual.com\/index.php?rest_route=%2Fwp%2Fv2%2Fcategories&post=46918"},{"taxonomy":"post_tag","embeddable":true,"href":"https:\/\/www.semioticafactual.com\/index.php?rest_route=%2Fwp%2Fv2%2Ftags&post=46918"}],"curies":[{"name":"wp","href":"https:\/\/api.w.org\/{rel}","templated":true}]}}