{"id":46904,"date":"2026-03-03T00:51:23","date_gmt":"2026-03-03T00:51:23","guid":{"rendered":"https:\/\/www.semioticafactual.com\/?p=46904"},"modified":"2026-04-15T00:54:16","modified_gmt":"2026-04-15T00:54:16","slug":"realiza-congreso-de-sonora-parlamento-abierto-para-fortalecer-ley-contra-la-extorsion","status":"publish","type":"post","link":"https:\/\/www.semioticafactual.com\/?p=46904","title":{"rendered":"Realiza\u00a0Congreso\u00a0de Sonora parlamento abierto para fortalecer ley contra la extorsi\u00f3n"},"content":{"rendered":"<p class=\"x_MsoNormal\" data-ogsc=\"\"><b data-ogsc=\"\"><span lang=\"ES\" data-ogsc=\"\" data-olk-copy-source=\"MessageBody\">Realiza\u00a0<span class=\"marka5p9o6ihz\" data-markjs=\"true\" data-ogac=\"\" data-ogab=\"\" data-ogsc=\"\" data-ogsb=\"\">Congreso<\/span>\u00a0de Sonora parlamento abierto para fortalecer ley contra la extorsi\u00f3n<\/span><\/b><\/p>\n<p class=\"x_MsoNormal\" data-ogsc=\"\"><b data-ogsc=\"\"><span lang=\"ES\" data-ogsc=\"\">\u00a0<\/span><\/b><b data-ogsc=\"\"><span lang=\"ES\" data-ogsc=\"\">Hermosillo, Sonora; 3 de marzo de 2026.-\u00a0<\/span><\/b><span lang=\"ES\" data-ogsc=\"\">A trav\u00e9s de un ejercicio de parlamento abierto, el\u00a0<span class=\"marka5p9o6ihz\" data-markjs=\"true\" data-ogac=\"\" data-ogab=\"\" data-ogsc=\"\" data-ogsb=\"\">Congreso<\/span>\u00a0del Estado, en coordinaci\u00f3n con autoridades estatales, analiz\u00f3 la iniciativa con proyecto de Ley para Prevenir, Investigar y Sancionar los Delitos en Materia de Extorsi\u00f3n, suscrita por el titular del Poder Ejecutivo estatal.<\/span><\/p>\n<p class=\"x_MsoNormal\" data-ogsc=\"\"><span lang=\"ES\" data-ogsc=\"\">\u00a0<\/span><span lang=\"ES\" data-ogsc=\"\">El diputado Julio C\u00e9sar Navarro Contreras (Morena), presidente de la Comisi\u00f3n de Gobernaci\u00f3n y Puntos Constitucionales, dio la bienvenida a las y los asistentes, acompa\u00f1ado de Bernardeth Ruiz Romero, subsecretaria de Desarrollo Pol\u00edtico del Gobierno de Sonora, y de Francisco Ren\u00e9 Maldonado Navarro, coordinador de Servicios Previos al Juicio y Supervisi\u00f3n de Libertad Condicionada de la Secretar\u00eda de Seguridad y Protecci\u00f3n Ciudadana estatal.<\/span><\/p>\n<p class=\"x_MsoNormal\" data-ogsc=\"\"><span lang=\"ES\" data-ogsc=\"\">\u00a0<\/span><\/p>\n<p class=\"x_MsoNormal\" data-ogsc=\"\"><span lang=\"ES\" data-ogsc=\"\">P\u00e1vel N\u00fa\u00f1ez Moreno, director jur\u00eddico del\u00a0<span class=\"marka5p9o6ihz\" data-markjs=\"true\" data-ogac=\"\" data-ogab=\"\" data-ogsc=\"\" data-ogsb=\"\">Congreso<\/span>\u00a0de Sonora, explic\u00f3 que la iniciativa tiene como finalidad armonizar el marco legal local con la Ley General para Prevenir, Investigar y Sancionar los Delitos en Materia de Extorsi\u00f3n, la cual establece que las entidades federativas deber\u00e1n adecuar su legislaci\u00f3n en un plazo de 180 d\u00edas.<\/span><\/p>\n<p class=\"x_MsoNormal\" data-ogsc=\"\"><span lang=\"ES\" data-ogsc=\"\">\u00a0<\/span><\/p>\n<p class=\"x_MsoNormal\" data-ogsc=\"\"><span lang=\"ES\" data-ogsc=\"\">La propuesta contempla que la Fiscal\u00eda General de Justicia del Estado (FGJE) estructure y ponga en operaci\u00f3n Unidades Especializadas en Combate a los Delitos de Extorsi\u00f3n y Delitos Vinculados; asimismo, instruye a la Secretar\u00eda de Seguridad y Protecci\u00f3n Ciudadana (SSPC Sonora) a establecer la estrategia estatal en la materia y a crear la Unidad de Atenci\u00f3n a Denuncias por el Delito de Extorsi\u00f3n. Tambi\u00e9n hace un atento llamado a las autoridades responsables de los centros penitenciarios para que establezcan la obligatoriedad de implementar procedimientos y tecnolog\u00edas de inhibici\u00f3n de se\u00f1ales de telefon\u00eda celular y transmisi\u00f3n de datos.<\/span><\/p>\n<p class=\"x_MsoNormal\" data-ogsc=\"\"><span lang=\"ES\" data-ogsc=\"\">\u00a0<\/span><span lang=\"ES\" data-ogsc=\"\">De igual forma, propone derogar el art\u00edculo 293 del C\u00f3digo Penal del Estado, a fin de que la tipificaci\u00f3n, investigaci\u00f3n y sanci\u00f3n del delito de extorsi\u00f3n queden reguladas de manera exclusiva en la ley en discusi\u00f3n, con el prop\u00f3sito de evitar una doble regulaci\u00f3n del delito.<\/span><\/p>\n<p class=\"x_MsoNormal\" data-ogsc=\"\"><span lang=\"ES\" data-ogsc=\"\">\u00a0<\/span><span lang=\"ES\" data-ogsc=\"\">Las personas asistentes coincidieron en la relevancia de fortalecer el marco jur\u00eddico local para prevenir, atender y combatir el delito de extorsi\u00f3n, al considerar que se trata de una problem\u00e1tica que afecta la seguridad, la econom\u00eda y la tranquilidad de las familias sonorenses. Destacaron que la armonizaci\u00f3n permitir\u00e1 dotar a las autoridades de herramientas m\u00e1s claras y eficaces para la investigaci\u00f3n y sanci\u00f3n de este delito.<\/span><\/p>\n<p class=\"x_MsoNormal\" data-ogsc=\"\"><span lang=\"ES\" data-ogsc=\"\">\u00a0<\/span><span lang=\"ES\" data-ogsc=\"\">Asistieron las diputadas Ernestina Castro Valenzuela (Morena), Rebeca Silva Gallardo (NAS), Jazm\u00edn G\u00f3mez Liz\u00e1rraga (PT), Deni Gast\u00e9lum Barreras (PT), Mar\u00eda Eduwiges Espinoza Tapia (Morena), as\u00ed como los diputados David Figueroa Ortega (PVEM), Ren\u00e9 Garc\u00eda Rojo (PT) y Norberto Barraza Almaz\u00e1n (PES).<\/span><\/p>\n<p class=\"x_MsoNormal\" data-ogsc=\"\"><span lang=\"ES\" data-ogsc=\"\">\u00a0<\/span><span lang=\"ES\" data-ogsc=\"\">Al concluir el ejercicio, se inform\u00f3 que la iniciativa completa puede consultarse en el portal oficial del\u00a0<span class=\"marka5p9o6ihz\" data-markjs=\"true\" data-ogac=\"\" data-ogab=\"\" data-ogsc=\"\" data-ogsb=\"\">Congreso<\/span>\u00a0del Estado de Sonora:\u00a0<a title=\"http:\/\/congresoson.gob.mx\" href=\"http:\/\/congresoson.gob.mx\/\" target=\"_blank\" rel=\"noopener noreferrer\" data-auth=\"NotApplicable\" data-linkindex=\"1\" data-ogsc=\"\"><span class=\"marka5p9o6ihz\" data-markjs=\"true\" data-ogac=\"\" data-ogab=\"\" data-ogsc=\"\" data-ogsb=\"\">congreso<\/span>son.gob.mx<\/a>.<\/span><\/p>\n","protected":false},"excerpt":{"rendered":"<p>Realiza\u00a0Congreso\u00a0de Sonora parlamento abierto para fortalecer ley contra la extorsi\u00f3n \u00a0Hermosillo, Sonora; 3 de marzo de 2026.-\u00a0A trav\u00e9s de un ejercicio de parlamento abierto, el\u00a0Congreso\u00a0del Estado, en coordinaci\u00f3n con autoridades estatales, analiz\u00f3 la iniciativa con proyecto de Ley para Prevenir, Investigar y Sancionar los Delitos en Materia de Extorsi\u00f3n, suscrita por el titular del Poder [&hellip;]<\/p>\n","protected":false},"author":1,"featured_media":46905,"comment_status":"open","ping_status":"closed","sticky":false,"template":"","format":"standard","meta":{"jetpack_post_was_ever_published":false,"_jetpack_newsletter_access":"","_jetpack_dont_email_post_to_subs":false,"_jetpack_newsletter_tier_id":0,"_jetpack_memberships_contains_paywalled_content":false,"_jetpack_memberships_contains_paid_content":false,"footnotes":"","jetpack_publicize_message":"","jetpack_publicize_feature_enabled":true,"jetpack_social_post_already_shared":true,"jetpack_social_options":{"image_generator_settings":{"template":"highway","enabled":false},"version":2}},"categories":[63,12,1,14],"tags":[],"jetpack_publicize_connections":[],"jetpack_featured_media_url":"https:\/\/i0.wp.com\/www.semioticafactual.com\/wp-content\/uploads\/2026\/04\/55126182952_0f24d84839_o-scaled-e1776214405331.jpg?fit=1020%2C557&ssl=1","jetpack_shortlink":"https:\/\/wp.me\/p2mzaA-ccw","jetpack_sharing_enabled":true,"jetpack_likes_enabled":true,"_links":{"self":[{"href":"https:\/\/www.semioticafactual.com\/index.php?rest_route=\/wp\/v2\/posts\/46904"}],"collection":[{"href":"https:\/\/www.semioticafactual.com\/index.php?rest_route=\/wp\/v2\/posts"}],"about":[{"href":"https:\/\/www.semioticafactual.com\/index.php?rest_route=\/wp\/v2\/types\/post"}],"author":[{"embeddable":true,"href":"https:\/\/www.semioticafactual.com\/index.php?rest_route=\/wp\/v2\/users\/1"}],"replies":[{"embeddable":true,"href":"https:\/\/www.semioticafactual.com\/index.php?rest_route=%2Fwp%2Fv2%2Fcomments&post=46904"}],"version-history":[{"count":2,"href":"https:\/\/www.semioticafactual.com\/index.php?rest_route=\/wp\/v2\/posts\/46904\/revisions"}],"predecessor-version":[{"id":46907,"href":"https:\/\/www.semioticafactual.com\/index.php?rest_route=\/wp\/v2\/posts\/46904\/revisions\/46907"}],"wp:featuredmedia":[{"embeddable":true,"href":"https:\/\/www.semioticafactual.com\/index.php?rest_route=\/wp\/v2\/media\/46905"}],"wp:attachment":[{"href":"https:\/\/www.semioticafactual.com\/index.php?rest_route=%2Fwp%2Fv2%2Fmedia&parent=46904"}],"wp:term":[{"taxonomy":"category","embeddable":true,"href":"https:\/\/www.semioticafactual.com\/index.php?rest_route=%2Fwp%2Fv2%2Fcategories&post=46904"},{"taxonomy":"post_tag","embeddable":true,"href":"https:\/\/www.semioticafactual.com\/index.php?rest_route=%2Fwp%2Fv2%2Ftags&post=46904"}],"curies":[{"name":"wp","href":"https:\/\/api.w.org\/{rel}","templated":true}]}}