{"id":46901,"date":"2026-03-04T00:44:53","date_gmt":"2026-03-04T00:44:53","guid":{"rendered":"https:\/\/www.semioticafactual.com\/?p=46901"},"modified":"2026-04-15T00:50:15","modified_gmt":"2026-04-15T00:50:15","slug":"congreso-de-sonora-socializa-en-cajeme-iniciativa-en-materia-de-obligaciones-alimentarias","status":"publish","type":"post","link":"https:\/\/www.semioticafactual.com\/?p=46901","title":{"rendered":"Congreso de Sonora socializa en Cajeme iniciativa en materia de obligaciones alimentarias"},"content":{"rendered":"<p class=\"x_MsoNormal\" data-ogsc=\"\"><b data-ogsc=\"\"><span lang=\"ES\" data-ogsc=\"\" data-olk-copy-source=\"MessageBody\">Congreso de Sonora socializa en Cajeme iniciativa en materia de obligaciones alimentarias<\/span><\/b><\/p>\n<p class=\"x_MsoNormal\" data-ogsc=\"\"><b data-ogsc=\"\"><span lang=\"ES\" data-ogsc=\"\">Ciudad Obreg\u00f3n, Sonora; 4 de marzo de 2026.\u2013<\/span><\/b><span lang=\"ES\" data-ogsc=\"\">\u00a0El\u00a0<span class=\"markutwqfmdth\" data-markjs=\"true\" data-ogac=\"\" data-ogab=\"\" data-ogsc=\"\" data-ogsb=\"\">Congreso<\/span>\u00a0del Estado dio continuidad en Cajeme al proceso de socializaci\u00f3n de la iniciativa que propone la integraci\u00f3n de Sonora al Registro Nacional de Obligaciones Alimentarias (RNOA).<\/span><\/p>\n<p class=\"x_MsoNormal\" data-ogsc=\"\"><span lang=\"ES\" data-ogsc=\"\">La diputada Deni Gast\u00e9lum Barreras (Morena) explic\u00f3 que dicho registro sirve para concentrar, sistematizar y difundir informaci\u00f3n de personas deudoras alimentarias morosas que incumplen con el pago de pensi\u00f3n por m\u00e1s de 90 d\u00edas, con el objetivo de asegurar el cumplimiento de las pensiones alimenticias y garantizar una vida digna para ni\u00f1as, ni\u00f1os y adolescentes.<\/span><\/p>\n<p class=\"x_MsoNormal\" data-ogsc=\"\"><span lang=\"ES\" data-ogsc=\"\">Mencion\u00f3 que el objetivo de la propuesta es incorporar al estado al RNOA mediante diversas modificaciones a la Ley de los Derechos de Ni\u00f1as, Ni\u00f1os y Adolescentes, as\u00ed como a la Ley Org\u00e1nica del Poder Judicial, lo que permitir\u00e1 que Sonora se sume a este mecanismo.<\/span><\/p>\n<p class=\"x_MsoNormal\" data-ogsc=\"\"><span lang=\"ES\" data-ogsc=\"\">El diputado Sebasti\u00e1n Ordu\u00f1o Fragoza (Morena) detall\u00f3 que las personas inscritas en dicho registro enfrentar\u00e1n restricciones en diversos tr\u00e1mites, como la expedici\u00f3n de licencias de conducir, el registro de propiedades, la realizaci\u00f3n de tr\u00e1mites notariales, as\u00ed como el acceso a programas sociales, subsidios y cr\u00e9ditos gubernamentales, entre otros.<\/span><\/p>\n<p class=\"x_MsoNormal\" data-ogsc=\"\"><span lang=\"ES\" data-ogsc=\"\">Por su parte, la diputada Gabriela F\u00e9lix Boj\u00f3rquez (MC) destac\u00f3 que esta armonizaci\u00f3n legislativa permitir\u00e1 evitar que a la ni\u00f1ez y adolescencia se les prive del derecho a recibir su pensi\u00f3n alimenticia.<\/span><\/p>\n<p class=\"x_MsoNormal\" data-ogsc=\"\"><span lang=\"ES\" data-ogsc=\"\">Durante el desarrollo del ejercicio de parlamento abierto, en el que tambi\u00e9n se cont\u00f3 con la asistencia de la diputada Ernestina Castro Valenzuela (Morena), las personas asistentes coincidieron en la importancia de cumplir con las obligaciones alimentarias hacia la ni\u00f1ez y adolescencia, a fin de fortalecer la protecci\u00f3n de sus derechos humanos.<\/span><\/p>\n<p class=\"x_MsoNormal\" data-ogsc=\"\"><span lang=\"ES\" data-ogsc=\"\">La diputada Gast\u00e9lum Barreras se\u00f1al\u00f3 que las opiniones y comentarios vertidos durante el encuentro ser\u00e1n tomados en cuenta para enriquecer el dictamen final, el cual se encuentra actualmente en an\u00e1lisis en las comisiones de Justicia y Derechos Humanos, y de Derechos de la Ni\u00f1ez, Adolescencia y Juventud, de forma unida.<\/span><\/p>\n<p class=\"x_MsoNormal\" data-ogsc=\"\"><span lang=\"ES\" data-ogsc=\"\">En este ejercicio participaron representantes del Sistema Estatal de Protecci\u00f3n Integral de Ni\u00f1as, Ni\u00f1os y Adolescentes (Sipinna Sonora), del Sistema para el Desarrollo Integral de la Familia (DIF Sonora), as\u00ed como autoridades municipales, integrantes del Observatorio Todas Mx y personas interesadas en el tema.<\/span><\/p>\n","protected":false},"excerpt":{"rendered":"<p>Congreso de Sonora socializa en Cajeme iniciativa en materia de obligaciones alimentarias Ciudad Obreg\u00f3n, Sonora; 4 de marzo de 2026.\u2013\u00a0El\u00a0Congreso\u00a0del Estado dio continuidad en Cajeme al proceso de socializaci\u00f3n de la iniciativa que propone la integraci\u00f3n de Sonora al Registro Nacional de Obligaciones Alimentarias (RNOA). La diputada Deni Gast\u00e9lum Barreras (Morena) explic\u00f3 que dicho registro [&hellip;]<\/p>\n","protected":false},"author":1,"featured_media":46902,"comment_status":"open","ping_status":"closed","sticky":false,"template":"","format":"standard","meta":{"jetpack_post_was_ever_published":false,"_jetpack_newsletter_access":"","_jetpack_dont_email_post_to_subs":false,"_jetpack_newsletter_tier_id":0,"_jetpack_memberships_contains_paywalled_content":false,"_jetpack_memberships_contains_paid_content":false,"footnotes":"","jetpack_publicize_message":"","jetpack_publicize_feature_enabled":true,"jetpack_social_post_already_shared":true,"jetpack_social_options":{"image_generator_settings":{"template":"highway","enabled":false},"version":2}},"categories":[63,12,1,9],"tags":[],"jetpack_publicize_connections":[],"jetpack_featured_media_url":"https:\/\/i0.wp.com\/www.semioticafactual.com\/wp-content\/uploads\/2026\/04\/55128092332_41c8aff395_o-e1776214185197.jpg?fit=1015%2C571&ssl=1","jetpack_shortlink":"https:\/\/wp.me\/p2mzaA-cct","jetpack_sharing_enabled":true,"jetpack_likes_enabled":true,"_links":{"self":[{"href":"https:\/\/www.semioticafactual.com\/index.php?rest_route=\/wp\/v2\/posts\/46901"}],"collection":[{"href":"https:\/\/www.semioticafactual.com\/index.php?rest_route=\/wp\/v2\/posts"}],"about":[{"href":"https:\/\/www.semioticafactual.com\/index.php?rest_route=\/wp\/v2\/types\/post"}],"author":[{"embeddable":true,"href":"https:\/\/www.semioticafactual.com\/index.php?rest_route=\/wp\/v2\/users\/1"}],"replies":[{"embeddable":true,"href":"https:\/\/www.semioticafactual.com\/index.php?rest_route=%2Fwp%2Fv2%2Fcomments&post=46901"}],"version-history":[{"count":1,"href":"https:\/\/www.semioticafactual.com\/index.php?rest_route=\/wp\/v2\/posts\/46901\/revisions"}],"predecessor-version":[{"id":46903,"href":"https:\/\/www.semioticafactual.com\/index.php?rest_route=\/wp\/v2\/posts\/46901\/revisions\/46903"}],"wp:featuredmedia":[{"embeddable":true,"href":"https:\/\/www.semioticafactual.com\/index.php?rest_route=\/wp\/v2\/media\/46902"}],"wp:attachment":[{"href":"https:\/\/www.semioticafactual.com\/index.php?rest_route=%2Fwp%2Fv2%2Fmedia&parent=46901"}],"wp:term":[{"taxonomy":"category","embeddable":true,"href":"https:\/\/www.semioticafactual.com\/index.php?rest_route=%2Fwp%2Fv2%2Fcategories&post=46901"},{"taxonomy":"post_tag","embeddable":true,"href":"https:\/\/www.semioticafactual.com\/index.php?rest_route=%2Fwp%2Fv2%2Ftags&post=46901"}],"curies":[{"name":"wp","href":"https:\/\/api.w.org\/{rel}","templated":true}]}}