{"id":46898,"date":"2026-03-02T00:41:43","date_gmt":"2026-03-02T00:41:43","guid":{"rendered":"https:\/\/www.semioticafactual.com\/?p=46898"},"modified":"2026-04-15T00:44:30","modified_gmt":"2026-04-15T00:44:30","slug":"este-lunes-cierra-la-convocatoria-del-octavo-parlamento-de-las-mujeres-sonorenses","status":"publish","type":"post","link":"https:\/\/www.semioticafactual.com\/?p=46898","title":{"rendered":"Este lunes cierra la convocatoria del Octavo Parlamento de las Mujeres Sonorenses"},"content":{"rendered":"<p>Este lunes cierra la convocatoria del Octavo Parlamento de las Mujeres Sonorenses<\/p>\n<p>Hermosillo, Sonora; 2 de marzo de 2026.- La Comisi\u00f3n para la Igualdad de G\u00e9nero del Congreso del Estado inform\u00f3 que este lunes 2 de marzo es el \u00faltimo d\u00eda para participar en la convocatoria del Octavo Parlamento de las Mujeres Sonorenses.<\/p>\n<p>Este evento tiene por objeto integrar una agenda legislativa en materia de equidad e igualdad de g\u00e9nero, as\u00ed como en la prevenci\u00f3n y erradicaci\u00f3n de cualquier forma de violencia hacia las mujeres.<\/p>\n<p>Durante esta octava edici\u00f3n se abordar\u00e1n los siguientes temas: autonom\u00eda de las mujeres con discapacidad; explotaci\u00f3n sexual de mujeres, ni\u00f1as y ni\u00f1os; salud sexual y reproductiva; inteligencia artificial, \u00e9tica y g\u00e9nero; y mujeres y migraci\u00f3n.<\/p>\n<p>Los requisitos para participar en calidad de ponente o colaboradora son: ser mujer mayor de 18 a\u00f1os; ser originaria o contar con residencia efectiva en el estado de Sonora; presentar una ponencia sobre alguno de los ejes tem\u00e1ticos del parlamento; y completar el formulario de inscripci\u00f3n.<\/p>\n<p>Las solicitudes de registro e inscripci\u00f3n estar\u00e1n abiertas hasta las 23:59 horas de este d\u00eda, a trav\u00e9s del siguiente enlace: https:\/\/forms.gle\/gU7TcEbJsfbYyZd38, o podr\u00e1n entregarse f\u00edsicamente en la Oficial\u00eda de Partes del Congreso del Estado, hasta las 15:00 horas.<\/p>\n<p>El Octavo Parlamento de las Mujeres se celebrar\u00e1 el viernes 6 de marzo, de 8:00 a 15:00 horas, en el edificio sede del Poder Legislativo.<\/p>\n","protected":false},"excerpt":{"rendered":"<p>Este lunes cierra la convocatoria del Octavo Parlamento de las Mujeres Sonorenses Hermosillo, Sonora; 2 de marzo de 2026.- La Comisi\u00f3n para la Igualdad de G\u00e9nero del Congreso del Estado inform\u00f3 que este lunes 2 de marzo es el \u00faltimo d\u00eda para participar en la convocatoria del Octavo Parlamento de las Mujeres Sonorenses. Este evento [&hellip;]<\/p>\n","protected":false},"author":1,"featured_media":46899,"comment_status":"open","ping_status":"closed","sticky":false,"template":"","format":"standard","meta":{"jetpack_post_was_ever_published":false,"_jetpack_newsletter_access":"","_jetpack_dont_email_post_to_subs":false,"_jetpack_newsletter_tier_id":0,"_jetpack_memberships_contains_paywalled_content":false,"_jetpack_memberships_contains_paid_content":false,"footnotes":"","jetpack_publicize_message":"","jetpack_publicize_feature_enabled":true,"jetpack_social_post_already_shared":true,"jetpack_social_options":{"image_generator_settings":{"template":"highway","enabled":false},"version":2}},"categories":[63,12,1,9],"tags":[],"jetpack_publicize_connections":[],"jetpack_featured_media_url":"https:\/\/i0.wp.com\/www.semioticafactual.com\/wp-content\/uploads\/2026\/04\/WhatsApp-Image-2026-03-02-at-8.43.08-AM-e1776213859986.jpeg?fit=577%2C1027&ssl=1","jetpack_shortlink":"https:\/\/wp.me\/p2mzaA-ccq","jetpack_sharing_enabled":true,"jetpack_likes_enabled":true,"_links":{"self":[{"href":"https:\/\/www.semioticafactual.com\/index.php?rest_route=\/wp\/v2\/posts\/46898"}],"collection":[{"href":"https:\/\/www.semioticafactual.com\/index.php?rest_route=\/wp\/v2\/posts"}],"about":[{"href":"https:\/\/www.semioticafactual.com\/index.php?rest_route=\/wp\/v2\/types\/post"}],"author":[{"embeddable":true,"href":"https:\/\/www.semioticafactual.com\/index.php?rest_route=\/wp\/v2\/users\/1"}],"replies":[{"embeddable":true,"href":"https:\/\/www.semioticafactual.com\/index.php?rest_route=%2Fwp%2Fv2%2Fcomments&post=46898"}],"version-history":[{"count":1,"href":"https:\/\/www.semioticafactual.com\/index.php?rest_route=\/wp\/v2\/posts\/46898\/revisions"}],"predecessor-version":[{"id":46900,"href":"https:\/\/www.semioticafactual.com\/index.php?rest_route=\/wp\/v2\/posts\/46898\/revisions\/46900"}],"wp:featuredmedia":[{"embeddable":true,"href":"https:\/\/www.semioticafactual.com\/index.php?rest_route=\/wp\/v2\/media\/46899"}],"wp:attachment":[{"href":"https:\/\/www.semioticafactual.com\/index.php?rest_route=%2Fwp%2Fv2%2Fmedia&parent=46898"}],"wp:term":[{"taxonomy":"category","embeddable":true,"href":"https:\/\/www.semioticafactual.com\/index.php?rest_route=%2Fwp%2Fv2%2Fcategories&post=46898"},{"taxonomy":"post_tag","embeddable":true,"href":"https:\/\/www.semioticafactual.com\/index.php?rest_route=%2Fwp%2Fv2%2Ftags&post=46898"}],"curies":[{"name":"wp","href":"https:\/\/api.w.org\/{rel}","templated":true}]}}