{"id":46895,"date":"2026-03-01T23:40:11","date_gmt":"2026-03-01T23:40:11","guid":{"rendered":"https:\/\/www.semioticafactual.com\/?p=46895"},"modified":"2026-04-15T00:40:58","modified_gmt":"2026-04-15T00:40:58","slug":"recibe-el-congreso-de-sonora-informe-anual-de-labores-de-la-comision-estatal-de-derechos-humanos","status":"publish","type":"post","link":"https:\/\/www.semioticafactual.com\/?p=46895","title":{"rendered":"Recibe el Congreso de Sonora informe anual de labores de la Comisi\u00f3n Estatal de Derechos Humanos"},"content":{"rendered":"<p>Recibe el Congreso de Sonora informe anual de labores de la Comisi\u00f3n Estatal de Derechos Humanos<\/p>\n<p>Hermosillo, Sonora; 01 de febrero de 2026.- El Congreso del Estado, a trav\u00e9s de la Comisi\u00f3n de Justicia y Derechos Humanos, recibi\u00f3 el informe anual de actividades de la Comisi\u00f3n Estatal de Derechos Humanos (CEDH), presentado por su presidente, Luis Fernando Renter\u00eda Barrag\u00e1n.<\/p>\n<p>El diputado Ren\u00e9 Garc\u00eda Rojo (PT) explic\u00f3 que esta comparecencia se realiz\u00f3 en apego a lo establecido en los art\u00edculos 16 y 20 de la Ley que Crea la Comisi\u00f3n Estatal de Derechos Humanos, con el objetivo de conocer a detalle las acciones emprendidas por el organismo durante el \u00faltimo a\u00f1o.<\/p>\n<p>Durante su intervenci\u00f3n, Renter\u00eda Barrag\u00e1n destac\u00f3 que m\u00e1s de 28 mil personas fueron atendidas por la instituci\u00f3n, de las cuales 24 mil obtuvieron una soluci\u00f3n el mismo d\u00eda. Asimismo, se\u00f1al\u00f3 que se emitieron 495 medidas cautelares, lo que posicion\u00f3 a la Comisi\u00f3n en el segundo lugar a nivel nacional en la emisi\u00f3n de estos instrumentos. Adem\u00e1s, se registraron mil 200 casos de soluciones anticipadas.<\/p>\n<p>En el \u00e1mbito administrativo, inform\u00f3 sobre la creaci\u00f3n del Plan de Desarrollo Institucional, orientado a fortalecer las capacidades operativas del organismo y asegurar una gesti\u00f3n m\u00e1s eficiente; la implementaci\u00f3n de un nuevo reglamento interno; el rescate del edificio sede; y la obtenci\u00f3n de una ampliaci\u00f3n presupuestaria del 39 por ciento, lo que permitir\u00e1 consolidar las labores de atenci\u00f3n y protecci\u00f3n de los derechos humanos en la entidad.<\/p>\n<p>De igual forma, con el prop\u00f3sito de fortalecer la cultura de respeto a los derechos humanos, la CEDH impuls\u00f3 la firma de diversos convenios de colaboraci\u00f3n y la implementaci\u00f3n de programas especiales con c\u00e1maras empresariales y dependencias estatales, como la Secretar\u00eda de Educaci\u00f3n y Cultura (SEC), la Secretar\u00eda de Seguridad P\u00fablica (SSP) y la Consejer\u00eda Jur\u00eddica del Gobierno del Estado.<\/p>\n<p>En la presentaci\u00f3n del informe estuvieron presentes Bernardeth Ru\u00edz Romero, subsecretaria de Desarrollo Pol\u00edtico del Gobierno de Sonora; las diputadas Claudia Bours Corral (PVEM), Alicia Gayt\u00e1n S\u00e1nchez (Morena) y Amairany Pe\u00f1a Escalante (PES); as\u00ed como los diputados Ra\u00fal Gonz\u00e1lez de la Vega (PVEM), Emeterio Ochoa Baz\u00faa (PRI) y Julio C\u00e9sar Navarro Contreras (Morena), quienes expresaron su reconocimiento al trabajo realizado por la instituci\u00f3n en favor de las y los sonorenses.<\/p>\n<p>&nbsp;<\/p>\n","protected":false},"excerpt":{"rendered":"<p>Recibe el Congreso de Sonora informe anual de labores de la Comisi\u00f3n Estatal de Derechos Humanos Hermosillo, Sonora; 01 de febrero de 2026.- El Congreso del Estado, a trav\u00e9s de la Comisi\u00f3n de Justicia y Derechos Humanos, recibi\u00f3 el informe anual de actividades de la Comisi\u00f3n Estatal de Derechos Humanos (CEDH), presentado por su presidente, [&hellip;]<\/p>\n","protected":false},"author":1,"featured_media":46896,"comment_status":"open","ping_status":"closed","sticky":false,"template":"","format":"standard","meta":{"jetpack_post_was_ever_published":false,"_jetpack_newsletter_access":"","_jetpack_dont_email_post_to_subs":false,"_jetpack_newsletter_tier_id":0,"_jetpack_memberships_contains_paywalled_content":false,"_jetpack_memberships_contains_paid_content":false,"footnotes":"","jetpack_publicize_message":"","jetpack_publicize_feature_enabled":true,"jetpack_social_post_already_shared":true,"jetpack_social_options":{"image_generator_settings":{"template":"highway","enabled":false},"version":2}},"categories":[63,12,1,9],"tags":[],"jetpack_publicize_connections":[],"jetpack_featured_media_url":"https:\/\/i0.wp.com\/www.semioticafactual.com\/wp-content\/uploads\/2026\/04\/55119712505_3261c4d31c_o.jpg?fit=888%2C500&ssl=1","jetpack_shortlink":"https:\/\/wp.me\/p2mzaA-ccn","jetpack_sharing_enabled":true,"jetpack_likes_enabled":true,"_links":{"self":[{"href":"https:\/\/www.semioticafactual.com\/index.php?rest_route=\/wp\/v2\/posts\/46895"}],"collection":[{"href":"https:\/\/www.semioticafactual.com\/index.php?rest_route=\/wp\/v2\/posts"}],"about":[{"href":"https:\/\/www.semioticafactual.com\/index.php?rest_route=\/wp\/v2\/types\/post"}],"author":[{"embeddable":true,"href":"https:\/\/www.semioticafactual.com\/index.php?rest_route=\/wp\/v2\/users\/1"}],"replies":[{"embeddable":true,"href":"https:\/\/www.semioticafactual.com\/index.php?rest_route=%2Fwp%2Fv2%2Fcomments&post=46895"}],"version-history":[{"count":1,"href":"https:\/\/www.semioticafactual.com\/index.php?rest_route=\/wp\/v2\/posts\/46895\/revisions"}],"predecessor-version":[{"id":46897,"href":"https:\/\/www.semioticafactual.com\/index.php?rest_route=\/wp\/v2\/posts\/46895\/revisions\/46897"}],"wp:featuredmedia":[{"embeddable":true,"href":"https:\/\/www.semioticafactual.com\/index.php?rest_route=\/wp\/v2\/media\/46896"}],"wp:attachment":[{"href":"https:\/\/www.semioticafactual.com\/index.php?rest_route=%2Fwp%2Fv2%2Fmedia&parent=46895"}],"wp:term":[{"taxonomy":"category","embeddable":true,"href":"https:\/\/www.semioticafactual.com\/index.php?rest_route=%2Fwp%2Fv2%2Fcategories&post=46895"},{"taxonomy":"post_tag","embeddable":true,"href":"https:\/\/www.semioticafactual.com\/index.php?rest_route=%2Fwp%2Fv2%2Ftags&post=46895"}],"curies":[{"name":"wp","href":"https:\/\/api.w.org\/{rel}","templated":true}]}}