{"id":46852,"date":"2026-03-13T16:17:39","date_gmt":"2026-03-13T16:17:39","guid":{"rendered":"https:\/\/www.semioticafactual.com\/?p=46852"},"modified":"2026-04-13T16:20:04","modified_gmt":"2026-04-13T16:20:04","slug":"anuncia-tono-astiazaran-construccion-de-dos-nuevas-estaciones-de-bomberos-en-foro-internacional","status":"publish","type":"post","link":"https:\/\/www.semioticafactual.com\/?p=46852","title":{"rendered":"Anuncia To\u00f1o Astiazar\u00e1n construcci\u00f3n de dos nuevas estaciones de Bomberos en Foro Internacional"},"content":{"rendered":"<p><b>Hermosillo, Sonora; 13 de marzo, 2026.-<\/b>Luego de 18 a\u00f1os sin que se construya una nueva estaci\u00f3n del Departamento de Bomberos de Hermosillo en el \u00e1rea urbana del municipio, el Presidente Municipal Antonio Astiazar\u00e1n Guti\u00e9rrez anunci\u00f3 que se construir\u00e1n dos nuevas instalaciones de la instituci\u00f3n en espacios con los que ya se cuenta para ese prop\u00f3sito.<\/p>\n<p>\u201cLa idea es que este a\u00f1o podamos crecer con dos nuevas estaciones de Bomberos en la ciudad, una al norte y otra al poniente, donde est\u00e1 el bulevar Quiroga podamos habilitar un nuevo espacio para que, en el poniente de la ciudad, que atiende a todo el sector de La Choya y Los Arroyos, podamos llegar con una mayor rapidez al momento de que tengamos una llamada de emergencia, y otro m\u00e1s en el bulevar Enrique Maz\u00f3n, hacia el norte de la ciudad\u201d, explic\u00f3.<\/p>\n<p>A su vez confirm\u00f3 que con apoyo del patronato de Bomberos de Hermosillo ya inici\u00f3 la construcci\u00f3n del primer centro de entrenamiento para el personal de la historia de la corporaci\u00f3n, con inversi\u00f3n de alrededor de 1 mill\u00f3n y medio de pesos.<\/p>\n<p aria-hidden=\"true\">\n<p>Adelant\u00f3 que dicha instalaci\u00f3n ofrecer\u00e1 capacitaci\u00f3n en t\u00e9cnicas importantes para el servicio que proporcionan a la comunidad no solo a las y los bomberos de Hermosillo sino tambi\u00e9n a los de otros municipios y entidades del pa\u00eds.<\/p>\n<p aria-hidden=\"true\">\n<p>To\u00f1o Astiazar\u00e1n comparti\u00f3 ambos proyectos ante quienes participaron en el Foro Internacional de Bomberos Hermosillo 2026, en cuyo marco se desarrollaron del 10 al 13 de marzo conferencias, talleres e intercambio de experiencias entre elementos de 20 cuerpos de bomberos de 18 municipios sonorenses y 15 de diferentes entidades del pa\u00eds.<\/p>\n<p>La agenda de actividades incluy\u00f3 capacitaciones, an\u00e1lisis y reflexiones en torno a los temas \u201cDec\u00e1logo del capit\u00e1n\u201d; \u201cLectura de la escena, de la conservaci\u00f3n a la estrategia\u201d, \u201cBoyd Street Fire\u201d a cargo de V\u00edctor Aguirre, de Los \u00c1ngeles Fire; \u201cPensamiento cr\u00edtico aplicado al servicio de Bomberos\u201d y \u201cRescatando la \u00e9tica del servicio de Bomberos.<\/p>\n<p>A su vez se impartieron cursos y talleres sobre los temas: \u201cTermograf\u00eda y Emergencias en sistemas fotovoltaicos\u201d; \u201cEmergencia en veh\u00edculos h\u00edbridos y el\u00e9ctricos\u201d; \u201cCam Confidence\u201d; \u201cAprende a mantenerte seguro\u201d; \u201cOperaciones de despliegue y arrastre contra incendios\u201d; \u201cRescate en espacios confinados\u201d; \u201cB\u00fasqueda primaria en incendios estructurales\u201d; \u201cEmergencias con gas LP\u201d, \u201cRescate en elevadores\u201d y \u201cRescate con cuerdas\u201d.<\/p>\n<p>El Presidente Municipal clausur\u00f3 dichos trabajos acompa\u00f1ado por Juan Francisco Matty Ortega, director del Departamento de Bomberos de Hermosillo, Alexis Samaniego Balboa, presidente del patronato que apoya a la instituci\u00f3n; Jes\u00fas Jossymar Fierro, secretario general del Sindicato \u00danico de Bomberos y Pedro Perfecto, subdirector de la Divisi\u00f3n de Bomberos de Tijuana.<\/p>\n","protected":false},"excerpt":{"rendered":"<p>Hermosillo, Sonora; 13 de marzo, 2026.-Luego de 18 a\u00f1os sin que se construya una nueva estaci\u00f3n del Departamento de Bomberos de Hermosillo en el \u00e1rea urbana del municipio, el Presidente Municipal Antonio Astiazar\u00e1n Guti\u00e9rrez anunci\u00f3 que se construir\u00e1n dos nuevas instalaciones de la instituci\u00f3n en espacios con los que ya se cuenta para ese prop\u00f3sito. [&hellip;]<\/p>\n","protected":false},"author":1,"featured_media":46853,"comment_status":"open","ping_status":"closed","sticky":false,"template":"","format":"standard","meta":{"jetpack_post_was_ever_published":false,"_jetpack_newsletter_access":"","_jetpack_dont_email_post_to_subs":false,"_jetpack_newsletter_tier_id":0,"_jetpack_memberships_contains_paywalled_content":false,"_jetpack_memberships_contains_paid_content":false,"footnotes":"","jetpack_publicize_message":"","jetpack_publicize_feature_enabled":true,"jetpack_social_post_already_shared":true,"jetpack_social_options":{"image_generator_settings":{"template":"highway","enabled":false},"version":2}},"categories":[18,12,1],"tags":[],"jetpack_publicize_connections":[],"jetpack_featured_media_url":"https:\/\/i0.wp.com\/www.semioticafactual.com\/wp-content\/uploads\/2026\/04\/descarga-2-e1776097190440.png?fit=848%2C500&ssl=1","jetpack_shortlink":"https:\/\/wp.me\/p2mzaA-cbG","jetpack_sharing_enabled":true,"jetpack_likes_enabled":true,"_links":{"self":[{"href":"https:\/\/www.semioticafactual.com\/index.php?rest_route=\/wp\/v2\/posts\/46852"}],"collection":[{"href":"https:\/\/www.semioticafactual.com\/index.php?rest_route=\/wp\/v2\/posts"}],"about":[{"href":"https:\/\/www.semioticafactual.com\/index.php?rest_route=\/wp\/v2\/types\/post"}],"author":[{"embeddable":true,"href":"https:\/\/www.semioticafactual.com\/index.php?rest_route=\/wp\/v2\/users\/1"}],"replies":[{"embeddable":true,"href":"https:\/\/www.semioticafactual.com\/index.php?rest_route=%2Fwp%2Fv2%2Fcomments&post=46852"}],"version-history":[{"count":1,"href":"https:\/\/www.semioticafactual.com\/index.php?rest_route=\/wp\/v2\/posts\/46852\/revisions"}],"predecessor-version":[{"id":46854,"href":"https:\/\/www.semioticafactual.com\/index.php?rest_route=\/wp\/v2\/posts\/46852\/revisions\/46854"}],"wp:featuredmedia":[{"embeddable":true,"href":"https:\/\/www.semioticafactual.com\/index.php?rest_route=\/wp\/v2\/media\/46853"}],"wp:attachment":[{"href":"https:\/\/www.semioticafactual.com\/index.php?rest_route=%2Fwp%2Fv2%2Fmedia&parent=46852"}],"wp:term":[{"taxonomy":"category","embeddable":true,"href":"https:\/\/www.semioticafactual.com\/index.php?rest_route=%2Fwp%2Fv2%2Fcategories&post=46852"},{"taxonomy":"post_tag","embeddable":true,"href":"https:\/\/www.semioticafactual.com\/index.php?rest_route=%2Fwp%2Fv2%2Ftags&post=46852"}],"curies":[{"name":"wp","href":"https:\/\/api.w.org\/{rel}","templated":true}]}}