{"id":46811,"date":"2026-03-29T22:44:46","date_gmt":"2026-03-29T22:44:46","guid":{"rendered":"https:\/\/www.semioticafactual.com\/?p=46811"},"modified":"2026-04-08T22:45:27","modified_gmt":"2026-04-08T22:45:27","slug":"llevara-salud-sonora-clinicas-moviles-de-medicina-preventiva-a-pitiquito-caborca-y-hermosillo","status":"publish","type":"post","link":"https:\/\/www.semioticafactual.com\/?p=46811","title":{"rendered":"Llevar\u00e1 Salud Sonora Cl\u00ednicas M\u00f3viles de Medicina Preventiva a Pitiquito, Caborca y Hermosillo"},"content":{"rendered":"<p align=\"center\">Llevar\u00e1 Salud Sonora Cl\u00ednicas M\u00f3viles de Medicina Preventiva a Pitiquito, Caborca y Hermosillo<\/p>\n<p>Hermosillo, Sonora; 29 de marzo de 2026.- Con el objetivo de acercar atenci\u00f3n m\u00e9dica preventiva a la poblaci\u00f3n, el Gobierno de Sonora, a trav\u00e9s de la Secretar\u00eda de Salud P\u00fablica (SSP), informa que las Cl\u00ednicas M\u00f3viles de Medicina Preventiva (CMMP) llevar\u00e1n servicios gratuitos a los municipios de Pitiquito, Caborca y Hermosillo durante la pr\u00f3xima semana.<\/p>\n<p>El lunes 30 de marzo, la Jornada de Cl\u00ednicas M\u00f3viles se instalar\u00e1 en Puerto Libertad, municipio de Pitiquito, en la Plaza Puerto Libertad, en un horario de 2:00 de la tarde a 6:00 de la tarde.<\/p>\n<p>Para el martes 31 de marzo, las unidades estar\u00e1n en el municipio de Caborca, en la Escuela Primaria \u201cIndependencia de M\u00e9xico\u201d, en un horario de 9:00 de la ma\u00f1ana a 1:00 de la tarde, ofreciendo atenci\u00f3n preventiva y orientaci\u00f3n en salud.<\/p>\n<p>Asimismo, el mi\u00e9rcoles 1 de abril se realizar\u00e1 una brigada de las Cl\u00ednicas M\u00f3viles en la colonia Pueblitos, en Hermosillo, de 8:00 de la ma\u00f1ana a 11:00 de la ma\u00f1ana, donde el personal de salud brindar\u00e1 servicios m\u00e9dicos b\u00e1sicos y acciones de prevenci\u00f3n.<\/p>\n<p>La Secretar\u00eda de Salud invit\u00f3 a la poblaci\u00f3n a acudir a estas jornadas con su cartilla de vacunaci\u00f3n y aprovechar los servicios gratuitos, que incluyen detecciones oportunas, orientaci\u00f3n m\u00e9dica y acciones preventivas para el cuidado de la salud<\/p>\n","protected":false},"excerpt":{"rendered":"<p>Llevar\u00e1 Salud Sonora Cl\u00ednicas M\u00f3viles de Medicina Preventiva a Pitiquito, Caborca y Hermosillo Hermosillo, Sonora; 29 de marzo de 2026.- Con el objetivo de acercar atenci\u00f3n m\u00e9dica preventiva a la poblaci\u00f3n, el Gobierno de Sonora, a trav\u00e9s de la Secretar\u00eda de Salud P\u00fablica (SSP), informa que las Cl\u00ednicas M\u00f3viles de Medicina Preventiva (CMMP) llevar\u00e1n servicios [&hellip;]<\/p>\n","protected":false},"author":1,"featured_media":46812,"comment_status":"open","ping_status":"closed","sticky":false,"template":"","format":"standard","meta":{"jetpack_post_was_ever_published":false,"_jetpack_newsletter_access":"","_jetpack_dont_email_post_to_subs":false,"_jetpack_newsletter_tier_id":0,"_jetpack_memberships_contains_paywalled_content":false,"_jetpack_memberships_contains_paid_content":false,"footnotes":"","jetpack_publicize_message":"","jetpack_publicize_feature_enabled":true,"jetpack_social_post_already_shared":true,"jetpack_social_options":{"image_generator_settings":{"template":"highway","enabled":false},"version":2}},"categories":[12,1,15,9],"tags":[],"jetpack_publicize_connections":[],"jetpack_featured_media_url":"https:\/\/i0.wp.com\/www.semioticafactual.com\/wp-content\/uploads\/2026\/04\/unnamed-72-e1775688250740.jpg?fit=584%2C544&ssl=1","jetpack_shortlink":"https:\/\/wp.me\/p2mzaA-cb1","jetpack_sharing_enabled":true,"jetpack_likes_enabled":true,"_links":{"self":[{"href":"https:\/\/www.semioticafactual.com\/index.php?rest_route=\/wp\/v2\/posts\/46811"}],"collection":[{"href":"https:\/\/www.semioticafactual.com\/index.php?rest_route=\/wp\/v2\/posts"}],"about":[{"href":"https:\/\/www.semioticafactual.com\/index.php?rest_route=\/wp\/v2\/types\/post"}],"author":[{"embeddable":true,"href":"https:\/\/www.semioticafactual.com\/index.php?rest_route=\/wp\/v2\/users\/1"}],"replies":[{"embeddable":true,"href":"https:\/\/www.semioticafactual.com\/index.php?rest_route=%2Fwp%2Fv2%2Fcomments&post=46811"}],"version-history":[{"count":1,"href":"https:\/\/www.semioticafactual.com\/index.php?rest_route=\/wp\/v2\/posts\/46811\/revisions"}],"predecessor-version":[{"id":46815,"href":"https:\/\/www.semioticafactual.com\/index.php?rest_route=\/wp\/v2\/posts\/46811\/revisions\/46815"}],"wp:featuredmedia":[{"embeddable":true,"href":"https:\/\/www.semioticafactual.com\/index.php?rest_route=\/wp\/v2\/media\/46812"}],"wp:attachment":[{"href":"https:\/\/www.semioticafactual.com\/index.php?rest_route=%2Fwp%2Fv2%2Fmedia&parent=46811"}],"wp:term":[{"taxonomy":"category","embeddable":true,"href":"https:\/\/www.semioticafactual.com\/index.php?rest_route=%2Fwp%2Fv2%2Fcategories&post=46811"},{"taxonomy":"post_tag","embeddable":true,"href":"https:\/\/www.semioticafactual.com\/index.php?rest_route=%2Fwp%2Fv2%2Ftags&post=46811"}],"curies":[{"name":"wp","href":"https:\/\/api.w.org\/{rel}","templated":true}]}}