{"id":46795,"date":"2026-03-24T21:47:13","date_gmt":"2026-03-24T21:47:13","guid":{"rendered":"https:\/\/www.semioticafactual.com\/?p=46795"},"modified":"2026-04-08T21:49:32","modified_gmt":"2026-04-08T21:49:32","slug":"despliega-gobernador-alfonso-durazo-mas-de-8-mil-elementos-para-el-operativo-interinstitucional-semana-santa-2026-en-sonora","status":"publish","type":"post","link":"https:\/\/www.semioticafactual.com\/?p=46795","title":{"rendered":"Despliega Gobernador Alfonso Durazo m\u00e1s de 8 mil elementos para el \u00abOperativo Interinstitucional Semana Santa 2026\u00bb en Sonora"},"content":{"rendered":"<p>Hermosillo, Sonora; 24 de marzo de 2026.- Con el objetivo de garantizar la integridad de las familias sonorenses y de los m\u00e1s de dos millones 500 mil visitantes nacionales y extranjeros que se espera disfruten sus vacaciones en la entidad, el Gobierno de Sonora inform\u00f3 sobre el \u00abOperativo Interinstitucional Semana Santa 2026\u00bb.<\/p>\n<p>Para este periodo vacacional, se ha dispuesto un estado de fuerza superior a los ocho mil elementos pertenecientes a diversas corporaciones de seguridad y organismos de emergencia que incluyen a Polic\u00eda Estatal de Seguridad P\u00fablica (PESP), Secretar\u00eda de la Defensa Nacional (Defensa), Secretar\u00eda de Marina (Semar), Guardia Nacional, Agencia Ministerial de Investigaci\u00f3n Criminal y Protecci\u00f3n Civil, en colaboraci\u00f3n con los municipios.<\/p>\n<p>El Capit\u00e1n Braulio Mart\u00ednez Navarrete, secretario de Seguridad y Protecci\u00f3n Ciudadana inform\u00f3, el despliegue operativo contempla una cobertura integral que abarca aeropuertos, centrales camioneras, cruces fronterizos, la red carretera del estado y los principales destinos tur\u00edsticos en municipios, fortaleciendo las rutas de mayor tr\u00e1fico con las acciones de la Divisi\u00f3n de Seguridad en Carreteras de la PESP y Guardia Nacional.<\/p>\n<p>Binomios caninos K-9 y Proximidad Ciudadana de la Polic\u00eda Estatal fortalecen las labores preventivas en puntos estrat\u00e9gicos, incluyendo el trabajo de prevenci\u00f3n del delito y de monitoreo del Centro de Control, Comando, Comunicaci\u00f3n, C\u00f3mputo, Coordinaci\u00f3n e Inteligencia (C5i), quienes informan sobre las l\u00edneas de atenci\u00f3n y respuesta inmediata como la l\u00ednea de emergencias 9-1-1, 089 para denuncia an\u00f3nima, 088 atenci\u00f3n ciudadana, Viajero Seguro, Mujeres Seguras y Antiextorsi\u00f3n.<\/p>\n<p>El operativo integra apoyo a\u00e9reo, terrestre y tecnolog\u00eda para los despliegues operativos en aeropuertos, centrales camioneras, cruces fronterizos, carreteras y zonas tur\u00edsticas, adem\u00e1s de fortalecer la atenci\u00f3n en colonias para quienes se quedan en casa.<\/p>\n<p>Con estas acciones, el Gobierno de Sonora reafirma su compromiso para garantizar que visitantes nacionales, connacionales y extranjeros desarrollen sus actividades vacacionales con seguridad en el estado, mediante coordinaci\u00f3n interinstitucional y el uso eficiente de los recursos de protecci\u00f3n ciudadana.<\/p>\n","protected":false},"excerpt":{"rendered":"<p>Hermosillo, Sonora; 24 de marzo de 2026.- Con el objetivo de garantizar la integridad de las familias sonorenses y de los m\u00e1s de dos millones 500 mil visitantes nacionales y extranjeros que se espera disfruten sus vacaciones en la entidad, el Gobierno de Sonora inform\u00f3 sobre el \u00abOperativo Interinstitucional Semana Santa 2026\u00bb. Para este periodo [&hellip;]<\/p>\n","protected":false},"author":1,"featured_media":46796,"comment_status":"open","ping_status":"closed","sticky":false,"template":"","format":"standard","meta":{"jetpack_post_was_ever_published":false,"_jetpack_newsletter_access":"","_jetpack_dont_email_post_to_subs":false,"_jetpack_newsletter_tier_id":0,"_jetpack_memberships_contains_paywalled_content":false,"_jetpack_memberships_contains_paid_content":false,"footnotes":"","jetpack_publicize_message":"","jetpack_publicize_feature_enabled":true,"jetpack_social_post_already_shared":true,"jetpack_social_options":{"image_generator_settings":{"template":"highway","enabled":false},"version":2}},"categories":[12,1,9],"tags":[],"jetpack_publicize_connections":[],"jetpack_featured_media_url":"https:\/\/i0.wp.com\/www.semioticafactual.com\/wp-content\/uploads\/2026\/04\/unnamed-69-1-e1775684925248.jpg?fit=880%2C577&ssl=1","jetpack_shortlink":"https:\/\/wp.me\/p2mzaA-caL","jetpack_sharing_enabled":true,"jetpack_likes_enabled":true,"_links":{"self":[{"href":"https:\/\/www.semioticafactual.com\/index.php?rest_route=\/wp\/v2\/posts\/46795"}],"collection":[{"href":"https:\/\/www.semioticafactual.com\/index.php?rest_route=\/wp\/v2\/posts"}],"about":[{"href":"https:\/\/www.semioticafactual.com\/index.php?rest_route=\/wp\/v2\/types\/post"}],"author":[{"embeddable":true,"href":"https:\/\/www.semioticafactual.com\/index.php?rest_route=\/wp\/v2\/users\/1"}],"replies":[{"embeddable":true,"href":"https:\/\/www.semioticafactual.com\/index.php?rest_route=%2Fwp%2Fv2%2Fcomments&post=46795"}],"version-history":[{"count":1,"href":"https:\/\/www.semioticafactual.com\/index.php?rest_route=\/wp\/v2\/posts\/46795\/revisions"}],"predecessor-version":[{"id":46797,"href":"https:\/\/www.semioticafactual.com\/index.php?rest_route=\/wp\/v2\/posts\/46795\/revisions\/46797"}],"wp:featuredmedia":[{"embeddable":true,"href":"https:\/\/www.semioticafactual.com\/index.php?rest_route=\/wp\/v2\/media\/46796"}],"wp:attachment":[{"href":"https:\/\/www.semioticafactual.com\/index.php?rest_route=%2Fwp%2Fv2%2Fmedia&parent=46795"}],"wp:term":[{"taxonomy":"category","embeddable":true,"href":"https:\/\/www.semioticafactual.com\/index.php?rest_route=%2Fwp%2Fv2%2Fcategories&post=46795"},{"taxonomy":"post_tag","embeddable":true,"href":"https:\/\/www.semioticafactual.com\/index.php?rest_route=%2Fwp%2Fv2%2Ftags&post=46795"}],"curies":[{"name":"wp","href":"https:\/\/api.w.org\/{rel}","templated":true}]}}