{"id":46777,"date":"2026-03-20T20:57:49","date_gmt":"2026-03-20T20:57:49","guid":{"rendered":"https:\/\/www.semioticafactual.com\/?p=46777"},"modified":"2026-04-08T20:59:50","modified_gmt":"2026-04-08T20:59:50","slug":"presenta-gobierno-de-sonora-convocatoria-para-el-faot-2027-en-alamos","status":"publish","type":"post","link":"https:\/\/www.semioticafactual.com\/?p=46777","title":{"rendered":"Presenta Gobierno de Sonora convocatoria para el FAOT 2027 en \u00c1lamos"},"content":{"rendered":"<p align=\"center\">Presenta Gobierno de Sonora convocatoria para el FAOT 2027 en \u00c1lamos<\/p>\n<p>\u00c1lamos, Sonora; 20 de marzo de 2026.\u2013 El Gobierno de Sonora, a trav\u00e9s de la Secretar\u00eda de Educaci\u00f3n y Cultura (SEC) y el Instituto Sonorense de Cultura (ISC), en colaboraci\u00f3n con el H. Ayuntamiento de \u00c1lamos, present\u00f3 la convocatoria de la edici\u00f3n 42 del Festival Alfonso Ortiz Tirado (FAOT) 2027.<\/p>\n<p>En rueda de prensa realizada en el Palacio Municipal ante medios locales, encabezada por Beatriz Aldaco, directora general del ISC y responsable del festival, y Samuel Borb\u00f3n, alcalde de \u00c1lamos, se inform\u00f3 que el ISC, a trav\u00e9s del Ayuntamiento, brindar\u00e1 orientaci\u00f3n, asesor\u00eda y acompa\u00f1amiento a las y los artistas de \u00c1lamos y sus alrededores para facilitar una correcta aplicaci\u00f3n a la convocatoria y aumentar sus posibilidades de integrarse a la programaci\u00f3n.<\/p>\n<p>Este ejercicio de comunicaci\u00f3n directa fue bien recibido por la prensa y la comunidad, al propiciar un espacio cercano de di\u00e1logo donde las y los asistentes pudieron expresar inquietudes y recibir atenci\u00f3n puntual por parte de las autoridades.<\/p>\n<p>Se dio a conocer que el FAOT se llevar\u00e1 a cabo del 22 al 30 de enero de 2027 en \u00c1lamos, como un encuentro cultural de alcance nacional e internacional, con \u00e9nfasis en el bel canto, la m\u00fasica de concierto y diversas expresiones musicales y art\u00edsticas.<\/p>\n<p>La convocatoria contempla propuestas musicales, teatro, animaci\u00f3n callejera con atenci\u00f3n a infancias, as\u00ed como expresiones de comunidades y pueblos originarios de Sonora. El registro se realiza en l\u00ednea y permite una sola propuesta por artista o agrupaci\u00f3n, acompa\u00f1ada de documentaci\u00f3n art\u00edstica, legal y t\u00e9cnica.<\/p>\n<p>Las propuestas ser\u00e1n evaluadas con base en su calidad art\u00edstica, viabilidad y pertinencia dentro de la programaci\u00f3n. La convocatoria cierra el 25 de abril de 2026 y los resultados se publicar\u00e1n en julio en los canales oficiales del ISC.<\/p>\n<p>Consulta la agenda de actividades culturales de la entidad en\u00a0<a href=\"http:\/\/isc.sonora.edu.mx\/\" target=\"_blank\" rel=\"noopener\" data-saferedirecturl=\"https:\/\/www.google.com\/url?q=http:\/\/isc.sonora.edu.mx&amp;source=gmail&amp;ust=1775768005125000&amp;usg=AOvVaw1y4J_2GF9hIu1uwzxrIMlL\">isc.sonora.edu.mx<\/a>\u00a0y en redes sociales a trav\u00e9s de @iscsonora<\/p>\n","protected":false},"excerpt":{"rendered":"<p>Presenta Gobierno de Sonora convocatoria para el FAOT 2027 en \u00c1lamos \u00c1lamos, Sonora; 20 de marzo de 2026.\u2013 El Gobierno de Sonora, a trav\u00e9s de la Secretar\u00eda de Educaci\u00f3n y Cultura (SEC) y el Instituto Sonorense de Cultura (ISC), en colaboraci\u00f3n con el H. Ayuntamiento de \u00c1lamos, present\u00f3 la convocatoria de la edici\u00f3n 42 del [&hellip;]<\/p>\n","protected":false},"author":1,"featured_media":46778,"comment_status":"open","ping_status":"closed","sticky":false,"template":"","format":"standard","meta":{"jetpack_post_was_ever_published":false,"_jetpack_newsletter_access":"","_jetpack_dont_email_post_to_subs":false,"_jetpack_newsletter_tier_id":0,"_jetpack_memberships_contains_paywalled_content":false,"_jetpack_memberships_contains_paid_content":false,"footnotes":"","jetpack_publicize_message":"","jetpack_publicize_feature_enabled":true,"jetpack_social_post_already_shared":true,"jetpack_social_options":{"image_generator_settings":{"template":"highway","enabled":false},"version":2}},"categories":[19,12,1,9],"tags":[],"jetpack_publicize_connections":[],"jetpack_featured_media_url":"https:\/\/i0.wp.com\/www.semioticafactual.com\/wp-content\/uploads\/2026\/04\/unnamed-63-e1775681951859.jpg?fit=750%2C500&ssl=1","jetpack_shortlink":"https:\/\/wp.me\/p2mzaA-cat","jetpack_sharing_enabled":true,"jetpack_likes_enabled":true,"_links":{"self":[{"href":"https:\/\/www.semioticafactual.com\/index.php?rest_route=\/wp\/v2\/posts\/46777"}],"collection":[{"href":"https:\/\/www.semioticafactual.com\/index.php?rest_route=\/wp\/v2\/posts"}],"about":[{"href":"https:\/\/www.semioticafactual.com\/index.php?rest_route=\/wp\/v2\/types\/post"}],"author":[{"embeddable":true,"href":"https:\/\/www.semioticafactual.com\/index.php?rest_route=\/wp\/v2\/users\/1"}],"replies":[{"embeddable":true,"href":"https:\/\/www.semioticafactual.com\/index.php?rest_route=%2Fwp%2Fv2%2Fcomments&post=46777"}],"version-history":[{"count":1,"href":"https:\/\/www.semioticafactual.com\/index.php?rest_route=\/wp\/v2\/posts\/46777\/revisions"}],"predecessor-version":[{"id":46779,"href":"https:\/\/www.semioticafactual.com\/index.php?rest_route=\/wp\/v2\/posts\/46777\/revisions\/46779"}],"wp:featuredmedia":[{"embeddable":true,"href":"https:\/\/www.semioticafactual.com\/index.php?rest_route=\/wp\/v2\/media\/46778"}],"wp:attachment":[{"href":"https:\/\/www.semioticafactual.com\/index.php?rest_route=%2Fwp%2Fv2%2Fmedia&parent=46777"}],"wp:term":[{"taxonomy":"category","embeddable":true,"href":"https:\/\/www.semioticafactual.com\/index.php?rest_route=%2Fwp%2Fv2%2Fcategories&post=46777"},{"taxonomy":"post_tag","embeddable":true,"href":"https:\/\/www.semioticafactual.com\/index.php?rest_route=%2Fwp%2Fv2%2Ftags&post=46777"}],"curies":[{"name":"wp","href":"https:\/\/api.w.org\/{rel}","templated":true}]}}