{"id":46762,"date":"2026-03-14T20:20:16","date_gmt":"2026-03-14T20:20:16","guid":{"rendered":"https:\/\/www.semioticafactual.com\/?p=46762"},"modified":"2026-04-08T20:25:16","modified_gmt":"2026-04-08T20:25:16","slug":"con-entrega-de-primer-sendero-seguro-del-pais-gobernador-durazo-consolida-mayor-seguridad-en-la-frontera","status":"publish","type":"post","link":"https:\/\/www.semioticafactual.com\/?p=46762","title":{"rendered":"Con entrega de primer Sendero Seguro del pa\u00eds, Gobernador Durazo consolida mayor seguridad en la frontera"},"content":{"rendered":"<p>San Luis R\u00edo Colorado, Sonora; 14 de marzo de 2026.- Con el objetivo de fortalecer la seguridad, la movilidad urbana y la recuperaci\u00f3n de espacios p\u00fablicos, el gobernador Alfonso Durazo Monta\u00f1o encabez\u00f3 la entrega de la primera etapa del proyecto \u201cSenderos Seguros, Camina Libre, Camina Segura\u201d, convirtiendo a San Luis R\u00edo Colorado en la primera ciudad a nivel nacional en inaugurar esta obra estrat\u00e9gica.<\/p>\n<p>El mandatario estatal, junto a Tania Carro Toledo subsecretaria de Comunicaciones y Transportes del Gobierno de M\u00e9xico y el alcalde C\u00e9sar Iv\u00e1n Sandoval G\u00e1mez, destac\u00f3 que este proyecto forma parte de las acciones que impulsa la presidenta Claudia Sheinbaum Pardo junto al Gobierno de Sonora para mejorar la iluminaci\u00f3n y la imagen urbana y brindar entornos m\u00e1s seguros y dignos a las familias sonorenses, mediante infraestructura que favorezca la convivencia social y reduzca zonas de riesgo en la v\u00eda p\u00fablica.<\/p>\n<p>La obra fue desarrollada por la Secretar\u00eda de la Defensa Nacional (SEDENA) en coordinaci\u00f3n con la Secretar\u00eda de Infraestructura, Comunicaciones y Transportes (SICT) y la Secretar\u00eda de Infraestructura y Desarrollo Urbano (SIDUR), con una inversi\u00f3n de 50 millones de pesos, para intervenir casi 40 kil\u00f3metros de vialidades dentro de la ciudad.<\/p>\n<p>\u00abQuiero decir a ustedes que es el primer Sendero Seguro que se inaugura a nivel nacional. Que inicia en San Luis R\u00edo Colorado e iniciamos con 40 kil\u00f3metros de luminarias en una primera etapa, y como ya se mencion\u00f3, vienen dos etapas adicionales. Los Senderos Seguros que ponemos hoy en marcha van a ser una contribuci\u00f3n muy importante a la seguridad, pero sobre todo a la tranquilidad de las familias\u00bb, indic\u00f3 el gobernador Alfonso Durazo.<\/p>\n<p>Entre las principales acciones realizadas destacan: sustituci\u00f3n de luminarias de sodio por tecnolog\u00eda LED de 150 y 100 watts para mejorar la visibilidad nocturna; instalaci\u00f3n de postes de alumbrado p\u00fablico de distintas alturas, con 1,093 bases y 2,447 luminarias; colocaci\u00f3n de bases de medici\u00f3n para su conexi\u00f3n con la Comisi\u00f3n Federal de Electricidad (CFE) e intervenci\u00f3n art\u00edstica con 10 murales que abarcan 1,200 metros cuadrados, representativos de la identidad regional.<\/p>\n<p>Las vialidades beneficiadas incluyen la avenida Nuevo Le\u00f3n (de calle 2 a calle 47); avenida Revoluci\u00f3n (de calle 2 a calle 47); avenida Libertad (de calle 2 a calle 26); calle 47 (de avenida Libertad a avenida Nuevo Le\u00f3n); bulevar Luis Donaldo Colosio, en el tramo de la caseta del Puente R\u00edo Colorado a la carretera del Valle.<\/p>\n<p>Durante el evento, el gobernador Durazo Monta\u00f1o resalt\u00f3 que la iluminaci\u00f3n y recuperaci\u00f3n de espacios p\u00fablicos son herramientas clave para fortalecer la seguridad comunitaria y mejorar la calidad de vida de la poblaci\u00f3n, especialmente para mujeres, ni\u00f1os, j\u00f3venes y familias que transitan diariamente por estas vialidades<\/p>\n","protected":false},"excerpt":{"rendered":"<p>San Luis R\u00edo Colorado, Sonora; 14 de marzo de 2026.- Con el objetivo de fortalecer la seguridad, la movilidad urbana y la recuperaci\u00f3n de espacios p\u00fablicos, el gobernador Alfonso Durazo Monta\u00f1o encabez\u00f3 la entrega de la primera etapa del proyecto \u201cSenderos Seguros, Camina Libre, Camina Segura\u201d, convirtiendo a San Luis R\u00edo Colorado en la primera [&hellip;]<\/p>\n","protected":false},"author":1,"featured_media":46763,"comment_status":"open","ping_status":"closed","sticky":false,"template":"","format":"standard","meta":{"jetpack_post_was_ever_published":false,"_jetpack_newsletter_access":"","_jetpack_dont_email_post_to_subs":false,"_jetpack_newsletter_tier_id":0,"_jetpack_memberships_contains_paywalled_content":false,"_jetpack_memberships_contains_paid_content":false,"footnotes":"","jetpack_publicize_message":"","jetpack_publicize_feature_enabled":true,"jetpack_social_post_already_shared":true,"jetpack_social_options":{"image_generator_settings":{"template":"highway","enabled":false},"version":2}},"categories":[12,1,9],"tags":[],"jetpack_publicize_connections":[],"jetpack_featured_media_url":"https:\/\/i0.wp.com\/www.semioticafactual.com\/wp-content\/uploads\/2026\/04\/unnamed-57-e1775679846128.jpg?fit=750%2C500&ssl=1","jetpack_shortlink":"https:\/\/wp.me\/p2mzaA-cae","jetpack_sharing_enabled":true,"jetpack_likes_enabled":true,"_links":{"self":[{"href":"https:\/\/www.semioticafactual.com\/index.php?rest_route=\/wp\/v2\/posts\/46762"}],"collection":[{"href":"https:\/\/www.semioticafactual.com\/index.php?rest_route=\/wp\/v2\/posts"}],"about":[{"href":"https:\/\/www.semioticafactual.com\/index.php?rest_route=\/wp\/v2\/types\/post"}],"author":[{"embeddable":true,"href":"https:\/\/www.semioticafactual.com\/index.php?rest_route=\/wp\/v2\/users\/1"}],"replies":[{"embeddable":true,"href":"https:\/\/www.semioticafactual.com\/index.php?rest_route=%2Fwp%2Fv2%2Fcomments&post=46762"}],"version-history":[{"count":1,"href":"https:\/\/www.semioticafactual.com\/index.php?rest_route=\/wp\/v2\/posts\/46762\/revisions"}],"predecessor-version":[{"id":46764,"href":"https:\/\/www.semioticafactual.com\/index.php?rest_route=\/wp\/v2\/posts\/46762\/revisions\/46764"}],"wp:featuredmedia":[{"embeddable":true,"href":"https:\/\/www.semioticafactual.com\/index.php?rest_route=\/wp\/v2\/media\/46763"}],"wp:attachment":[{"href":"https:\/\/www.semioticafactual.com\/index.php?rest_route=%2Fwp%2Fv2%2Fmedia&parent=46762"}],"wp:term":[{"taxonomy":"category","embeddable":true,"href":"https:\/\/www.semioticafactual.com\/index.php?rest_route=%2Fwp%2Fv2%2Fcategories&post=46762"},{"taxonomy":"post_tag","embeddable":true,"href":"https:\/\/www.semioticafactual.com\/index.php?rest_route=%2Fwp%2Fv2%2Ftags&post=46762"}],"curies":[{"name":"wp","href":"https:\/\/api.w.org\/{rel}","templated":true}]}}