{"id":46745,"date":"2026-03-10T19:55:06","date_gmt":"2026-03-10T19:55:06","guid":{"rendered":"https:\/\/www.semioticafactual.com\/?p=46745"},"modified":"2026-04-08T19:59:18","modified_gmt":"2026-04-08T19:59:18","slug":"proyecto-comunitario-decidete-vive-sin-adicciones-fortalece-los-consejos-de-paz-y-el-protocolo-mochila-sana-sec","status":"publish","type":"post","link":"https:\/\/www.semioticafactual.com\/?p=46745","title":{"rendered":"Proyecto comunitario \u201cDec\u00eddete, vive sin adicciones\u201d fortalece los Consejos de Paz y el protocolo \u00abMochila Sana\u00bb: SEC"},"content":{"rendered":"<p>Tambi\u00e9n forma parte del Plan de Atenci\u00f3n a las Causas<\/p>\n<p>Cajeme, Sonora; 10 de marzo de 2026.- El proyecto comunitario \u201cDec\u00eddete: vive sin adicciones\u201d, forma parte del Plan de Atenci\u00f3n a las Causas y se articula con los Consejos de Paz, para promover la seguridad desde las aulas, desde las familias y desde la comunidad, fortaleciendo otras acciones como la estrategia \u00abMochila Sana\u00bb.<\/p>\n<p>El titular de la Secretar\u00eda de Educaci\u00f3n y Cultura (SEC), Froyl\u00e1n G\u00e1mez Gamboa, subray\u00f3 la importancia de promover la participaci\u00f3n de estudiantes, docentes y familias en acciones de sensibilizaci\u00f3n, prevenci\u00f3n y fortalecimiento de habilidades para la vida.<\/p>\n<p>Asimismo, resalt\u00f3 la instrucci\u00f3n del gobernador Alfonso Durazo de consolidar el trabajo coordinado entre las instituciones del Gobierno de Sonora para generar mayores beneficios y oportunidades en beneficio de la comunidad escolar y la sociedad en general.<\/p>\n<p>El proyecto comunitario puesto en marcha en la secundaria Estatal No. 11, de Ciudad Obreg\u00f3n, contar\u00e1 con la participaci\u00f3n de la Secretar\u00eda de Seguridad y Protecci\u00f3n Ciudadana, as\u00ed como de DIF Sonora y la Secretar\u00eda de Salud, para prevenir el consumo de sustancias adictivas en adolescentes y j\u00f3venes sonorenses.<\/p>\n<p>G\u00e1mez Gamboa subray\u00f3 la importancia de darles a conocer lo que implica el consumo de sustancias prohibidas para que tengan el valor de decir que no y que emocionalmente est\u00e9n fortalecidos a trav\u00e9s de una buena comunicaci\u00f3n con su familia, que junto con las autoridades escolares ser\u00e1n quienes brinden la orientaci\u00f3n adecuada para que tomen una decisi\u00f3n correcta respecto a sus vidas.<\/p>\n<p>Durante una gira de trabajo por el municipio de Cajeme, el secretario de Educaci\u00f3n y Cultura tambi\u00e9n supervis\u00f3 la distribuci\u00f3n de materiales y equipamiento a centros de trabajo de Educaci\u00f3n Especial, adem\u00e1s de encabezar la entrega de constancias a 24 Agentes Educativas de Educaci\u00f3n Inicial, quienes participaron en acciones de profesionalizaci\u00f3n para la mejora del servicio que prestan en comunidades ind\u00edgenas.<\/p>\n","protected":false},"excerpt":{"rendered":"<p>Tambi\u00e9n forma parte del Plan de Atenci\u00f3n a las Causas Cajeme, Sonora; 10 de marzo de 2026.- El proyecto comunitario \u201cDec\u00eddete: vive sin adicciones\u201d, forma parte del Plan de Atenci\u00f3n a las Causas y se articula con los Consejos de Paz, para promover la seguridad desde las aulas, desde las familias y desde la comunidad, [&hellip;]<\/p>\n","protected":false},"author":1,"featured_media":46746,"comment_status":"open","ping_status":"closed","sticky":false,"template":"","format":"standard","meta":{"jetpack_post_was_ever_published":false,"_jetpack_newsletter_access":"","_jetpack_dont_email_post_to_subs":false,"_jetpack_newsletter_tier_id":0,"_jetpack_memberships_contains_paywalled_content":false,"_jetpack_memberships_contains_paid_content":false,"footnotes":"","jetpack_publicize_message":"","jetpack_publicize_feature_enabled":true,"jetpack_social_post_already_shared":true,"jetpack_social_options":{"image_generator_settings":{"template":"highway","enabled":false},"version":2}},"categories":[12,1,15,9,20],"tags":[],"jetpack_publicize_connections":[],"jetpack_featured_media_url":"https:\/\/i0.wp.com\/www.semioticafactual.com\/wp-content\/uploads\/2026\/04\/unnamed-52-e1775678281476.jpg?fit=751%2C501&ssl=1","jetpack_shortlink":"https:\/\/wp.me\/p2mzaA-c9X","jetpack_sharing_enabled":true,"jetpack_likes_enabled":true,"_links":{"self":[{"href":"https:\/\/www.semioticafactual.com\/index.php?rest_route=\/wp\/v2\/posts\/46745"}],"collection":[{"href":"https:\/\/www.semioticafactual.com\/index.php?rest_route=\/wp\/v2\/posts"}],"about":[{"href":"https:\/\/www.semioticafactual.com\/index.php?rest_route=\/wp\/v2\/types\/post"}],"author":[{"embeddable":true,"href":"https:\/\/www.semioticafactual.com\/index.php?rest_route=\/wp\/v2\/users\/1"}],"replies":[{"embeddable":true,"href":"https:\/\/www.semioticafactual.com\/index.php?rest_route=%2Fwp%2Fv2%2Fcomments&post=46745"}],"version-history":[{"count":1,"href":"https:\/\/www.semioticafactual.com\/index.php?rest_route=\/wp\/v2\/posts\/46745\/revisions"}],"predecessor-version":[{"id":46747,"href":"https:\/\/www.semioticafactual.com\/index.php?rest_route=\/wp\/v2\/posts\/46745\/revisions\/46747"}],"wp:featuredmedia":[{"embeddable":true,"href":"https:\/\/www.semioticafactual.com\/index.php?rest_route=\/wp\/v2\/media\/46746"}],"wp:attachment":[{"href":"https:\/\/www.semioticafactual.com\/index.php?rest_route=%2Fwp%2Fv2%2Fmedia&parent=46745"}],"wp:term":[{"taxonomy":"category","embeddable":true,"href":"https:\/\/www.semioticafactual.com\/index.php?rest_route=%2Fwp%2Fv2%2Fcategories&post=46745"},{"taxonomy":"post_tag","embeddable":true,"href":"https:\/\/www.semioticafactual.com\/index.php?rest_route=%2Fwp%2Fv2%2Ftags&post=46745"}],"curies":[{"name":"wp","href":"https:\/\/api.w.org\/{rel}","templated":true}]}}