{"id":46734,"date":"2026-03-05T15:30:02","date_gmt":"2026-03-05T15:30:02","guid":{"rendered":"https:\/\/www.semioticafactual.com\/?p=46734"},"modified":"2026-04-08T15:47:06","modified_gmt":"2026-04-08T15:47:06","slug":"gobierno-de-sonora-celebra-la-semana-cultural-2026-en-cedam-isaam","status":"publish","type":"post","link":"https:\/\/www.semioticafactual.com\/?p=46734","title":{"rendered":"Gobierno de Sonora celebra la Semana Cultural 2026 en CEDAM: ISAAM"},"content":{"rendered":"<p align=\"center\">Gobierno de Sonora celebra la Semana Cultural 2026 en CEDAM: ISAAM<\/p>\n<p>\u2022 Personas adultas mayores participar\u00e1n en la semana cultural durante la segunda semana de marzo<\/p>\n<p>Hermosillo, Sonora; 5 de marzo de 2026.- El Gobierno del Estado de Sonora, a trav\u00e9s del Instituto Sonorense para la Atenci\u00f3n de los Adultos Mayores (ISAAM), llevar\u00e1 a cabo la Semana Cultural 2026 del 9 al 13 de marzo en los Centros de Desarrollo para Adultos Mayores (CEDAM) de Hermosillo, Agua Prieta y Cajeme.<\/p>\n<p>Durante esta semana, las personas adultas mayores participar\u00e1n en diversas actividades culturales, recreativas, deportivas y educativas que promueven el bienestar f\u00edsico, mental y social, fomentando la convivencia, la creatividad y la participaci\u00f3n activa.<\/p>\n<p>El programa contempla actividades como rally deportivos, juegos de destreza, baile, karaoke, exposiciones y talleres de pintura, manualidades, teatro, interpretaci\u00f3n musical, lectura din\u00e1mica y muestras gastron\u00f3micas, donde las y los participantes podr\u00e1n compartir sus talentos y fortalecer los lazos de comunidad.<\/p>\n<p>Asimismo, se impartir\u00e1n temas de inter\u00e9s como seguridad digital, lenguaje de se\u00f1as mexicanas, c\u00e1psulas informativas y actividades de educaci\u00f3n para la salud, con el objetivo de brindar herramientas \u00fatiles para la vida diaria de las personas adultas mayores.<\/p>\n<p>Con el respaldo del Gobierno del Estado de Sonora, el ISAAM refrenda su compromiso de continuar generando alianzas estrat\u00e9gicas que contribuyen a consolidar una sociedad m\u00e1s incluyente, solidaria y con mayores oportunidades para este sector de la poblaci\u00f3n.<\/p>\n","protected":false},"excerpt":{"rendered":"<p>Gobierno de Sonora celebra la Semana Cultural 2026 en CEDAM: ISAAM \u2022 Personas adultas mayores participar\u00e1n en la semana cultural durante la segunda semana de marzo Hermosillo, Sonora; 5 de marzo de 2026.- El Gobierno del Estado de Sonora, a trav\u00e9s del Instituto Sonorense para la Atenci\u00f3n de los Adultos Mayores (ISAAM), llevar\u00e1 a cabo [&hellip;]<\/p>\n","protected":false},"author":1,"featured_media":46735,"comment_status":"open","ping_status":"closed","sticky":false,"template":"","format":"standard","meta":{"jetpack_post_was_ever_published":false,"_jetpack_newsletter_access":"","_jetpack_dont_email_post_to_subs":false,"_jetpack_newsletter_tier_id":0,"_jetpack_memberships_contains_paywalled_content":false,"_jetpack_memberships_contains_paid_content":false,"footnotes":"","jetpack_publicize_message":"","jetpack_publicize_feature_enabled":true,"jetpack_social_post_already_shared":true,"jetpack_social_options":{"image_generator_settings":{"template":"highway","enabled":false},"version":2}},"categories":[19,12,1,9,16],"tags":[],"jetpack_publicize_connections":[],"jetpack_featured_media_url":"https:\/\/i0.wp.com\/www.semioticafactual.com\/wp-content\/uploads\/2026\/04\/unnamed-1-e1775663176295.jpg?fit=750%2C542&ssl=1","jetpack_shortlink":"https:\/\/wp.me\/p2mzaA-c9M","jetpack_sharing_enabled":true,"jetpack_likes_enabled":true,"_links":{"self":[{"href":"https:\/\/www.semioticafactual.com\/index.php?rest_route=\/wp\/v2\/posts\/46734"}],"collection":[{"href":"https:\/\/www.semioticafactual.com\/index.php?rest_route=\/wp\/v2\/posts"}],"about":[{"href":"https:\/\/www.semioticafactual.com\/index.php?rest_route=\/wp\/v2\/types\/post"}],"author":[{"embeddable":true,"href":"https:\/\/www.semioticafactual.com\/index.php?rest_route=\/wp\/v2\/users\/1"}],"replies":[{"embeddable":true,"href":"https:\/\/www.semioticafactual.com\/index.php?rest_route=%2Fwp%2Fv2%2Fcomments&post=46734"}],"version-history":[{"count":1,"href":"https:\/\/www.semioticafactual.com\/index.php?rest_route=\/wp\/v2\/posts\/46734\/revisions"}],"predecessor-version":[{"id":46736,"href":"https:\/\/www.semioticafactual.com\/index.php?rest_route=\/wp\/v2\/posts\/46734\/revisions\/46736"}],"wp:featuredmedia":[{"embeddable":true,"href":"https:\/\/www.semioticafactual.com\/index.php?rest_route=\/wp\/v2\/media\/46735"}],"wp:attachment":[{"href":"https:\/\/www.semioticafactual.com\/index.php?rest_route=%2Fwp%2Fv2%2Fmedia&parent=46734"}],"wp:term":[{"taxonomy":"category","embeddable":true,"href":"https:\/\/www.semioticafactual.com\/index.php?rest_route=%2Fwp%2Fv2%2Fcategories&post=46734"},{"taxonomy":"post_tag","embeddable":true,"href":"https:\/\/www.semioticafactual.com\/index.php?rest_route=%2Fwp%2Fv2%2Ftags&post=46734"}],"curies":[{"name":"wp","href":"https:\/\/api.w.org\/{rel}","templated":true}]}}