{"id":46659,"date":"2026-02-22T06:05:50","date_gmt":"2026-02-22T06:05:50","guid":{"rendered":"https:\/\/www.semioticafactual.com\/?p=46659"},"modified":"2026-03-26T06:08:36","modified_gmt":"2026-03-26T06:08:36","slug":"refuerza-unidad-cibernetica-el-llamado-a-proteger-las-cuentas-de-redes-sociales-y-aplicaciones-de-mensajeria","status":"publish","type":"post","link":"https:\/\/www.semioticafactual.com\/?p=46659","title":{"rendered":"Refuerza Unidad Cibern\u00e9tica el llamado a proteger las cuentas de redes sociales y aplicaciones de mensajer\u00eda"},"content":{"rendered":"<p align=\"left\">Hermosillo, Sonora; 22 de febrero de 2026.- La Secretar\u00eda de Seguridad y Protecci\u00f3n Ciudadana (SSPC) Sonora, a trav\u00e9s de la Unidad Cibern\u00e9tica, reitera el llamado sobre el riesgo de robo y suplantaci\u00f3n de cuentas en redes sociales y aplicaciones de mensajer\u00eda instant\u00e1nea, una modalidad de fraude digital que puede comprometer la informaci\u00f3n personal y afectar el patrimonio de las familias.<\/p>\n<p align=\"left\">El robo de cuentas ocurre cuando personas ajenas obtienen acceso indebido a perfiles digitales para enviar mensajes fraudulentos, solicitar dinero o realizar cambios sin autorizaci\u00f3n. Por ello, es fundamental identificar oportunamente las se\u00f1ales de advertencia.<\/p>\n<p align=\"left\">Entre las principales alertas se encuentran la recepci\u00f3n de c\u00f3digos de verificaci\u00f3n que no fueron solicitados, lo que puede indicar que alguien intenta ingresar a la cuenta.<\/p>\n<p align=\"left\">Tambi\u00e9n es importante desconfiar si alguien pide c\u00f3digos o contrase\u00f1as, ya que ninguna empresa o red social leg\u00edtima solicita esta informaci\u00f3n por mensaje o llamada.<\/p>\n<p align=\"left\">En caso de detectar actividad sospechosa, la ciudadan\u00eda puede comunicarse con la Unidad Cibern\u00e9tica al n\u00famero 800 77 CIBER (24237) o al correo electr\u00f3nico\u00a0<a href=\"mailto:reportes.ciber@sonora.gob.mx\" target=\"_blank\" rel=\"noopener\">reportes.ciber@sonora.gob.mx<\/a>.<\/p>\n<p align=\"left\">La Secretar\u00eda de Seguridad y Protecci\u00f3n Ciudadana Sonora reafirma su compromiso con la prevenci\u00f3n de delitos cibern\u00e9ticos y la protecci\u00f3n de la seguridad digital de las y los sonorenses, fortaleciendo acciones permanentes de orientaci\u00f3n y atenci\u00f3n a la poblaci\u00f3n.<\/p>\n","protected":false},"excerpt":{"rendered":"<p>Hermosillo, Sonora; 22 de febrero de 2026.- La Secretar\u00eda de Seguridad y Protecci\u00f3n Ciudadana (SSPC) Sonora, a trav\u00e9s de la Unidad Cibern\u00e9tica, reitera el llamado sobre el riesgo de robo y suplantaci\u00f3n de cuentas en redes sociales y aplicaciones de mensajer\u00eda instant\u00e1nea, una modalidad de fraude digital que puede comprometer la informaci\u00f3n personal y afectar [&hellip;]<\/p>\n","protected":false},"author":1,"featured_media":46660,"comment_status":"open","ping_status":"closed","sticky":false,"template":"","format":"standard","meta":{"jetpack_post_was_ever_published":false,"_jetpack_newsletter_access":"","_jetpack_dont_email_post_to_subs":false,"_jetpack_newsletter_tier_id":0,"_jetpack_memberships_contains_paywalled_content":false,"_jetpack_memberships_contains_paid_content":false,"footnotes":"","jetpack_publicize_message":"","jetpack_publicize_feature_enabled":true,"jetpack_social_post_already_shared":true,"jetpack_social_options":{"image_generator_settings":{"template":"highway","enabled":false},"version":2}},"categories":[12,1,27,9,16],"tags":[],"jetpack_publicize_connections":[],"jetpack_featured_media_url":"https:\/\/i0.wp.com\/www.semioticafactual.com\/wp-content\/uploads\/2026\/03\/unnamed-62-e1774505264549.jpg?fit=500%2C500&ssl=1","jetpack_shortlink":"https:\/\/wp.me\/p2mzaA-c8z","jetpack_sharing_enabled":true,"jetpack_likes_enabled":true,"_links":{"self":[{"href":"https:\/\/www.semioticafactual.com\/index.php?rest_route=\/wp\/v2\/posts\/46659"}],"collection":[{"href":"https:\/\/www.semioticafactual.com\/index.php?rest_route=\/wp\/v2\/posts"}],"about":[{"href":"https:\/\/www.semioticafactual.com\/index.php?rest_route=\/wp\/v2\/types\/post"}],"author":[{"embeddable":true,"href":"https:\/\/www.semioticafactual.com\/index.php?rest_route=\/wp\/v2\/users\/1"}],"replies":[{"embeddable":true,"href":"https:\/\/www.semioticafactual.com\/index.php?rest_route=%2Fwp%2Fv2%2Fcomments&post=46659"}],"version-history":[{"count":2,"href":"https:\/\/www.semioticafactual.com\/index.php?rest_route=\/wp\/v2\/posts\/46659\/revisions"}],"predecessor-version":[{"id":46662,"href":"https:\/\/www.semioticafactual.com\/index.php?rest_route=\/wp\/v2\/posts\/46659\/revisions\/46662"}],"wp:featuredmedia":[{"embeddable":true,"href":"https:\/\/www.semioticafactual.com\/index.php?rest_route=\/wp\/v2\/media\/46660"}],"wp:attachment":[{"href":"https:\/\/www.semioticafactual.com\/index.php?rest_route=%2Fwp%2Fv2%2Fmedia&parent=46659"}],"wp:term":[{"taxonomy":"category","embeddable":true,"href":"https:\/\/www.semioticafactual.com\/index.php?rest_route=%2Fwp%2Fv2%2Fcategories&post=46659"},{"taxonomy":"post_tag","embeddable":true,"href":"https:\/\/www.semioticafactual.com\/index.php?rest_route=%2Fwp%2Fv2%2Ftags&post=46659"}],"curies":[{"name":"wp","href":"https:\/\/api.w.org\/{rel}","templated":true}]}}