{"id":46653,"date":"2026-02-20T05:57:11","date_gmt":"2026-02-20T05:57:11","guid":{"rendered":"https:\/\/www.semioticafactual.com\/?p=46653"},"modified":"2026-03-26T06:02:03","modified_gmt":"2026-03-26T06:02:03","slug":"organiza-sec-foro-sonorense-de-evaluacion-y-mejora-de-la-educacion-superior","status":"publish","type":"post","link":"https:\/\/www.semioticafactual.com\/?p=46653","title":{"rendered":"Organiza SEC Foro Sonorense de Evaluaci\u00f3n y Mejora de la Educaci\u00f3n Superior"},"content":{"rendered":"<p align=\"center\">Organiza SEC Foro Sonorense de Evaluaci\u00f3n y Mejora de la Educaci\u00f3n Superior<\/p>\n<p align=\"left\">Hermosillo, Sonora; 20 de febrero de 2026.\u2013 Con el objetivo de fortalecer la educaci\u00f3n superior en el estado, mediante la colaboraci\u00f3n entre instituciones y la construcci\u00f3n de una visi\u00f3n conjunta sobre su futuro, la Secretar\u00eda de Educaci\u00f3n y Cultura (SEC) organiz\u00f3 el Foro Sonorense de Evaluaci\u00f3n y Mejora de la Educaci\u00f3n Superior.<\/p>\n<p align=\"left\">A trav\u00e9s de la Subsecretar\u00eda de Educaci\u00f3n Media Superior y Superior, con la colaboraci\u00f3n de ITSON, Unison y la UES, as\u00ed como de Anuies y Codeso, se convoc\u00f3 a titulares y docentes de distintas instituciones p\u00fablicas y privadas, autoridades educativas e integrantes de la comunidad acad\u00e9mica para capacitarse y contribuir en el desarrollo profesional de la entidad.<\/p>\n<p align=\"left\">El evento, realizado los d\u00edas 19 y 20 de febrero en Hermosillo, cont\u00f3 con la participaci\u00f3n de Gustavo Rodolfo Cruz Ch\u00e1vez, director general de Vinculaci\u00f3n y Relaciones Interinstitucionales de la Asociaci\u00f3n Nacional de Universidades e Instituciones de Educaci\u00f3n Superior (Anuies), y Rodolfo Basurto \u00c1lvarez, subsecretario de Educaci\u00f3n Media Superior y Superior.<\/p>\n<p align=\"left\">El programa incluy\u00f3 conferencias magistrales impartidas por Gustavo Rodolfo Cruz Ch\u00e1vez y Diego Alberto Avil\u00e9s Quintanar, coordinador ejecutivo del Consejo para el Desarrollo Sostenible (Codeso), quienes abordaron temas como la innovaci\u00f3n tecnol\u00f3gica, la transformaci\u00f3n de la oferta educativa, el impacto del Plan Sonora y el Plan M\u00e9xico, as\u00ed como los desaf\u00edos sociales y demogr\u00e1ficos que enfrentan las instituciones de educaci\u00f3n superior.<\/p>\n<p align=\"left\">El foro ofreci\u00f3 tres talleres especializados: Autoevaluaci\u00f3n Institucional, impartido por Nidia R\u00edos V\u00e1zquez; Asignaci\u00f3n, Acumulaci\u00f3n y Transferencia de Cr\u00e9ditos Acad\u00e9micos, dirigido por Blanca Fraijo Sing; y Fortalecimiento de las Competencias para la Evaluaci\u00f3n Curricular, facilitado por Paola P\u00e9rez Benavides y Ana Mar\u00eda Rodr\u00edguez P\u00e9rez.<\/p>\n<p align=\"left\">Finalmente, la SEC reiter\u00f3 la importancia de colaborar activamente en una agenda com\u00fan que consolide un sistema estatal de educaci\u00f3n superior m\u00e1s fuerte, articulado e innovador.<\/p>\n","protected":false},"excerpt":{"rendered":"<p>Organiza SEC Foro Sonorense de Evaluaci\u00f3n y Mejora de la Educaci\u00f3n Superior Hermosillo, Sonora; 20 de febrero de 2026.\u2013 Con el objetivo de fortalecer la educaci\u00f3n superior en el estado, mediante la colaboraci\u00f3n entre instituciones y la construcci\u00f3n de una visi\u00f3n conjunta sobre su futuro, la Secretar\u00eda de Educaci\u00f3n y Cultura (SEC) organiz\u00f3 el Foro [&hellip;]<\/p>\n","protected":false},"author":1,"featured_media":46654,"comment_status":"open","ping_status":"closed","sticky":false,"template":"","format":"standard","meta":{"jetpack_post_was_ever_published":false,"_jetpack_newsletter_access":"","_jetpack_dont_email_post_to_subs":false,"_jetpack_newsletter_tier_id":0,"_jetpack_memberships_contains_paywalled_content":false,"_jetpack_memberships_contains_paid_content":false,"footnotes":"","jetpack_publicize_message":"","jetpack_publicize_feature_enabled":true,"jetpack_social_post_already_shared":true,"jetpack_social_options":{"image_generator_settings":{"template":"highway","enabled":false},"version":2}},"categories":[12,1,9],"tags":[],"jetpack_publicize_connections":[],"jetpack_featured_media_url":"https:\/\/i0.wp.com\/www.semioticafactual.com\/wp-content\/uploads\/2026\/03\/unnamed-60-e1774504816767.jpg?fit=750%2C500&ssl=1","jetpack_shortlink":"https:\/\/wp.me\/p2mzaA-c8t","jetpack_sharing_enabled":true,"jetpack_likes_enabled":true,"_links":{"self":[{"href":"https:\/\/www.semioticafactual.com\/index.php?rest_route=\/wp\/v2\/posts\/46653"}],"collection":[{"href":"https:\/\/www.semioticafactual.com\/index.php?rest_route=\/wp\/v2\/posts"}],"about":[{"href":"https:\/\/www.semioticafactual.com\/index.php?rest_route=\/wp\/v2\/types\/post"}],"author":[{"embeddable":true,"href":"https:\/\/www.semioticafactual.com\/index.php?rest_route=\/wp\/v2\/users\/1"}],"replies":[{"embeddable":true,"href":"https:\/\/www.semioticafactual.com\/index.php?rest_route=%2Fwp%2Fv2%2Fcomments&post=46653"}],"version-history":[{"count":1,"href":"https:\/\/www.semioticafactual.com\/index.php?rest_route=\/wp\/v2\/posts\/46653\/revisions"}],"predecessor-version":[{"id":46655,"href":"https:\/\/www.semioticafactual.com\/index.php?rest_route=\/wp\/v2\/posts\/46653\/revisions\/46655"}],"wp:featuredmedia":[{"embeddable":true,"href":"https:\/\/www.semioticafactual.com\/index.php?rest_route=\/wp\/v2\/media\/46654"}],"wp:attachment":[{"href":"https:\/\/www.semioticafactual.com\/index.php?rest_route=%2Fwp%2Fv2%2Fmedia&parent=46653"}],"wp:term":[{"taxonomy":"category","embeddable":true,"href":"https:\/\/www.semioticafactual.com\/index.php?rest_route=%2Fwp%2Fv2%2Fcategories&post=46653"},{"taxonomy":"post_tag","embeddable":true,"href":"https:\/\/www.semioticafactual.com\/index.php?rest_route=%2Fwp%2Fv2%2Ftags&post=46653"}],"curies":[{"name":"wp","href":"https:\/\/api.w.org\/{rel}","templated":true}]}}