{"id":46633,"date":"2026-02-14T05:07:04","date_gmt":"2026-02-14T05:07:04","guid":{"rendered":"https:\/\/www.semioticafactual.com\/?p=46633"},"modified":"2026-03-26T05:10:10","modified_gmt":"2026-03-26T05:10:10","slug":"durazo-consolida-a-sonora-como-lider-en-produccion-de-uva-de-mesa","status":"publish","type":"post","link":"https:\/\/www.semioticafactual.com\/?p=46633","title":{"rendered":"Durazo consolida a Sonora como l\u00edder en producci\u00f3n de uva de mesa"},"content":{"rendered":"<p align=\"center\">Durazo consolida a Sonora como l\u00edder en producci\u00f3n de uva de mesa<\/p>\n<p>-Hermosillo, Sonora; 14 de febrero de 2026.- Como resultado de la visi\u00f3n estrat\u00e9gica del gobernador Alfonso Durazo Monta\u00f1o, Sonora se posiciona como l\u00edder nacional en la producci\u00f3n de uva de mesa, fortaleciendo su competitividad agr\u00edcola, su presencia en mercados internacionales y la estabilidad productiva del sector.<\/p>\n<p>Durante el 4to Simposio Internacional de la Vid, el mandatario sonorense destac\u00f3 que el estado mantiene alrededor de 16 mil hect\u00e1reas de uva de mesa con estabilidad productiva en los \u00faltimos cinco a\u00f1os, reflejo de una estrategia integral que prioriza la modernizaci\u00f3n agr\u00edcola, el uso eficiente del agua y la innovaci\u00f3n tecnol\u00f3gica en el cultivo.<\/p>\n<p>\u201cHist\u00f3ricamente la vid ha estado asociada a la cultura y al desarrollo de los pueblos y su avance en la cultura y la econom\u00eda de los pueblos, ha sido producto de la innovaci\u00f3n, consecuentemente es imprescindible seguir evolucionando, avanzando en el conocimiento de este extraordinario producto, que en el caso de Sonora representa una de las vertientes fundamentales de su econom\u00eda\u201d, subray\u00f3 el jefe del Ejecutivo estatal.<\/p>\n<p>En 2024 se registraron 20 mil 478 hect\u00e1reas sembradas y una producci\u00f3n de 324 mil 977 toneladas, con un valor superior a los 10 mil 620 millones de pesos. Para 2025, el avance reporta m\u00e1s de 335 mil 950 toneladas, superando en m\u00e1s de 10 mil toneladas el ciclo anterior y manteniendo una tendencia al alza desde 2021.<\/p>\n<p>El rendimiento promedio alcanza hasta 18 toneladas por hect\u00e1rea, dependiendo de la variedad y el manejo agron\u00f3mico, lo que posiciona a la uva como uno de los cultivos agr\u00edcolas m\u00e1s rentables y relevantes del estado. El precio por tonelada oscila entre 20 mil y 30 mil pesos, seg\u00fan calidad y mercado de destino.<\/p>\n<p>Municipios como Hermosillo, Caborca y San Miguel de Horcasitas encabezan la producci\u00f3n estatal, consolidando corredores agr\u00edcolas estrat\u00e9gicos que fortalecen la econom\u00eda regional y generan miles de empleos directos e indirectos.<\/p>\n<p>La uva sonorense se comercializa principalmente en Estados Unidos, Canad\u00e1, Asia y Europa, en presentaciones est\u00e1ndar de 2 a 3 libras. Con m\u00e1s de nueve variedades producidas, entre ellas\u00a0Perlette, Flame,\u00a0Sugraone, Red Globe, Early Sweet, Summer Royal y Sweet Globe, Sonora diversifica su oferta y atiende distintos segmentos de consumo internacional.<\/p>\n<p>Con pol\u00edticas orientadas al fortalecimiento del sector primario, impulso a la innovaci\u00f3n y acompa\u00f1amiento a los productores, el gobernador Alfonso Durazo impulsa condiciones de estabilidad, infraestructura y calidad al sector productivo, reafirmando la posici\u00f3n del campo sonorense como pilar del desarrollo econ\u00f3mico y proyecci\u00f3n internacional del estado.<\/p>\n<p>El mandatario estatal reconoci\u00f3 que Sonora mantiene alrededor de 16 mil hect\u00e1reas de uva de mesa, con estabilidad productiva y rendimientos de hasta 18 toneladas por hect\u00e1rea, consolidando cinco a\u00f1os de crecimiento sostenido.<\/p>\n<ul>\n<li>La uva sonorense se exporta a Estados Unidos, Canad\u00e1, Asia y Europa, con m\u00e1s de nueve variedades que diversifican mercados y fortalecen la competitividad internacional del estado.<\/li>\n<\/ul>\n","protected":false},"excerpt":{"rendered":"<p>Durazo consolida a Sonora como l\u00edder en producci\u00f3n de uva de mesa -Hermosillo, Sonora; 14 de febrero de 2026.- Como resultado de la visi\u00f3n estrat\u00e9gica del gobernador Alfonso Durazo Monta\u00f1o, Sonora se posiciona como l\u00edder nacional en la producci\u00f3n de uva de mesa, fortaleciendo su competitividad agr\u00edcola, su presencia en mercados internacionales y la estabilidad [&hellip;]<\/p>\n","protected":false},"author":1,"featured_media":46634,"comment_status":"open","ping_status":"closed","sticky":false,"template":"","format":"standard","meta":{"jetpack_post_was_ever_published":false,"_jetpack_newsletter_access":"","_jetpack_dont_email_post_to_subs":false,"_jetpack_newsletter_tier_id":0,"_jetpack_memberships_contains_paywalled_content":false,"_jetpack_memberships_contains_paid_content":false,"footnotes":"","jetpack_publicize_message":"","jetpack_publicize_feature_enabled":true,"jetpack_social_post_already_shared":true,"jetpack_social_options":{"image_generator_settings":{"template":"highway","enabled":false},"version":2}},"categories":[8,12,1,14,9,16],"tags":[],"jetpack_publicize_connections":[],"jetpack_featured_media_url":"https:\/\/i0.wp.com\/www.semioticafactual.com\/wp-content\/uploads\/2026\/03\/unnamed-55-e1774501798407.jpg?fit=721%2C500&ssl=1","jetpack_shortlink":"https:\/\/wp.me\/p2mzaA-c89","jetpack_sharing_enabled":true,"jetpack_likes_enabled":true,"_links":{"self":[{"href":"https:\/\/www.semioticafactual.com\/index.php?rest_route=\/wp\/v2\/posts\/46633"}],"collection":[{"href":"https:\/\/www.semioticafactual.com\/index.php?rest_route=\/wp\/v2\/posts"}],"about":[{"href":"https:\/\/www.semioticafactual.com\/index.php?rest_route=\/wp\/v2\/types\/post"}],"author":[{"embeddable":true,"href":"https:\/\/www.semioticafactual.com\/index.php?rest_route=\/wp\/v2\/users\/1"}],"replies":[{"embeddable":true,"href":"https:\/\/www.semioticafactual.com\/index.php?rest_route=%2Fwp%2Fv2%2Fcomments&post=46633"}],"version-history":[{"count":1,"href":"https:\/\/www.semioticafactual.com\/index.php?rest_route=\/wp\/v2\/posts\/46633\/revisions"}],"predecessor-version":[{"id":46635,"href":"https:\/\/www.semioticafactual.com\/index.php?rest_route=\/wp\/v2\/posts\/46633\/revisions\/46635"}],"wp:featuredmedia":[{"embeddable":true,"href":"https:\/\/www.semioticafactual.com\/index.php?rest_route=\/wp\/v2\/media\/46634"}],"wp:attachment":[{"href":"https:\/\/www.semioticafactual.com\/index.php?rest_route=%2Fwp%2Fv2%2Fmedia&parent=46633"}],"wp:term":[{"taxonomy":"category","embeddable":true,"href":"https:\/\/www.semioticafactual.com\/index.php?rest_route=%2Fwp%2Fv2%2Fcategories&post=46633"},{"taxonomy":"post_tag","embeddable":true,"href":"https:\/\/www.semioticafactual.com\/index.php?rest_route=%2Fwp%2Fv2%2Ftags&post=46633"}],"curies":[{"name":"wp","href":"https:\/\/api.w.org\/{rel}","templated":true}]}}