{"id":46630,"date":"2026-02-13T04:50:47","date_gmt":"2026-02-13T04:50:47","guid":{"rendered":"https:\/\/www.semioticafactual.com\/?p=46630"},"modified":"2026-03-26T04:59:43","modified_gmt":"2026-03-26T04:59:43","slug":"crece-meta-de-vivienda-para-el-bienestar-en-sonora-de-33-mil-800-a-65-mil-con-gestiones-del-gobernador-durazo-2","status":"publish","type":"post","link":"https:\/\/www.semioticafactual.com\/?p=46630","title":{"rendered":"Crece meta de Vivienda para el Bienestar en Sonora de 33 mil 800 a 65 mil con gestiones del Gobernador Durazo"},"content":{"rendered":"<p align=\"center\">Crece meta de Vivienda para el Bienestar en Sonora de 33 mil 800 a 65 mil con gestiones del Gobernador Durazo<\/p>\n<p>Ciudad Obreg\u00f3n, 13 de Febrero del 2026.- Con una visi\u00f3n firme de justicia social y compromiso directo con las familias que m\u00e1s lo necesitan, el gobernador Alfonso Durazo Monta\u00f1o encabeza en Sonora uno de los mayores avances a nivel nacional del programa creado por la presidenta Claudia Sheinbaum Pardo, Vivienda para el Bienestar, al incrementarse la meta sexenal en diversas ocasiones, pasando de 33 mil 800 a 65 mil viviendas proyectadas al 2030, de las cuales se estima que 20 mil sean entregadas antes de que concluya su administraci\u00f3n.<\/p>\n<p>Gracias a sus gestiones, Sonora se convirti\u00f3 en el primer estado en garantizar la totalidad de la tierra requerida para iniciar la construcci\u00f3n de viviendas del Programa Nacional de Vivienda para el Bienestar, dirigidas a poblaci\u00f3n que no cuenta con seguridad social, bajo un esquema accesible.<\/p>\n<p>Este programa avanza de manera sostenida en la entidad a trav\u00e9s de la Comisi\u00f3n Nacional de Vivienda (CONAVI) y el Instituto del Fondo Nacional de la Vivienda para los Trabajadores (INFONAVIT), posicionando a Sonora como uno de los estados con mayor progreso dentro de esta estrategia federal.<\/p>\n<p>Adicionalmente, se encuentran en proceso de validaci\u00f3n m\u00e1s de dos mil viviendas por parte de la CONAVI, as\u00ed como cuatro mil 570 viviendas de INFONAVIT en etapa previa al inicio de construcci\u00f3n, lo que fortalece el ritmo de crecimiento del programa en la entidad.<\/p>\n<p>Actualmente, las viviendas en desarrollo por medio de CONAVI se distribuyen en municipios como Nogales, Agua Prieta, Puerto Pe\u00f1asco y Cajeme, mientras que con INFONAVIT destacan Nogales, Hermosillo, Navojoa y Agua Prieta, ampliando la cobertura territorial y el impacto social del programa.<\/p>\n<p>El mandatario sonorense inform\u00f3 que en Ciudad Obreg\u00f3n se encuentra en proceso el cierre de un acuerdo para disponer de un terreno de 34 hect\u00e1reas que podr\u00eda ponerse a disposici\u00f3n de la CONAVI para el desarrollo de un conjunto habitacional con potencial de albergar alrededor de 4 mil viviendas, con una proyecci\u00f3n de hasta 150 viviendas por hect\u00e1rea, fortaleciendo as\u00ed la oferta de vivienda bien planeada y estrat\u00e9gicamente ubicada.<\/p>\n<p>Con estas acciones, el gobernador Alfonso Durazo, en coordinaci\u00f3n con la presidenta Claudia Sheinbaum, reafirma su compromiso de garantizar que m\u00e1s familias en situaci\u00f3n de alta vulnerabilidad, comunidades ind\u00edgenas y zonas rurales con mayores carencias sociales accedan a un patrimonio seguro, digno y bien ubicado, fortaleciendo el bienestar, la justicia social y la igualdad de oportunidades en Sonora.<\/p>\n<p>El jefe del Ejecutivo estatal se\u00f1al\u00f3 que se proyecta la construcci\u00f3n de 65 mil viviendas al 2030 y 20 mil de ellas serian entregadas antes de concluir su gobierno.<\/p>\n<p>Gracias a las gestiones del gobernador Durazo, la entidad sonorense se convirti\u00f3 en el primer estado en otorgar toda la tierra necesaria para arrancar con la construcci\u00f3n de casas del Programa Nacional de Vivienda para el Bienestar.<\/p>\n","protected":false},"excerpt":{"rendered":"<p>Crece meta de Vivienda para el Bienestar en Sonora de 33 mil 800 a 65 mil con gestiones del Gobernador Durazo Ciudad Obreg\u00f3n, 13 de Febrero del 2026.- Con una visi\u00f3n firme de justicia social y compromiso directo con las familias que m\u00e1s lo necesitan, el gobernador Alfonso Durazo Monta\u00f1o encabeza en Sonora uno de [&hellip;]<\/p>\n","protected":false},"author":1,"featured_media":46631,"comment_status":"open","ping_status":"closed","sticky":false,"template":"","format":"standard","meta":{"jetpack_post_was_ever_published":false,"_jetpack_newsletter_access":"","_jetpack_dont_email_post_to_subs":false,"_jetpack_newsletter_tier_id":0,"_jetpack_memberships_contains_paywalled_content":false,"_jetpack_memberships_contains_paid_content":false,"footnotes":"","jetpack_publicize_message":"","jetpack_publicize_feature_enabled":true,"jetpack_social_post_already_shared":true,"jetpack_social_options":{"image_generator_settings":{"template":"highway","enabled":false},"version":2}},"categories":[12,1,9],"tags":[],"jetpack_publicize_connections":[],"jetpack_featured_media_url":"https:\/\/i0.wp.com\/www.semioticafactual.com\/wp-content\/uploads\/2026\/03\/unnamed-54-e1774501083240.jpg?fit=752%2C500&ssl=1","jetpack_shortlink":"https:\/\/wp.me\/p2mzaA-c86","jetpack_sharing_enabled":true,"jetpack_likes_enabled":true,"_links":{"self":[{"href":"https:\/\/www.semioticafactual.com\/index.php?rest_route=\/wp\/v2\/posts\/46630"}],"collection":[{"href":"https:\/\/www.semioticafactual.com\/index.php?rest_route=\/wp\/v2\/posts"}],"about":[{"href":"https:\/\/www.semioticafactual.com\/index.php?rest_route=\/wp\/v2\/types\/post"}],"author":[{"embeddable":true,"href":"https:\/\/www.semioticafactual.com\/index.php?rest_route=\/wp\/v2\/users\/1"}],"replies":[{"embeddable":true,"href":"https:\/\/www.semioticafactual.com\/index.php?rest_route=%2Fwp%2Fv2%2Fcomments&post=46630"}],"version-history":[{"count":1,"href":"https:\/\/www.semioticafactual.com\/index.php?rest_route=\/wp\/v2\/posts\/46630\/revisions"}],"predecessor-version":[{"id":46632,"href":"https:\/\/www.semioticafactual.com\/index.php?rest_route=\/wp\/v2\/posts\/46630\/revisions\/46632"}],"wp:featuredmedia":[{"embeddable":true,"href":"https:\/\/www.semioticafactual.com\/index.php?rest_route=\/wp\/v2\/media\/46631"}],"wp:attachment":[{"href":"https:\/\/www.semioticafactual.com\/index.php?rest_route=%2Fwp%2Fv2%2Fmedia&parent=46630"}],"wp:term":[{"taxonomy":"category","embeddable":true,"href":"https:\/\/www.semioticafactual.com\/index.php?rest_route=%2Fwp%2Fv2%2Fcategories&post=46630"},{"taxonomy":"post_tag","embeddable":true,"href":"https:\/\/www.semioticafactual.com\/index.php?rest_route=%2Fwp%2Fv2%2Ftags&post=46630"}],"curies":[{"name":"wp","href":"https:\/\/api.w.org\/{rel}","templated":true}]}}