{"id":46627,"date":"2026-02-11T04:45:32","date_gmt":"2026-02-11T04:45:32","guid":{"rendered":"https:\/\/www.semioticafactual.com\/?p=46627"},"modified":"2026-03-26T04:47:38","modified_gmt":"2026-03-26T04:47:38","slug":"vacunate-en-la-unison-y-protegete-a-tiempo-contra-el-sarampion-covid-19-e-influenza","status":"publish","type":"post","link":"https:\/\/www.semioticafactual.com\/?p=46627","title":{"rendered":"Vac\u00fanate en la Unison y prot\u00e9gete a tiempo contra el sarampi\u00f3n, COVID-19 e influenza"},"content":{"rendered":"<p>Hermosillo, Sonora; 11 de febrero de 2026.\u2013 La Secretar\u00eda de Salud P\u00fablica (SSP) del Gobierno de Sonora contin\u00faa reforzando la vacunaci\u00f3n como la principal medida de prevenci\u00f3n, acercando los servicios directamente a la comunidad. Uno de los puntos clave es la Universidad de Sonora (Unison), donde se instalaron m\u00f3dulos de vacunaci\u00f3n para facilitar que estudiantes, personal y poblaci\u00f3n en general completen sus esquemas.<\/p>\n<p>La responsable estatal de Vacunaci\u00f3n, Mar\u00eda Concepci\u00f3n F\u00e9lix Lares, reiter\u00f3 que el enfoque est\u00e1 en iniciar y completar el esquema de la vacuna triple viral, que protege contra sarampi\u00f3n, rub\u00e9ola y parotiditis. Este esquema consta de dos dosis y est\u00e1 dirigido principalmente a ni\u00f1as y ni\u00f1os, as\u00ed como a personas de uno a 49 a\u00f1os que no cuenten con su esquema completo.<\/p>\n<p>\u201cEl llamado es a revisar su Cartilla Nacional de Salud; si no tienen las dos dosis, hay que aplicarlas lo antes posible. Con eso es suficiente para estar protegidos contra el sarampi\u00f3n\u201d, explic\u00f3 F\u00e9lix Lares, quien record\u00f3 que no se requieren refuerzos adicionales si ya se cuenta con el esquema completo.<\/p>\n<p>Como parte de estas acciones, permanecen los stands de vacunaci\u00f3n en distintas unidades de la Universidad de Sonora. En Hermosillo, los m\u00f3dulos estuvieron activos en la Unidad de Medicina los d\u00edas nueve y 10 y en la Unidad de Servicios Estudiantiles del nueve al 13 de febrero, en un horario de 8:00 a 18:00 horas.<\/p>\n<p>Adem\u00e1s, se cuenta con m\u00f3dulos de vacunaci\u00f3n en las unidades de la Unison en Caborca, Nogales, Cajeme y Navojoa, tambi\u00e9n del nueve al 13 de febrero, de 8:00 a 18:00 horas. En la Unidad Santa Ana, la vacunaci\u00f3n se realiz\u00f3 los d\u00edas 10 y 11 de febrero, en el mismo horario.<\/p>\n<p>&nbsp;<\/p>\n<p>Durante estos d\u00edas se est\u00e1n aplicando vacunas SR y SRP, adem\u00e1s de influenza, COVID-19 y neumococo, de acuerdo con disponibilidad. La SSP record\u00f3 que la Campa\u00f1a de Vacunaci\u00f3n Invernal concluye el pr\u00f3ximo 3 de abril, por lo que exhort\u00f3 a la poblaci\u00f3n a aprovechar estos m\u00f3dulos y completar sus esquemas, especialmente contra enfermedades respiratorias que aumentan durante la temporada invernal.<\/p>\n","protected":false},"excerpt":{"rendered":"<p>Hermosillo, Sonora; 11 de febrero de 2026.\u2013 La Secretar\u00eda de Salud P\u00fablica (SSP) del Gobierno de Sonora contin\u00faa reforzando la vacunaci\u00f3n como la principal medida de prevenci\u00f3n, acercando los servicios directamente a la comunidad. Uno de los puntos clave es la Universidad de Sonora (Unison), donde se instalaron m\u00f3dulos de vacunaci\u00f3n para facilitar que estudiantes, [&hellip;]<\/p>\n","protected":false},"author":1,"featured_media":46628,"comment_status":"open","ping_status":"closed","sticky":false,"template":"","format":"standard","meta":{"jetpack_post_was_ever_published":false,"_jetpack_newsletter_access":"","_jetpack_dont_email_post_to_subs":false,"_jetpack_newsletter_tier_id":0,"_jetpack_memberships_contains_paywalled_content":false,"_jetpack_memberships_contains_paid_content":false,"footnotes":"","jetpack_publicize_message":"","jetpack_publicize_feature_enabled":true,"jetpack_social_post_already_shared":true,"jetpack_social_options":{"image_generator_settings":{"template":"highway","enabled":false},"version":2}},"categories":[18,12,1,15],"tags":[],"jetpack_publicize_connections":[],"jetpack_featured_media_url":"https:\/\/i0.wp.com\/www.semioticafactual.com\/wp-content\/uploads\/2026\/03\/unnamed-53-e1774500445363.jpg?fit=750%2C500&ssl=1","jetpack_shortlink":"https:\/\/wp.me\/p2mzaA-c83","jetpack_sharing_enabled":true,"jetpack_likes_enabled":true,"_links":{"self":[{"href":"https:\/\/www.semioticafactual.com\/index.php?rest_route=\/wp\/v2\/posts\/46627"}],"collection":[{"href":"https:\/\/www.semioticafactual.com\/index.php?rest_route=\/wp\/v2\/posts"}],"about":[{"href":"https:\/\/www.semioticafactual.com\/index.php?rest_route=\/wp\/v2\/types\/post"}],"author":[{"embeddable":true,"href":"https:\/\/www.semioticafactual.com\/index.php?rest_route=\/wp\/v2\/users\/1"}],"replies":[{"embeddable":true,"href":"https:\/\/www.semioticafactual.com\/index.php?rest_route=%2Fwp%2Fv2%2Fcomments&post=46627"}],"version-history":[{"count":1,"href":"https:\/\/www.semioticafactual.com\/index.php?rest_route=\/wp\/v2\/posts\/46627\/revisions"}],"predecessor-version":[{"id":46629,"href":"https:\/\/www.semioticafactual.com\/index.php?rest_route=\/wp\/v2\/posts\/46627\/revisions\/46629"}],"wp:featuredmedia":[{"embeddable":true,"href":"https:\/\/www.semioticafactual.com\/index.php?rest_route=\/wp\/v2\/media\/46628"}],"wp:attachment":[{"href":"https:\/\/www.semioticafactual.com\/index.php?rest_route=%2Fwp%2Fv2%2Fmedia&parent=46627"}],"wp:term":[{"taxonomy":"category","embeddable":true,"href":"https:\/\/www.semioticafactual.com\/index.php?rest_route=%2Fwp%2Fv2%2Fcategories&post=46627"},{"taxonomy":"post_tag","embeddable":true,"href":"https:\/\/www.semioticafactual.com\/index.php?rest_route=%2Fwp%2Fv2%2Ftags&post=46627"}],"curies":[{"name":"wp","href":"https:\/\/api.w.org\/{rel}","templated":true}]}}