{"id":46622,"date":"2026-02-09T04:15:23","date_gmt":"2026-02-09T04:15:23","guid":{"rendered":"https:\/\/www.semioticafactual.com\/?p=46622"},"modified":"2026-03-26T04:33:02","modified_gmt":"2026-03-26T04:33:02","slug":"instalara-secretaria-de-salud-modulos-de-vacunacion-en-universidad-de-sonora","status":"publish","type":"post","link":"https:\/\/www.semioticafactual.com\/?p=46622","title":{"rendered":"Instalar\u00e1 Secretar\u00eda de Salud m\u00f3dulos de vacunaci\u00f3n en Universidad de Sonora"},"content":{"rendered":"<table border=\"0\" width=\"100%\" cellspacing=\"0\" cellpadding=\"0\">\n<tbody>\n<tr>\n<td>\n<table class=\"m_-4989548518701338974text\" border=\"0\" width=\"100%\" cellspacing=\"0\" cellpadding=\"0\">\n<tbody>\n<tr>\n<td class=\"m_-4989548518701338974text_content-cell m_-4989548518701338974content-padding-horizontal\" align=\"left\" valign=\"top\">\n<p align=\"center\">Instalar\u00e1 Secretar\u00eda de Salud m\u00f3dulos de vacunaci\u00f3n en Universidad de Sonora<\/p>\n<p>Hermosillo, Sonora; 9 de febrero de 2026.\u2013 Con el objetivo de fortalecer la prevenci\u00f3n de enfermedades y facilitar el acceso a la vacunaci\u00f3n, la Secretar\u00eda de Salud P\u00fablica (SSP) del Gobierno de Sonora informa que, del 9 al 13 de febrero, se instalar\u00e1n stands de vacunaci\u00f3n en distintas unidades de la Universidad de Sonora (Unison) en varios municipios del estado.<\/p>\n<p>En Hermosillo, los m\u00f3dulos estar\u00e1n disponibles en la Unidad Medicina, los d\u00edas 9 y 10 de febrero, en un horario de 8:00 a 14:00 horas, as\u00ed como en la Unidad de Servicios Estudiantiles, del 9 al 13 de febrero, de 8:00 a 18:00 horas.<\/p>\n<p>Asimismo, se instalar\u00e1n stands en las unidades de la Universidad de Sonora en Caborca, Nogales, Cajeme y Navojoa, del 9 al 13 de febrero, con un horario de atenci\u00f3n de 8:00 a 18:00 horas. En el caso de la Unidad Santa Ana, la vacunaci\u00f3n se llevar\u00e1 a cabo los d\u00edas 10 y 11 de febrero, en el mismo horario.<\/p>\n<p>Durante estas jornadas se contar\u00e1 con vacunas SR y SRP, as\u00ed como contra influenza, COVID-19 y neumococo, de acuerdo con disponibilidad, con el respaldo de unidades m\u00e9dicas del IMSS Bienestar, IMSS Ordinario y la Secretar\u00eda de Salud P\u00fablica, a trav\u00e9s de los CAAPS, UMF y centros de salud correspondientes.<\/p>\n<p>La Secretar\u00eda de Salud record\u00f3 que la Campa\u00f1a de Vacunaci\u00f3n Invernal estar\u00e1 vigente hasta el pr\u00f3ximo 3 de abril, por lo que exhort\u00f3 a la poblaci\u00f3n a aprovechar estas jornadas y completar sus esquemas de vacunaci\u00f3n dentro del periodo establecido, especialmente contra enfermedades respiratorias que incrementan su circulaci\u00f3n durante la temporada invernal.<\/p>\n<p>&nbsp;<\/td>\n<\/tr>\n<\/tbody>\n<\/table>\n<\/td>\n<\/tr>\n<\/tbody>\n<\/table>\n<table class=\"m_-4989548518701338974image\" border=\"0\" width=\"100%\" cellspacing=\"0\" cellpadding=\"0\">\n<tbody>\n<tr>\n<td class=\"m_-4989548518701338974image_container m_-4989548518701338974content-padding-horizontal\" align=\"center\" valign=\"top\"><\/td>\n<\/tr>\n<\/tbody>\n<\/table>\n","protected":false},"excerpt":{"rendered":"<p>Instalar\u00e1 Secretar\u00eda de Salud m\u00f3dulos de vacunaci\u00f3n en Universidad de Sonora Hermosillo, Sonora; 9 de febrero de 2026.\u2013 Con el objetivo de fortalecer la prevenci\u00f3n de enfermedades y facilitar el acceso a la vacunaci\u00f3n, la Secretar\u00eda de Salud P\u00fablica (SSP) del Gobierno de Sonora informa que, del 9 al 13 de febrero, se instalar\u00e1n stands [&hellip;]<\/p>\n","protected":false},"author":1,"featured_media":46623,"comment_status":"open","ping_status":"closed","sticky":false,"template":"","format":"standard","meta":{"jetpack_post_was_ever_published":false,"_jetpack_newsletter_access":"","_jetpack_dont_email_post_to_subs":false,"_jetpack_newsletter_tier_id":0,"_jetpack_memberships_contains_paywalled_content":false,"_jetpack_memberships_contains_paid_content":false,"footnotes":"","jetpack_publicize_message":"","jetpack_publicize_feature_enabled":true,"jetpack_social_post_already_shared":true,"jetpack_social_options":{"image_generator_settings":{"template":"highway","enabled":false},"version":2}},"categories":[12,1,15,9],"tags":[],"jetpack_publicize_connections":[],"jetpack_featured_media_url":"https:\/\/i0.wp.com\/www.semioticafactual.com\/wp-content\/uploads\/2026\/03\/unnamed-52-1-e1774499194549.jpg?fit=444%2C555&ssl=1","jetpack_shortlink":"https:\/\/wp.me\/p2mzaA-c7Y","jetpack_sharing_enabled":true,"jetpack_likes_enabled":true,"_links":{"self":[{"href":"https:\/\/www.semioticafactual.com\/index.php?rest_route=\/wp\/v2\/posts\/46622"}],"collection":[{"href":"https:\/\/www.semioticafactual.com\/index.php?rest_route=\/wp\/v2\/posts"}],"about":[{"href":"https:\/\/www.semioticafactual.com\/index.php?rest_route=\/wp\/v2\/types\/post"}],"author":[{"embeddable":true,"href":"https:\/\/www.semioticafactual.com\/index.php?rest_route=\/wp\/v2\/users\/1"}],"replies":[{"embeddable":true,"href":"https:\/\/www.semioticafactual.com\/index.php?rest_route=%2Fwp%2Fv2%2Fcomments&post=46622"}],"version-history":[{"count":1,"href":"https:\/\/www.semioticafactual.com\/index.php?rest_route=\/wp\/v2\/posts\/46622\/revisions"}],"predecessor-version":[{"id":46624,"href":"https:\/\/www.semioticafactual.com\/index.php?rest_route=\/wp\/v2\/posts\/46622\/revisions\/46624"}],"wp:featuredmedia":[{"embeddable":true,"href":"https:\/\/www.semioticafactual.com\/index.php?rest_route=\/wp\/v2\/media\/46623"}],"wp:attachment":[{"href":"https:\/\/www.semioticafactual.com\/index.php?rest_route=%2Fwp%2Fv2%2Fmedia&parent=46622"}],"wp:term":[{"taxonomy":"category","embeddable":true,"href":"https:\/\/www.semioticafactual.com\/index.php?rest_route=%2Fwp%2Fv2%2Fcategories&post=46622"},{"taxonomy":"post_tag","embeddable":true,"href":"https:\/\/www.semioticafactual.com\/index.php?rest_route=%2Fwp%2Fv2%2Ftags&post=46622"}],"curies":[{"name":"wp","href":"https:\/\/api.w.org\/{rel}","templated":true}]}}