{"id":46619,"date":"2026-02-07T04:12:35","date_gmt":"2026-02-07T04:12:35","guid":{"rendered":"https:\/\/www.semioticafactual.com\/?p=46619"},"modified":"2026-03-26T04:15:08","modified_gmt":"2026-03-26T04:15:08","slug":"gobierno-de-sonora-fortalece-agricultura-y-planeacion-hidrica-en-el-distrito-de-riego-037","status":"publish","type":"post","link":"https:\/\/www.semioticafactual.com\/?p=46619","title":{"rendered":"Gobierno de Sonora fortalece agricultura y planeaci\u00f3n h\u00eddrica en el Distrito de Riego 037"},"content":{"rendered":"<p align=\"center\">Gobierno de Sonora fortalece agricultura y planeaci\u00f3n h\u00eddrica en el Distrito de Riego 037<\/p>\n<p>Caborca, Sonora; 7 de febrero de 2026.\u2013 En cumplimiento a la visi\u00f3n del gobernador Alfonso Durazo, el Gobierno de Sonora, a trav\u00e9s de la Secretar\u00eda de Agricultura, Ganader\u00eda, Recursos Hidr\u00e1ulicos, Pesca y Acuacultura (Sagarhpa), clausur\u00f3 la Asamblea del Distrito de Riego 037 Altar\u2013Pitiquito\u2013Caborca, orientada a fortalecer la planeaci\u00f3n productiva y el uso eficiente del agua.<\/p>\n<p>La secretaria de Agricultura, Ganader\u00eda, Recursos Hidr\u00e1ulicos, Pesca y Acuacacultura, Celida L\u00f3pez C\u00e1rdenas, destac\u00f3 la importancia de estos espacios de di\u00e1logo entre productores y autoridades para consolidar acuerdos que fortalezcan la organizaci\u00f3n y el desarrollo del campo sonorense.<\/p>\n<p>Agradeci\u00f3 la participaci\u00f3n de productoras y productores, as\u00ed como de autoridades estatales, federales y municipales, entre ellas Jorge Luis Moreno D\u00e1vila, secretario del Ayuntamiento de Caborca, en representaci\u00f3n del presidente municipal Abraham David Mier Nogales, Arturo Pe\u00f1\u00fa\u00f1uri Pineda, presidente del Consejo de Asociados y a las y los integrantes de Asudir.<\/p>\n<p>Indic\u00f3 que el Distrito de Riego 037 es ejemplo de organizaci\u00f3n y productividad, al registrar alrededor de 24 cultivos con permisos de siembra que abarcan cerca de 19 mil hect\u00e1reas, reflejando la diversidad agr\u00edcola de esta regi\u00f3n del norte de Sonora.<\/p>\n<p>Se\u00f1al\u00f3 que cultivos como papa, esp\u00e1rrago, nuez, uva, aceituna, alfalfa y trigo consolidan al distrito como referente productivo, al registrar m\u00e1s de 28 mil hect\u00e1reas sembradas en 2024 y un avance superior a 27 mil 700 hect\u00e1reas en 2025.<\/p>\n<p>En el caso del esp\u00e1rrago, durante 2025 se report\u00f3 una producci\u00f3n de 20 mil 894 toneladas en Altar, 89 mil 350 en Caborca y 10 mil 606 en Pitiquito, fortaleciendo el liderazgo nacional de Sonora en este cultivo.<\/p>\n<p>La asamblea permiti\u00f3 establecer acuerdos para mejorar la distribuci\u00f3n del agua, fortalecer la organizaci\u00f3n del distrito y dar mantenimiento a la infraestructura hidr\u00e1ulica, garantizando un manejo justo, eficiente y ordenado del recurso en beneficio del desarrollo regional.<\/p>\n","protected":false},"excerpt":{"rendered":"<p>Gobierno de Sonora fortalece agricultura y planeaci\u00f3n h\u00eddrica en el Distrito de Riego 037 Caborca, Sonora; 7 de febrero de 2026.\u2013 En cumplimiento a la visi\u00f3n del gobernador Alfonso Durazo, el Gobierno de Sonora, a trav\u00e9s de la Secretar\u00eda de Agricultura, Ganader\u00eda, Recursos Hidr\u00e1ulicos, Pesca y Acuacultura (Sagarhpa), clausur\u00f3 la Asamblea del Distrito de Riego [&hellip;]<\/p>\n","protected":false},"author":1,"featured_media":46620,"comment_status":"open","ping_status":"closed","sticky":false,"template":"","format":"standard","meta":{"jetpack_post_was_ever_published":false,"_jetpack_newsletter_access":"","_jetpack_dont_email_post_to_subs":false,"_jetpack_newsletter_tier_id":0,"_jetpack_memberships_contains_paywalled_content":false,"_jetpack_memberships_contains_paid_content":false,"footnotes":"","jetpack_publicize_message":"","jetpack_publicize_feature_enabled":true,"jetpack_social_post_already_shared":true,"jetpack_social_options":{"image_generator_settings":{"template":"highway","enabled":false},"version":2}},"categories":[14,9],"tags":[],"jetpack_publicize_connections":[],"jetpack_featured_media_url":"https:\/\/i0.wp.com\/www.semioticafactual.com\/wp-content\/uploads\/2026\/03\/unnamed-51-e1774498498397.jpg?fit=751%2C501&ssl=1","jetpack_shortlink":"https:\/\/wp.me\/p2mzaA-c7V","jetpack_sharing_enabled":true,"jetpack_likes_enabled":true,"_links":{"self":[{"href":"https:\/\/www.semioticafactual.com\/index.php?rest_route=\/wp\/v2\/posts\/46619"}],"collection":[{"href":"https:\/\/www.semioticafactual.com\/index.php?rest_route=\/wp\/v2\/posts"}],"about":[{"href":"https:\/\/www.semioticafactual.com\/index.php?rest_route=\/wp\/v2\/types\/post"}],"author":[{"embeddable":true,"href":"https:\/\/www.semioticafactual.com\/index.php?rest_route=\/wp\/v2\/users\/1"}],"replies":[{"embeddable":true,"href":"https:\/\/www.semioticafactual.com\/index.php?rest_route=%2Fwp%2Fv2%2Fcomments&post=46619"}],"version-history":[{"count":1,"href":"https:\/\/www.semioticafactual.com\/index.php?rest_route=\/wp\/v2\/posts\/46619\/revisions"}],"predecessor-version":[{"id":46621,"href":"https:\/\/www.semioticafactual.com\/index.php?rest_route=\/wp\/v2\/posts\/46619\/revisions\/46621"}],"wp:featuredmedia":[{"embeddable":true,"href":"https:\/\/www.semioticafactual.com\/index.php?rest_route=\/wp\/v2\/media\/46620"}],"wp:attachment":[{"href":"https:\/\/www.semioticafactual.com\/index.php?rest_route=%2Fwp%2Fv2%2Fmedia&parent=46619"}],"wp:term":[{"taxonomy":"category","embeddable":true,"href":"https:\/\/www.semioticafactual.com\/index.php?rest_route=%2Fwp%2Fv2%2Fcategories&post=46619"},{"taxonomy":"post_tag","embeddable":true,"href":"https:\/\/www.semioticafactual.com\/index.php?rest_route=%2Fwp%2Fv2%2Ftags&post=46619"}],"curies":[{"name":"wp","href":"https:\/\/api.w.org\/{rel}","templated":true}]}}