{"id":46610,"date":"2026-02-04T03:44:58","date_gmt":"2026-02-04T03:44:58","guid":{"rendered":"https:\/\/www.semioticafactual.com\/?p=46610"},"modified":"2026-03-26T03:50:16","modified_gmt":"2026-03-26T03:50:16","slug":"destina-gobernador-durazo-mas-de-940-millones-para-rehabilitacion-y-mantenimiento-de-la-red-carretera","status":"publish","type":"post","link":"https:\/\/www.semioticafactual.com\/?p=46610","title":{"rendered":"Destina Gobernador Durazo m\u00e1s de 940 millones para rehabilitaci\u00f3n y mantenimiento de la red carretera"},"content":{"rendered":"<p align=\"center\">Destina Gobernador Durazo m\u00e1s de 940 millones para rehabilitaci\u00f3n y mantenimiento de la red carretera<\/p>\n<p>Hermosillo, Sonora; 04 de febrero de 2026.- Con el objetivo de impulsar el desarrollo econ\u00f3mico, la movilidad y la competitividad regional, el gobernador Alfonso Durazo Monta\u00f1o consolida una inversi\u00f3n hist\u00f3rica en infraestructura carretera, al destinarse 940 millones de pesos para la conservaci\u00f3n, rehabilitaci\u00f3n y modernizaci\u00f3n de carreteras estatales en municipios de Sonora.<\/p>\n<p>Este presupuesto permitir\u00e1 fortalecer las cadenas productivas, mejorar la conectividad log\u00edstica, elevar la seguridad vial y detonar el turismo, beneficiando de manera directa a regiones clave del estado. Las acciones contemplan obras de rehabilitaci\u00f3n, conservaci\u00f3n peri\u00f3dica y rutinaria, caminos vecinales, as\u00ed como la elaboraci\u00f3n de proyectos ejecutivos.<\/p>\n<p>Entre las intervenciones destacan trabajos de conservaci\u00f3n en municipios como Hermosillo, Cajeme, San Luis R\u00edo Colorado, Caborca, Magdalena, Moctezuma, Navojoa y Mazat\u00e1n, adem\u00e1s de obras espec\u00edficas de drenaje, puentes y tramos carreteros estrat\u00e9gicos que fortalecen la movilidad regional.<\/p>\n<p>De manera parala, el gobernador Durazo Monta\u00f1o destac\u00f3 que Sonora ser\u00e1 uno de los estados m\u00e1s beneficiados con el Programa Nacional de Conservaci\u00f3n de Carreteras y el Megabachet\u00f3n 2026, impulsados por el Gobierno de M\u00e9xico que encabeza la presidenta Claudia Sheinbaum Pardo, cuyo objetivo es modernizar la red federal, rehabilitar tramos prioritarios y eficientar la conectividad del pa\u00eds.<\/p>\n<p>Como parte de esta estrategia nacional, se contemplan trabajos de conservaci\u00f3n y rehabilitaci\u00f3n en tramos clave del corredor M\u00e9xico-Nogales, particularmente de Estaci\u00f3n Don a Nogales, fundamentales para el desarrollo log\u00edstico, comercial y fronterizo de Sonora. Se intervendr\u00e1n carreteras federales estrat\u00e9gicas como la 2 (\u00cdmuris-Agua Prieta-Janos), 15 (Guaymas-Hermosillo), 16 (Hermosillo-Y\u00e9cora) y 17 (Moctezuma-Agua Prieta).<\/p>\n<p>El mandatario estatal destac\u00f3 que, con estas acciones, el Gobierno de Sonora reafirma su compromiso de construir una infraestructura moderna, segura y funcional en coordinaci\u00f3n con el Gobierno de M\u00e9xico.<\/p>\n<ul>\n<li>\n<p>El gobernador Alfonso Durazo Monta\u00f1o destina, este 2026, 940 millones de pesos para la conservaci\u00f3n, rehabilitaci\u00f3n y modernizaci\u00f3n de carreteras estatales en diversos municipios de Sonora, fortaleciendo la movilidad, la seguridad vial, las cadenas productivas y el turismo.<\/p>\n<\/li>\n<li>\n<p>As\u00ed mismo, destac\u00f3 que Sonora ser\u00e1 de los estados m\u00e1s beneficiados con el Programa Nacional de Conservaci\u00f3n de Carreteras y el Megabachet\u00f3n 2026, impulsados por la presidenta Claudia Sheinbaum Pardo, con obras estrat\u00e9gicas en el corredor M\u00e9xico-Nogales y en carreteras federales clave para el desarrollo log\u00edstico y econ\u00f3mico del estado.<\/p>\n<\/li>\n<\/ul>\n","protected":false},"excerpt":{"rendered":"<p>Destina Gobernador Durazo m\u00e1s de 940 millones para rehabilitaci\u00f3n y mantenimiento de la red carretera Hermosillo, Sonora; 04 de febrero de 2026.- Con el objetivo de impulsar el desarrollo econ\u00f3mico, la movilidad y la competitividad regional, el gobernador Alfonso Durazo Monta\u00f1o consolida una inversi\u00f3n hist\u00f3rica en infraestructura carretera, al destinarse 940 millones de pesos para [&hellip;]<\/p>\n","protected":false},"author":1,"featured_media":46611,"comment_status":"open","ping_status":"closed","sticky":false,"template":"","format":"standard","meta":{"jetpack_post_was_ever_published":false,"_jetpack_newsletter_access":"","_jetpack_dont_email_post_to_subs":false,"_jetpack_newsletter_tier_id":0,"_jetpack_memberships_contains_paywalled_content":false,"_jetpack_memberships_contains_paid_content":false,"footnotes":"","jetpack_publicize_message":"","jetpack_publicize_feature_enabled":true,"jetpack_social_post_already_shared":true,"jetpack_social_options":{"image_generator_settings":{"template":"highway","enabled":false},"version":2}},"categories":[12,1,9,16],"tags":[],"jetpack_publicize_connections":[],"jetpack_featured_media_url":"https:\/\/i0.wp.com\/www.semioticafactual.com\/wp-content\/uploads\/2026\/03\/unnamed-48-e1774496786290.jpg?fit=750%2C500&ssl=1","jetpack_shortlink":"https:\/\/wp.me\/p2mzaA-c7M","jetpack_sharing_enabled":true,"jetpack_likes_enabled":true,"_links":{"self":[{"href":"https:\/\/www.semioticafactual.com\/index.php?rest_route=\/wp\/v2\/posts\/46610"}],"collection":[{"href":"https:\/\/www.semioticafactual.com\/index.php?rest_route=\/wp\/v2\/posts"}],"about":[{"href":"https:\/\/www.semioticafactual.com\/index.php?rest_route=\/wp\/v2\/types\/post"}],"author":[{"embeddable":true,"href":"https:\/\/www.semioticafactual.com\/index.php?rest_route=\/wp\/v2\/users\/1"}],"replies":[{"embeddable":true,"href":"https:\/\/www.semioticafactual.com\/index.php?rest_route=%2Fwp%2Fv2%2Fcomments&post=46610"}],"version-history":[{"count":1,"href":"https:\/\/www.semioticafactual.com\/index.php?rest_route=\/wp\/v2\/posts\/46610\/revisions"}],"predecessor-version":[{"id":46612,"href":"https:\/\/www.semioticafactual.com\/index.php?rest_route=\/wp\/v2\/posts\/46610\/revisions\/46612"}],"wp:featuredmedia":[{"embeddable":true,"href":"https:\/\/www.semioticafactual.com\/index.php?rest_route=\/wp\/v2\/media\/46611"}],"wp:attachment":[{"href":"https:\/\/www.semioticafactual.com\/index.php?rest_route=%2Fwp%2Fv2%2Fmedia&parent=46610"}],"wp:term":[{"taxonomy":"category","embeddable":true,"href":"https:\/\/www.semioticafactual.com\/index.php?rest_route=%2Fwp%2Fv2%2Fcategories&post=46610"},{"taxonomy":"post_tag","embeddable":true,"href":"https:\/\/www.semioticafactual.com\/index.php?rest_route=%2Fwp%2Fv2%2Ftags&post=46610"}],"curies":[{"name":"wp","href":"https:\/\/api.w.org\/{rel}","templated":true}]}}