{"id":46607,"date":"2026-02-03T03:37:03","date_gmt":"2026-02-03T03:37:03","guid":{"rendered":"https:\/\/www.semioticafactual.com\/?p=46607"},"modified":"2026-03-26T03:43:55","modified_gmt":"2026-03-26T03:43:55","slug":"gobierno-de-sonora-impulsa-un-fin-de-semana-de-gran-participacion-comunitaria-en-el-bosque-urbano-la-sauceda","status":"publish","type":"post","link":"https:\/\/www.semioticafactual.com\/?p=46607","title":{"rendered":"Gobierno de Sonora impulsa un fin de semana de gran participaci\u00f3n comunitaria en el Bosque Urbano La Sauceda"},"content":{"rendered":"<p align=\"center\">Gobierno de Sonora impulsa un fin de semana de gran participaci\u00f3n comunitaria en el Bosque Urbano La Sauceda<\/p>\n<p>Hermosillo, Sonora; 3 de febrero de 2026.\u2013 Durante el pasado fin de semana, el Gobierno de Sonora llev\u00f3 a cabo una amplia programaci\u00f3n de actividades culturales, recreativas y ambientales en el Bosque Urbano La Sauceda, consolid\u00e1ndolo como un punto de encuentro para la comunidad y un espacio que promueve el bienestar, la cultura y el cuidado del entorno natural.<\/p>\n<p>Las actividades iniciaron el viernes 30 de enero con Yoga al atardecer en el Pabell\u00f3n Kin\u00e9tico, seguido de la charla de divulgaci\u00f3n cient\u00edfica Econversando: \u201cEntre islas y el mar: de focas a ballenas\u201d, realizada en el Kiosco Central, donde se abordaron temas relacionados con los mam\u00edferos marinos y su conservaci\u00f3n.<\/p>\n<p>El s\u00e1bado 31 de enero se desarroll\u00f3 la Jornada de conservaci\u00f3n y limpieza del bosque, as\u00ed como el taller de cer\u00e1mica con cupo limitado en la entrada del foro al aire libre. Asimismo, ni\u00f1as y ni\u00f1os participaron en Peque\u00f1os guardabosques: avistamiento de aves, actividad que se ha consolidado como un programa permanente en el Bosque Urbano La Sauceda, con una convocatoria en constante crecimiento y una destacada participaci\u00f3n.<\/p>\n<p>Las infancias disfrutan de la variedad de din\u00e1micas l\u00fadicas que se imparten cada s\u00e1bado, fomentando el aprendizaje ambiental y el v\u00ednculo con la naturaleza.<\/p>\n<p>En el Kiosco Central se realizaron el taller Cambia tu Mundo creando con Stop Motion, dirigido a ni\u00f1as, ni\u00f1os y adolescentes, as\u00ed como la charla de salud mental \u201cProp\u00f3sitos 2026. \u00bfQu\u00e9 haremos en este a\u00f1o?\u201d, concebida como un espacio abierto para el di\u00e1logo y la reflexi\u00f3n, donde las y los participantes agradecieron la oportunidad de contar con foros p\u00fablicos que aborden temas relacionados con el bienestar emocional y la salud mental de la comunidad.<\/p>\n<p>La programaci\u00f3n concluy\u00f3 el domingo 1 de febrero con una nueva jornada de conservaci\u00f3n, el taller de cer\u00e1mica, un bazar cultural con propuestas art\u00edsticas y de emprendimiento local, y el tradicional Domingo Chill, que cerr\u00f3 la jornada con el concierto \u201cCerca del coraz\u00f3n\u201d en el foro al aire libre, con la participaci\u00f3n de artistas sonorenses.<\/p>\n<p>Todas las actividades fueron de acceso gratuito y se realizaron en el Bosque Urbano La Sauceda, reafirmando su vocaci\u00f3n como un espacio de encuentro comunitario donde el Gobierno de Sonora impulsa la convivencia, la cultura y el cuidado del medio ambiente.<\/p>\n","protected":false},"excerpt":{"rendered":"<p>Gobierno de Sonora impulsa un fin de semana de gran participaci\u00f3n comunitaria en el Bosque Urbano La Sauceda Hermosillo, Sonora; 3 de febrero de 2026.\u2013 Durante el pasado fin de semana, el Gobierno de Sonora llev\u00f3 a cabo una amplia programaci\u00f3n de actividades culturales, recreativas y ambientales en el Bosque Urbano La Sauceda, consolid\u00e1ndolo como [&hellip;]<\/p>\n","protected":false},"author":1,"featured_media":46608,"comment_status":"open","ping_status":"closed","sticky":false,"template":"","format":"standard","meta":{"jetpack_post_was_ever_published":false,"_jetpack_newsletter_access":"","_jetpack_dont_email_post_to_subs":false,"_jetpack_newsletter_tier_id":0,"_jetpack_memberships_contains_paywalled_content":false,"_jetpack_memberships_contains_paid_content":false,"footnotes":"","jetpack_publicize_message":"","jetpack_publicize_feature_enabled":true,"jetpack_social_post_already_shared":true,"jetpack_social_options":{"image_generator_settings":{"template":"highway","enabled":false},"version":2}},"categories":[8,18,12,1,9],"tags":[],"jetpack_publicize_connections":[],"jetpack_featured_media_url":"https:\/\/i0.wp.com\/www.semioticafactual.com\/wp-content\/uploads\/2026\/03\/unnamed-47-e1774496418406.jpg?fit=750%2C500&ssl=1","jetpack_shortlink":"https:\/\/wp.me\/p2mzaA-c7J","jetpack_sharing_enabled":true,"jetpack_likes_enabled":true,"_links":{"self":[{"href":"https:\/\/www.semioticafactual.com\/index.php?rest_route=\/wp\/v2\/posts\/46607"}],"collection":[{"href":"https:\/\/www.semioticafactual.com\/index.php?rest_route=\/wp\/v2\/posts"}],"about":[{"href":"https:\/\/www.semioticafactual.com\/index.php?rest_route=\/wp\/v2\/types\/post"}],"author":[{"embeddable":true,"href":"https:\/\/www.semioticafactual.com\/index.php?rest_route=\/wp\/v2\/users\/1"}],"replies":[{"embeddable":true,"href":"https:\/\/www.semioticafactual.com\/index.php?rest_route=%2Fwp%2Fv2%2Fcomments&post=46607"}],"version-history":[{"count":1,"href":"https:\/\/www.semioticafactual.com\/index.php?rest_route=\/wp\/v2\/posts\/46607\/revisions"}],"predecessor-version":[{"id":46609,"href":"https:\/\/www.semioticafactual.com\/index.php?rest_route=\/wp\/v2\/posts\/46607\/revisions\/46609"}],"wp:featuredmedia":[{"embeddable":true,"href":"https:\/\/www.semioticafactual.com\/index.php?rest_route=\/wp\/v2\/media\/46608"}],"wp:attachment":[{"href":"https:\/\/www.semioticafactual.com\/index.php?rest_route=%2Fwp%2Fv2%2Fmedia&parent=46607"}],"wp:term":[{"taxonomy":"category","embeddable":true,"href":"https:\/\/www.semioticafactual.com\/index.php?rest_route=%2Fwp%2Fv2%2Fcategories&post=46607"},{"taxonomy":"post_tag","embeddable":true,"href":"https:\/\/www.semioticafactual.com\/index.php?rest_route=%2Fwp%2Fv2%2Ftags&post=46607"}],"curies":[{"name":"wp","href":"https:\/\/api.w.org\/{rel}","templated":true}]}}