{"id":46604,"date":"2026-02-02T03:27:15","date_gmt":"2026-02-02T03:27:15","guid":{"rendered":"https:\/\/www.semioticafactual.com\/?p=46604"},"modified":"2026-03-26T03:31:51","modified_gmt":"2026-03-26T03:31:51","slug":"con-respaldo-de-presidenta-sheinbaum-sonora-avanza-hacia-un-desarrollo-con-bienestar-y-justicia-social-durazo","status":"publish","type":"post","link":"https:\/\/www.semioticafactual.com\/?p=46604","title":{"rendered":"Con respaldo de Presidenta Sheinbaum, Sonora avanza hacia un desarrollo con bienestar y justicia social: Durazo"},"content":{"rendered":"<p>Hermosillo, Sonora; 2 de febrero de 2026.- Con el respaldo de la presidenta de M\u00e9xico, Claudia Sheinbaum Pardo, Sonora avanza con paso firme hacia un modelo de desarrollo con bienestar y justicia social, afirm\u00f3 el gobernador Alfonso Durazo Monta\u00f1o, tras una gira de trabajo hist\u00f3rica que marc\u00f3 un antes y un despu\u00e9s para la infraestructura, la conectividad, econom\u00eda y el desarrollo sustentable del estado.<\/p>\n<p>La gira presidencial incluy\u00f3 tres eventos de gran trascendencia encabezados por la presidenta Sheinbaum y el gobernador Durazo, que representan el inicio de una era de desarrollo, oportunidades y bienestar, poniendo fin a d\u00e9cadas de abandono y rezago para regiones prioritarias en la entidad.<\/p>\n<p>En la agenda presidencial se destaca la entrega de la carretera Bavispe\u2013Nuevo Casas Grandes, el anuncio del Proyecto de Expansi\u00f3n del Puerto de Guaymas y el hundimiento del quinto ex buque como parte del Sistema Arrecifal Artificial Sonorense, acciones que reflejan una visi\u00f3n integral de progreso con enfoque social, econ\u00f3mico y ambiental.<\/p>\n<p>Tras m\u00e1s de 90 a\u00f1os de espera, la ampliaci\u00f3n y modernizaci\u00f3n de la carretera Bavispe\u2013Nuevo Casas Grandes se concret\u00f3 con una inversi\u00f3n hist\u00f3rica de mil 822 millones de pesos, beneficiando de manera directa a m\u00e1s de 115 mil habitantes de Sonora y Chihuahua. Esta obra transforma la verdadera dimensi\u00f3n de conectividad del Sonora profundo, una regi\u00f3n que por d\u00e9cadas permaneci\u00f3 rezagada, incomunicada y sin acceso pleno al desarrollo.<\/p>\n<p>El gobernador Alfonso Durazo destac\u00f3 que, antes de esta obra, la sierra de Sonora no estaba conectada de manera efectiva con el resto del estado, y hoy no solo se integra al territorio sonorense, sino que se enlaza directamente con un estado vecino, fortaleciendo la movilidad, la seguridad y la cohesi\u00f3n regional. La carretera reduce hasta en 95 minutos los tiempos de traslado y acerca servicios esenciales como la atenci\u00f3n m\u00e9dica, adem\u00e1s de facilitar actividades productivas clave.<\/p>\n<p>La presidenta Claudia Sheinbaum subray\u00f3 que contar con caminos dignos y seguros es una condici\u00f3n b\u00e1sica de justicia social, al permitir que las comunidades serranas accedan a servicios, oportunidades y bienestar. Destac\u00f3 que una mejor conectividad tambi\u00e9n aminora mermas, reduce costos log\u00edsticos y se traduce en mayor competitividad para sectores productivos estrat\u00e9gicos.<\/p>\n<p>En este sentido, la obra representa un respaldo directo a una actividad fundamental para la regi\u00f3n como la ganader\u00eda, al mejorar el traslado de insumos, ganado y productos, fortalecer las cadenas productivas y generar mejores condiciones para el desarrollo econ\u00f3mico de las familias serranas.<\/p>\n<p>En Guaymas, la presidenta y el gobernador presentaron el Proyecto de Expansi\u00f3n del Puerto, eje estrat\u00e9gico del Plan Sonora de Energ\u00edas Sostenibles, que contempla inversiones para detonar el desarrollo log\u00edstico, industrial y energ\u00e9tico del estado, con obras como la terminal de gas natural licuado, terminal multiprop\u00f3sito y la modernizaci\u00f3n de infraestructura portuaria, que permitir\u00e1 duplicar el movimiento de carga.<\/p>\n<p>Como parte de esta gira, en San Carlos se llev\u00f3 a cabo el hundimiento del ex buque Patrulla Costera \u201cCabo Corriente\u201d, que se integra al Sistema Arrecifal Artificial Sonorense, consolidando un ecosistema \u00fanico en Latinoam\u00e9rica que impulsa la conservaci\u00f3n ambiental, el turismo sustentable y nuevas oportunidades econ\u00f3micas para las comunidades costeras.<\/p>\n<p>Con estas acciones, la presidenta Claudia Sheinbaum y el gobernador Alfonso Durazo refrendan su compromiso con un desarrollo que pone al centro al Sonora profundo, cerrando brechas hist\u00f3ricas, fortaleciendo la justicia social y construyendo un futuro con bienestar, crecimiento econ\u00f3mico y respeto al medio ambiente.<\/p>\n<p>El mandatario estatal destac\u00f3 que, durante una intensa gira de trabajo por Sonora, que incluy\u00f3 los municipios de Bavispe y Guaymas, la presidenta Claudia Sheinbaum refrend\u00f3 su compromiso con el desarrollo econ\u00f3mico, sustentable y la conectividad entre comunidades.<\/p>\n","protected":false},"excerpt":{"rendered":"<p>Hermosillo, Sonora; 2 de febrero de 2026.- Con el respaldo de la presidenta de M\u00e9xico, Claudia Sheinbaum Pardo, Sonora avanza con paso firme hacia un modelo de desarrollo con bienestar y justicia social, afirm\u00f3 el gobernador Alfonso Durazo Monta\u00f1o, tras una gira de trabajo hist\u00f3rica que marc\u00f3 un antes y un despu\u00e9s para la infraestructura, [&hellip;]<\/p>\n","protected":false},"author":1,"featured_media":46605,"comment_status":"open","ping_status":"closed","sticky":false,"template":"","format":"standard","meta":{"jetpack_post_was_ever_published":false,"_jetpack_newsletter_access":"","_jetpack_dont_email_post_to_subs":false,"_jetpack_newsletter_tier_id":0,"_jetpack_memberships_contains_paywalled_content":false,"_jetpack_memberships_contains_paid_content":false,"footnotes":"","jetpack_publicize_message":"","jetpack_publicize_feature_enabled":true,"jetpack_social_post_already_shared":true,"jetpack_social_options":{"image_generator_settings":{"template":"highway","enabled":false},"version":2}},"categories":[8,12,1,9],"tags":[],"jetpack_publicize_connections":[],"jetpack_featured_media_url":"https:\/\/i0.wp.com\/www.semioticafactual.com\/wp-content\/uploads\/2026\/03\/unnamed-46-e1774495835556.jpg?fit=750%2C500&ssl=1","jetpack_shortlink":"https:\/\/wp.me\/p2mzaA-c7G","jetpack_sharing_enabled":true,"jetpack_likes_enabled":true,"_links":{"self":[{"href":"https:\/\/www.semioticafactual.com\/index.php?rest_route=\/wp\/v2\/posts\/46604"}],"collection":[{"href":"https:\/\/www.semioticafactual.com\/index.php?rest_route=\/wp\/v2\/posts"}],"about":[{"href":"https:\/\/www.semioticafactual.com\/index.php?rest_route=\/wp\/v2\/types\/post"}],"author":[{"embeddable":true,"href":"https:\/\/www.semioticafactual.com\/index.php?rest_route=\/wp\/v2\/users\/1"}],"replies":[{"embeddable":true,"href":"https:\/\/www.semioticafactual.com\/index.php?rest_route=%2Fwp%2Fv2%2Fcomments&post=46604"}],"version-history":[{"count":1,"href":"https:\/\/www.semioticafactual.com\/index.php?rest_route=\/wp\/v2\/posts\/46604\/revisions"}],"predecessor-version":[{"id":46606,"href":"https:\/\/www.semioticafactual.com\/index.php?rest_route=\/wp\/v2\/posts\/46604\/revisions\/46606"}],"wp:featuredmedia":[{"embeddable":true,"href":"https:\/\/www.semioticafactual.com\/index.php?rest_route=\/wp\/v2\/media\/46605"}],"wp:attachment":[{"href":"https:\/\/www.semioticafactual.com\/index.php?rest_route=%2Fwp%2Fv2%2Fmedia&parent=46604"}],"wp:term":[{"taxonomy":"category","embeddable":true,"href":"https:\/\/www.semioticafactual.com\/index.php?rest_route=%2Fwp%2Fv2%2Fcategories&post=46604"},{"taxonomy":"post_tag","embeddable":true,"href":"https:\/\/www.semioticafactual.com\/index.php?rest_route=%2Fwp%2Fv2%2Ftags&post=46604"}],"curies":[{"name":"wp","href":"https:\/\/api.w.org\/{rel}","templated":true}]}}