{"id":46462,"date":"2026-02-14T12:17:31","date_gmt":"2026-02-14T12:17:31","guid":{"rendered":"https:\/\/www.semioticafactual.com\/?p=46462"},"modified":"2026-02-16T12:20:06","modified_gmt":"2026-02-16T12:20:06","slug":"analizan-en-comision-del-congreso-de-sonora-iniciativa-en-materia-de-administracion-de-bienes-asegurados","status":"publish","type":"post","link":"https:\/\/www.semioticafactual.com\/?p=46462","title":{"rendered":"Analizan en comisi\u00f3n del Congreso de Sonora iniciativa en materia de administraci\u00f3n de bienes asegurados"},"content":{"rendered":"<p>Hermosillo, Sonora; 14 de febrero de 2026.- Integrantes de la Comisi\u00f3n de Justicia y Derechos Humanos del Congreso del Estado sostuvieron este jueves una reuni\u00f3n de trabajo para analizar la iniciativa de reforma a la Ley para la Administraci\u00f3n de Bienes Asegurados, Decomisados o Abandonados.<\/p>\n<p>El diputado Ren\u00e9 Garc\u00eda Rojo (PT), presidente de la comisi\u00f3n, estuvo acompa\u00f1ado por las diputadas Amairany Pe\u00f1a Escalante (PES) y los diputados Julio C\u00e9sar Navarro Contreras (Morena) y Emeterio Ochoa Baz\u00faa (PRI).<\/p>\n<p>El legislador, quien tambi\u00e9n es impulsor de la iniciativa, explic\u00f3 que la propuesta busca armonizar la legislaci\u00f3n con la Constituci\u00f3n y respetar la autonom\u00eda de la Fiscal\u00eda General de Justicia del Estado (FGJE).<\/p>\n<p>Asimismo, se\u00f1al\u00f3 que el resguardo prolongado de bienes asegurados genera costos constantes y acumulativos para el Estado, como el mantenimiento de veh\u00edculos en corralones, la ocupaci\u00f3n permanente de espacios f\u00edsicos, la custodia y vigilancia continua, la conservaci\u00f3n m\u00ednima para evitar su deterioro y la gesti\u00f3n administrativa permanente.<\/p>\n<p>La iniciativa tambi\u00e9n plantea fortalecer la transparencia y la responsabilidad institucional, al establecer procedimientos claros que garanticen el manejo legal de los bienes y permitan verificar su destino a favor de la ciudadan\u00eda.<\/p>\n<p>Las y los asistentes coincidieron en que esta reforma no s\u00f3lo representa una armonizaci\u00f3n, sino que tambi\u00e9n contribuye al orden institucional y a la justicia social al establecer bases m\u00e1s claras para la administraci\u00f3n responsable de bienes que se encuentran en resguardo.<\/p>\n<p>A la reuni\u00f3n acudieron Alejandra Burruel Villanueva, oficial mayor de la FGJE, as\u00ed como representantes de la Instituci\u00f3n, de la Secretar\u00eda de Gobierno, y del Centro de Investigaciones Parlamentarias del Estado (Cipes).<\/p>\n","protected":false},"excerpt":{"rendered":"<p>Hermosillo, Sonora; 14 de febrero de 2026.- Integrantes de la Comisi\u00f3n de Justicia y Derechos Humanos del Congreso del Estado sostuvieron este jueves una reuni\u00f3n de trabajo para analizar la iniciativa de reforma a la Ley para la Administraci\u00f3n de Bienes Asegurados, Decomisados o Abandonados. El diputado Ren\u00e9 Garc\u00eda Rojo (PT), presidente de la comisi\u00f3n, [&hellip;]<\/p>\n","protected":false},"author":1,"featured_media":46463,"comment_status":"open","ping_status":"closed","sticky":false,"template":"","format":"standard","meta":{"jetpack_post_was_ever_published":false,"_jetpack_newsletter_access":"","_jetpack_dont_email_post_to_subs":false,"_jetpack_newsletter_tier_id":0,"_jetpack_memberships_contains_paywalled_content":false,"_jetpack_memberships_contains_paid_content":false,"footnotes":"","jetpack_publicize_message":"","jetpack_publicize_feature_enabled":true,"jetpack_social_post_already_shared":true,"jetpack_social_options":{"image_generator_settings":{"template":"highway","enabled":false},"version":2}},"categories":[63,12,1,14],"tags":[],"jetpack_publicize_connections":[],"jetpack_featured_media_url":"https:\/\/i0.wp.com\/www.semioticafactual.com\/wp-content\/uploads\/2026\/02\/WhatsApp-Image-2026-02-13-at-9.44.30-AM-e1771244334595.jpeg?fit=855%2C500&ssl=1","jetpack_shortlink":"https:\/\/wp.me\/p2mzaA-c5o","jetpack_sharing_enabled":true,"jetpack_likes_enabled":true,"_links":{"self":[{"href":"https:\/\/www.semioticafactual.com\/index.php?rest_route=\/wp\/v2\/posts\/46462"}],"collection":[{"href":"https:\/\/www.semioticafactual.com\/index.php?rest_route=\/wp\/v2\/posts"}],"about":[{"href":"https:\/\/www.semioticafactual.com\/index.php?rest_route=\/wp\/v2\/types\/post"}],"author":[{"embeddable":true,"href":"https:\/\/www.semioticafactual.com\/index.php?rest_route=\/wp\/v2\/users\/1"}],"replies":[{"embeddable":true,"href":"https:\/\/www.semioticafactual.com\/index.php?rest_route=%2Fwp%2Fv2%2Fcomments&post=46462"}],"version-history":[{"count":1,"href":"https:\/\/www.semioticafactual.com\/index.php?rest_route=\/wp\/v2\/posts\/46462\/revisions"}],"predecessor-version":[{"id":46464,"href":"https:\/\/www.semioticafactual.com\/index.php?rest_route=\/wp\/v2\/posts\/46462\/revisions\/46464"}],"wp:featuredmedia":[{"embeddable":true,"href":"https:\/\/www.semioticafactual.com\/index.php?rest_route=\/wp\/v2\/media\/46463"}],"wp:attachment":[{"href":"https:\/\/www.semioticafactual.com\/index.php?rest_route=%2Fwp%2Fv2%2Fmedia&parent=46462"}],"wp:term":[{"taxonomy":"category","embeddable":true,"href":"https:\/\/www.semioticafactual.com\/index.php?rest_route=%2Fwp%2Fv2%2Fcategories&post=46462"},{"taxonomy":"post_tag","embeddable":true,"href":"https:\/\/www.semioticafactual.com\/index.php?rest_route=%2Fwp%2Fv2%2Ftags&post=46462"}],"curies":[{"name":"wp","href":"https:\/\/api.w.org\/{rel}","templated":true}]}}