{"id":46197,"date":"2025-12-02T09:35:10","date_gmt":"2025-12-02T09:35:10","guid":{"rendered":"https:\/\/www.semioticafactual.com\/?p=46197"},"modified":"2025-12-02T09:35:10","modified_gmt":"2025-12-02T09:35:10","slug":"firma-setur-convenio-con-importante-cadena-comercial","status":"publish","type":"post","link":"https:\/\/www.semioticafactual.com\/?p=46197","title":{"rendered":"Firma SETUR convenio con importante cadena comercial"},"content":{"rendered":"<p>Hermosillo, Sonora; 02 de diciembre de 2025.- Con el objetivo de capacitar y promover relaciones comerciales de productos y servicios locales, la Secretar\u00eda de Econom\u00eda y Turismo (SETUR), llev\u00f3 a cabo la firma de convenio de desarrollo de proveedores con Walmart de M\u00e9xico y Centroam\u00e9rica.<\/p>\n<p>El respaldo del gobernador Alfonso Durazo ha facilitado la integraci\u00f3n de empresas locales a grandes cadenas comerciales, impulsando la compra directa, la sostenibilidad de los emprendimientos y el fortalecimiento de sus marcas. Tan solo en Walmart Supercenter Quiroga, m\u00e1s de 20 PYMES sonorenses ofrecen actualmente m\u00e1s de 120 productos en sus anaqueles f\u00edsicos y digitales.<\/p>\n<p>El secretario de Econom\u00eda y Turismo del Estado, Roberto Gradillas Pineda, destac\u00f3 que este convenio permitir\u00e1 acceder a capacitaciones, programas de desarrollo, difusi\u00f3n de estrategias comerciales, as\u00ed como nuevos mecanismos de vinculaci\u00f3n que eleven los est\u00e1ndares de calidad, log\u00edstica y operaci\u00f3n.<\/p>\n<p>\u201cA esto se refiere nuestro gobernador Alfonso Durazo, cuando habla de trabajo en equipo en beneficio de las familias sonorenses: alcanzar resultados tangibles, s\u00f3lidos y duraderos, que aporten mayores ofertas laborales, oportunidades de expansi\u00f3n y el fortalecimiento de la econom\u00eda regional\u201d, precis\u00f3.<\/p>\n<p>Con estas acciones, la Secretar\u00eda de Econom\u00eda y Turismo, reafirma su compromiso con las MIPYMES, comprometidos a ser un enlace responsable y eficaz con el desarrollo de la cadena comercial local.<\/p>\n","protected":false},"excerpt":{"rendered":"<p>Hermosillo, Sonora; 02 de diciembre de 2025.- Con el objetivo de capacitar y promover relaciones comerciales de productos y servicios locales, la Secretar\u00eda de Econom\u00eda y Turismo (SETUR), llev\u00f3 a cabo la firma de convenio de desarrollo de proveedores con Walmart de M\u00e9xico y Centroam\u00e9rica. El respaldo del gobernador Alfonso Durazo ha facilitado la integraci\u00f3n [&hellip;]<\/p>\n","protected":false},"author":1,"featured_media":46198,"comment_status":"open","ping_status":"closed","sticky":false,"template":"","format":"standard","meta":{"jetpack_post_was_ever_published":false,"_jetpack_newsletter_access":"","_jetpack_dont_email_post_to_subs":false,"_jetpack_newsletter_tier_id":0,"_jetpack_memberships_contains_paywalled_content":false,"_jetpack_memberships_contains_paid_content":false,"footnotes":"","jetpack_publicize_message":"","jetpack_publicize_feature_enabled":true,"jetpack_social_post_already_shared":true,"jetpack_social_options":{"image_generator_settings":{"template":"highway","enabled":false},"version":2}},"categories":[8,12,1,14],"tags":[],"jetpack_publicize_connections":[],"jetpack_featured_media_url":"https:\/\/i0.wp.com\/www.semioticafactual.com\/wp-content\/uploads\/2025\/12\/WhatsApp-Image-2025-12-01-at-3.07.20-PM-e1764668065381.jpeg?fit=758%2C577&ssl=1","jetpack_shortlink":"https:\/\/wp.me\/p2mzaA-c17","jetpack_sharing_enabled":true,"jetpack_likes_enabled":true,"_links":{"self":[{"href":"https:\/\/www.semioticafactual.com\/index.php?rest_route=\/wp\/v2\/posts\/46197"}],"collection":[{"href":"https:\/\/www.semioticafactual.com\/index.php?rest_route=\/wp\/v2\/posts"}],"about":[{"href":"https:\/\/www.semioticafactual.com\/index.php?rest_route=\/wp\/v2\/types\/post"}],"author":[{"embeddable":true,"href":"https:\/\/www.semioticafactual.com\/index.php?rest_route=\/wp\/v2\/users\/1"}],"replies":[{"embeddable":true,"href":"https:\/\/www.semioticafactual.com\/index.php?rest_route=%2Fwp%2Fv2%2Fcomments&post=46197"}],"version-history":[{"count":1,"href":"https:\/\/www.semioticafactual.com\/index.php?rest_route=\/wp\/v2\/posts\/46197\/revisions"}],"predecessor-version":[{"id":46199,"href":"https:\/\/www.semioticafactual.com\/index.php?rest_route=\/wp\/v2\/posts\/46197\/revisions\/46199"}],"wp:featuredmedia":[{"embeddable":true,"href":"https:\/\/www.semioticafactual.com\/index.php?rest_route=\/wp\/v2\/media\/46198"}],"wp:attachment":[{"href":"https:\/\/www.semioticafactual.com\/index.php?rest_route=%2Fwp%2Fv2%2Fmedia&parent=46197"}],"wp:term":[{"taxonomy":"category","embeddable":true,"href":"https:\/\/www.semioticafactual.com\/index.php?rest_route=%2Fwp%2Fv2%2Fcategories&post=46197"},{"taxonomy":"post_tag","embeddable":true,"href":"https:\/\/www.semioticafactual.com\/index.php?rest_route=%2Fwp%2Fv2%2Ftags&post=46197"}],"curies":[{"name":"wp","href":"https:\/\/api.w.org\/{rel}","templated":true}]}}