{"id":46112,"date":"2025-11-25T06:53:27","date_gmt":"2025-11-25T06:53:27","guid":{"rendered":"https:\/\/www.semioticafactual.com\/?p=46112"},"modified":"2025-12-02T07:01:18","modified_gmt":"2025-12-02T07:01:18","slug":"presenta-diputado-rene-garcia-iniciativa-para-armonizar-la-ley-de-contabilidad-gubernamental-en-materia-de-derechos-de-comunidades-indigenas-y-afromexicanas","status":"publish","type":"post","link":"https:\/\/www.semioticafactual.com\/?p=46112","title":{"rendered":"Presenta diputado Ren\u00e9 Garc\u00eda iniciativa para armonizar la Ley de Contabilidad Gubernamental en materia de derechos de comunidades ind\u00edgenas y afromexicanas"},"content":{"rendered":"<p>Hermosillo, Sonora; 25 de noviembre de 2025.- Durante la sesi\u00f3n ordinaria de este jueves, el diputado Ren\u00e9 Garc\u00eda Rojo (PT) present\u00f3 una iniciativa de reforma a la Ley de Contabilidad Gubernamental.<\/p>\n<p>El legislador explic\u00f3 que la propuesta busca armonizar el art\u00edculo primero de dicha ley con la Ley General de Contabilidad Gubernamental, as\u00ed como con las reformas constitucionales en materia de derechos de los pueblos y comunidades ind\u00edgenas y afromexicanas.<\/p>\n<p>Se\u00f1al\u00f3 que estas modificaciones otorgar\u00e1n mayor certeza jur\u00eddica a los entes p\u00fablicos estatales y municipales, los cuales deber\u00e1n implementar el Sistema de Contabilidad Gubernamental respetando las pr\u00e1cticas comunitarias, los usos y costumbres, y la identidad cultural de estas comunidades, garantizando en todo momento que no sean vulneradas.<\/p>\n<p>A\u00f1adi\u00f3 que la contabilidad p\u00fablica es un instrumento fundamental para asegurar el uso adecuado de los recursos p\u00fablicos, promover la transparencia y fortalecer la rendici\u00f3n de cuentas, al permitir que las decisiones gubernamentales se basen en informaci\u00f3n veraz, homog\u00e9nea y comparable.<\/p>\n","protected":false},"excerpt":{"rendered":"<p>Hermosillo, Sonora; 25 de noviembre de 2025.- Durante la sesi\u00f3n ordinaria de este jueves, el diputado Ren\u00e9 Garc\u00eda Rojo (PT) present\u00f3 una iniciativa de reforma a la Ley de Contabilidad Gubernamental. El legislador explic\u00f3 que la propuesta busca armonizar el art\u00edculo primero de dicha ley con la Ley General de Contabilidad Gubernamental, as\u00ed como con [&hellip;]<\/p>\n","protected":false},"author":1,"featured_media":46113,"comment_status":"open","ping_status":"closed","sticky":false,"template":"","format":"standard","meta":{"jetpack_post_was_ever_published":false,"_jetpack_newsletter_access":"","_jetpack_dont_email_post_to_subs":false,"_jetpack_newsletter_tier_id":0,"_jetpack_memberships_contains_paywalled_content":false,"_jetpack_memberships_contains_paid_content":false,"footnotes":"","jetpack_publicize_message":"","jetpack_publicize_feature_enabled":true,"jetpack_social_post_already_shared":true,"jetpack_social_options":{"image_generator_settings":{"template":"highway","enabled":false},"version":2}},"categories":[63,12,1,14,9],"tags":[],"jetpack_publicize_connections":[],"jetpack_featured_media_url":"https:\/\/i0.wp.com\/www.semioticafactual.com\/wp-content\/uploads\/2025\/12\/WhatsApp-Image-2025-11-27-at-6.17.16-PM-e1764658829657.jpeg?fit=750%2C500&ssl=1","jetpack_shortlink":"https:\/\/wp.me\/p2mzaA-bZK","jetpack_sharing_enabled":true,"jetpack_likes_enabled":true,"_links":{"self":[{"href":"https:\/\/www.semioticafactual.com\/index.php?rest_route=\/wp\/v2\/posts\/46112"}],"collection":[{"href":"https:\/\/www.semioticafactual.com\/index.php?rest_route=\/wp\/v2\/posts"}],"about":[{"href":"https:\/\/www.semioticafactual.com\/index.php?rest_route=\/wp\/v2\/types\/post"}],"author":[{"embeddable":true,"href":"https:\/\/www.semioticafactual.com\/index.php?rest_route=\/wp\/v2\/users\/1"}],"replies":[{"embeddable":true,"href":"https:\/\/www.semioticafactual.com\/index.php?rest_route=%2Fwp%2Fv2%2Fcomments&post=46112"}],"version-history":[{"count":1,"href":"https:\/\/www.semioticafactual.com\/index.php?rest_route=\/wp\/v2\/posts\/46112\/revisions"}],"predecessor-version":[{"id":46114,"href":"https:\/\/www.semioticafactual.com\/index.php?rest_route=\/wp\/v2\/posts\/46112\/revisions\/46114"}],"wp:featuredmedia":[{"embeddable":true,"href":"https:\/\/www.semioticafactual.com\/index.php?rest_route=\/wp\/v2\/media\/46113"}],"wp:attachment":[{"href":"https:\/\/www.semioticafactual.com\/index.php?rest_route=%2Fwp%2Fv2%2Fmedia&parent=46112"}],"wp:term":[{"taxonomy":"category","embeddable":true,"href":"https:\/\/www.semioticafactual.com\/index.php?rest_route=%2Fwp%2Fv2%2Fcategories&post=46112"},{"taxonomy":"post_tag","embeddable":true,"href":"https:\/\/www.semioticafactual.com\/index.php?rest_route=%2Fwp%2Fv2%2Ftags&post=46112"}],"curies":[{"name":"wp","href":"https:\/\/api.w.org\/{rel}","templated":true}]}}