{"id":1663,"date":"2011-08-06T19:55:28","date_gmt":"2011-08-06T19:55:28","guid":{"rendered":"http:\/\/www.semioticafactual.com\/?p=1663"},"modified":"2011-11-09T17:33:36","modified_gmt":"2011-11-09T17:33:36","slug":"el-zancudo-no-mata-pero-hace-roncha-7","status":"publish","type":"post","link":"https:\/\/www.semioticafactual.com\/?p=1663","title":{"rendered":"EL ZANCUDO NO MATA PERO, HACE RONCHA"},"content":{"rendered":"<p><a class=\"highslide\" onclick=\"return vz.expand(this)\" href=\"https:\/\/i0.wp.com\/www.semioticafactual.com\/wp-content\/uploads\/2011\/08\/el-zancudo.jpg\"><img loading=\"lazy\" decoding=\"async\" data-attachment-id=\"1680\" data-permalink=\"https:\/\/www.semioticafactual.com\/?attachment_id=1680\" data-orig-file=\"https:\/\/i0.wp.com\/www.semioticafactual.com\/wp-content\/uploads\/2011\/08\/el-zancudo.jpg?fit=451%2C178&amp;ssl=1\" data-orig-size=\"451,178\" data-comments-opened=\"1\" data-image-meta=\"{&quot;aperture&quot;:&quot;0&quot;,&quot;credit&quot;:&quot;&quot;,&quot;camera&quot;:&quot;&quot;,&quot;caption&quot;:&quot;&quot;,&quot;created_timestamp&quot;:&quot;0&quot;,&quot;copyright&quot;:&quot;&quot;,&quot;focal_length&quot;:&quot;0&quot;,&quot;iso&quot;:&quot;0&quot;,&quot;shutter_speed&quot;:&quot;0&quot;,&quot;title&quot;:&quot;&quot;}\" data-image-title=\"el zancudo\" data-image-description=\"\" data-image-caption=\"\" data-medium-file=\"https:\/\/i0.wp.com\/www.semioticafactual.com\/wp-content\/uploads\/2011\/08\/el-zancudo.jpg?fit=300%2C118&amp;ssl=1\" data-large-file=\"https:\/\/i0.wp.com\/www.semioticafactual.com\/wp-content\/uploads\/2011\/08\/el-zancudo.jpg?fit=451%2C178&amp;ssl=1\" tabindex=\"0\" role=\"button\" class=\"alignleft size-medium wp-image-1680\" title=\"el zancudo\" src=\"https:\/\/i0.wp.com\/www.semioticafactual.com\/wp-content\/uploads\/2011\/08\/el-zancudo-300x118.jpg?resize=300%2C118\" alt=\"\" width=\"300\" height=\"118\" srcset=\"https:\/\/i0.wp.com\/www.semioticafactual.com\/wp-content\/uploads\/2011\/08\/el-zancudo.jpg?resize=300%2C118&amp;ssl=1 300w, https:\/\/i0.wp.com\/www.semioticafactual.com\/wp-content\/uploads\/2011\/08\/el-zancudo.jpg?w=451&amp;ssl=1 451w\" sizes=\"(max-width: 300px) 100vw, 300px\" data-recalc-dims=\"1\" \/><\/a>Pues s\u00f3lo que me quiten la patineta<\/p>\n<div>\n<p>Hermosillo Sonora, 06\/Agosto\/2011. Ya es viejo el chiste del tipo aquel sobre el que la vida se hab\u00eda cebado\u00a0 de fea manera, y andaba por la vida muy enfermo, semiparalizado, en la miseria\u00a0 absoluta y para acabalar, amputado de ambas piernas, de manera que se\u00a0 desplazaba sobre una patineta para poder talonear (esto es un decir, porque\u00a0 talones no ten\u00eda), unas monedas que le permitieran por lo menos mitigar un poco\u00a0 el hambre.<\/p>\n<\/div>\n<p>&nbsp;<\/p>\n<p>Cierta ocasi\u00f3n en que al se\u00f1or este se le sali\u00f3 una palabrota a las afueras\u00a0 de la iglesia donde ped\u00eda limosna, una beata se\u00f1ora le reprendi\u00f3 advirti\u00e9ndole\u00a0 que Dios lo podr\u00eda castigar por esa blasfemia, a lo que el pobre hombre le\u00a0 respondi\u00f3: \u201cAy, se\u00f1ora, pos s\u00f3lo que me quite la patineta\u201d.<\/p>\n<p>&nbsp;<\/p>\n<p>M\u00e1s o menos con esa sensaci\u00f3n debieron quedar m\u00e1s de cuatro, despu\u00e9s de\u00a0 escuchar las declaraciones del diputado federal Jes\u00fas Alberto Cano V\u00e9lez, en el\u00a0 sentido de que ante la situaci\u00f3n econ\u00f3mica que est\u00e1 viviendo Estados Unidos y\u00a0 muchos pa\u00edses de Europa, se han generado las condiciones para una tormenta\u00a0 perfecta. Y ya ven que si en Estados Unidos llueve en M\u00e9xico hay tormenta, no\u00a0 quiero ni pensar lo que ocurrir\u00e1 cuando en la tierra del T\u00edo Sam haya tormenta,\u00a0 porque seguramente M\u00e9xico desaparecer\u00e1 hagan de cuenta como Macondo, bajo una\u00a0 torrencial conflagraci\u00f3n que no deje piedra sobre piedra.<\/p>\n<p>&nbsp;<\/p>\n<p>El tambi\u00e9n presidente del Colegio Nacional de Economistas explic\u00f3 que en\u00a0 pa\u00edses europeos como Grecia, Italia, Portugal y Espa\u00f1a, as\u00ed como en\u00a0 Norteam\u00e9rica, comenzaron a brotar crisis que s\u00f3lo hab\u00edan estado contenidas en\u00a0 los \u00faltimos dos o tres a\u00f1os, \u201cy ante esto los mexicanos nos estamos preparando,\u00a0 esperando como siempre, a que llegue el vendaval y cubrirnos tal vez con\u00a0 parag\u00fcitas\u201d.<\/p>\n<p>&nbsp;<\/p>\n<p>Cano V\u00e9lez se refiri\u00f3 a las\u00a0 declaraciones del presidente Felipe Calder\u00f3n y el secretario de Hacienda\u00a0 federal, Ernesto Cordero, flamante delf\u00edn del primero, en el sentido de que la\u00a0 econom\u00eda mexicana est\u00e1 blindada contra eventuales crisis en otros pa\u00edses, y\u00a0 aclar\u00f3 que lo \u00fanico blindado en tierras aztecas es el Banco de M\u00e9xico, con sus\u00a0 132 mil millones de d\u00f3lares de reservas internacionales, y 70 millones de\u00a0 d\u00f3lares de un cr\u00e9dito contingente del Fondo Monetario Internacional.<\/p>\n<p>&nbsp;<\/p>\n<p>Pues muy blindados ellos, pero\u00a0 al resto de los mexicanos, particularmente a todos aquellos que sobreviven por\u00a0 debajo de la franja de la pobreza patrimonial, \u00bfqui\u00e9n los blinda? Sobre ellos\u00a0 cae siempre la maldici\u00f3n de la ruina provocada por las crisis, nacionales o\u00a0 extranjeras, que andan por ah\u00ed, como el tipo del negro chistorete que abri\u00f3\u00a0 este despacho, nom\u00e1s cuid\u00e1ndose de que no les vayan a quitar la patineta.<\/p>\n<p>&nbsp;<\/p>\n<p>\u201cLos mexicanos no estamos\u00a0 blindados, porque seguimos siendo\u00a0 un pa\u00eds que no crecemos, un pa\u00eds\u00a0 que ofrecemos muy poquito, un pa\u00eds con un enorme desempleo y subempleo, un pa\u00eds\u00a0 donde el 76 por ciento de la poblaci\u00f3n ocupada gana solamente hasta dos\u00a0 salarios m\u00ednimos y por supuesto no somos un pa\u00eds de clase media,\u00a0 ni mucho\u00a0 menos\u201d, puntualiz\u00f3 el diputado federal, que por cierto, tambi\u00e9n anda haciendo\u00a0 su luchita en busca de ser considerado a la hora de que el Partido\u00a0 Revolucionario Institucional abra el proceso para elegir a sus candidatos al\u00a0 senado de la Rep\u00fablica.<\/p>\n<p>&nbsp;<\/p>\n<p>Qui\u00e9n sabe si lo logre, porque tras el mismo objetivo andan m\u00e1s de cuatro,\u00a0 y seg\u00fan se ha sabido, sigue resultando muy complicado, hasta este momento, que\u00a0 alguno de ellos le dispute la delantera en todas las encuestas, al ex\u00a0 presidente municipal de Hermosillo, Ernesto G\u00e1ndara Camou, mejor conocido como\u00a0 El Borrego, que bajita la mano y sin hacer mucho esc\u00e1ndalo, sigue construyendo\u00a0 su candidatura.<\/p>\n<p>&nbsp;<\/p>\n<p>II<\/p>\n<p>&nbsp;<\/p>\n<p>Sigue de amor la llama en el Instituto Tecnol\u00f3gico Superior de Cajeme,\u00a0 donde las autoridades no fueron muy lejos por la respuesta de una de las\u00a0 maestras despedidas recientemente, y a la que en una misiva enviada a Diario\u00a0 del Yaqui por el coordinador de Comunicaci\u00f3n Social de la instituci\u00f3n, se exponen\u00a0 los motivos por los que causaron baja.<\/p>\n<p>&nbsp;<\/p>\n<p>Esos motivos, sin embargo, son calificados por la maestra Lilia Navarro\u00a0 Fragoso, como difamaciones, quien tambi\u00e9n acusa a los integrantes del Comit\u00e9 de\u00a0 \u00c9tica del ITESCA, de falta de probidad y honradez. Y va m\u00e1s all\u00e1, al citar en\u00a0 un nuevo comunicado, las dificultades de los acad\u00e9micos para conseguir plazas\u00a0 de medio tiempo o de tiempo completo, mientras que los nuevos docentes ingresan\u00a0 a la n\u00f3mina en cargos administrativos que se les dan en recompensa por trabajos\u00a0 realizados durante las pasadas campa\u00f1as pol\u00edtico-electorales.<\/p>\n<p>&nbsp;<\/p>\n<p>De acuerdo con la versi\u00f3n de la instituci\u00f3n, Navarro Fragoso fue cesada\u00a0 tras omitir registrar diez especialidades educativas ante la SEP, pero esa\u00a0 labor, de acuerdo a la normatividad respectiva, no se encuentra entre las\u00a0 funciones de la Direcci\u00f3n de Desarrollo Acad\u00e9mico, cargo que la maestra ocupaba\u00a0 a partir del a\u00f1o 2006.<\/p>\n<p>&nbsp;<\/p>\n<p>Tambi\u00e9n se le acusa de causar prejuicios irreparables al prestigio y a la\u00a0 calidad educativa del instituto, pero entre 2006 y 2007, ITESCA obtuvo el\u00a0 Reconocimiento a la Calidad Educativa; todas las carreras est\u00e1n acreditadas y\u00a0 la instituci\u00f3n certificada en el Sistema de Calidad bajo la Norma Internacional\u00a0 ISO 9001:2008. La SEP registr\u00f3 y aval\u00f3 todos los t\u00edtulos de los egresados del\u00a0 plan de estudios 2004.<\/p>\n<p>&nbsp;<\/p>\n<p>En este conflicto se advierte a las claras un trasfondo con elementos de\u00a0 tipo pol\u00edtico, pues resulta evidente que la maestra Navarro Fragoso no\u00a0 pertenece al equipo que lleg\u00f3 a hacerse cargo de la instituci\u00f3n a partir del\u00a0 cambio de gobierno en 2009, donde por cierto habr\u00e1 que recordar el cese\u00a0 fulminante del entonces rector, Sergio Pablo Mariscal, a quien adem\u00e1s tra\u00eda en\u00a0 salsa el reci\u00e9n estrenado contralor estatal, Carlos Francisco Tapia Astiazar\u00e1n.<\/p>\n<p>&nbsp;<\/p>\n<p>La maestra despedida sostiene en su misiva que \u201clas instituciones se\u00a0 construyen con el esfuerzo y el amor de muchas personas, pero pueden destruirse\u00a0 por la perversi\u00f3n de pocas\u201d, lo cual es un pisot\u00f3n en los callos de los nuevos\u00a0 directivos, que por lo visto, tampoco son de los que se dejan curar parados,\u00a0 por lo que este asunto dar\u00e1 m\u00e1s de que hablar en los pr\u00f3ximos d\u00edas.<\/p>\n<p>&nbsp;<\/p>\n<p><strong>chaposoto67@hotmail.com<\/strong><\/p>\n","protected":false},"excerpt":{"rendered":"<p>Pues s\u00f3lo que me quiten la patineta Hermosillo Sonora, 06\/Agosto\/2011. Ya es viejo el chiste del tipo aquel sobre el que la vida se hab\u00eda cebado\u00a0 de fea manera, y andaba por la vida muy enfermo, semiparalizado, en la miseria\u00a0 absoluta y para acabalar, amputado de ambas piernas, de manera que se\u00a0 desplazaba sobre una [&hellip;]<\/p>\n","protected":false},"author":1,"featured_media":0,"comment_status":"open","ping_status":"open","sticky":false,"template":"","format":"standard","meta":{"jetpack_post_was_ever_published":false,"_jetpack_newsletter_access":"","_jetpack_dont_email_post_to_subs":false,"_jetpack_newsletter_tier_id":0,"_jetpack_memberships_contains_paywalled_content":false,"_jetpack_memberships_contains_paid_content":false,"footnotes":"","jetpack_publicize_message":"","jetpack_publicize_feature_enabled":true,"jetpack_social_post_already_shared":false,"jetpack_social_options":{"image_generator_settings":{"template":"highway","enabled":false},"version":2}},"categories":[21,14],"tags":[],"jetpack_publicize_connections":[],"jetpack_featured_media_url":"","jetpack_shortlink":"https:\/\/wp.me\/p2mzaA-qP","jetpack_sharing_enabled":true,"jetpack_likes_enabled":true,"_links":{"self":[{"href":"https:\/\/www.semioticafactual.com\/index.php?rest_route=\/wp\/v2\/posts\/1663"}],"collection":[{"href":"https:\/\/www.semioticafactual.com\/index.php?rest_route=\/wp\/v2\/posts"}],"about":[{"href":"https:\/\/www.semioticafactual.com\/index.php?rest_route=\/wp\/v2\/types\/post"}],"author":[{"embeddable":true,"href":"https:\/\/www.semioticafactual.com\/index.php?rest_route=\/wp\/v2\/users\/1"}],"replies":[{"embeddable":true,"href":"https:\/\/www.semioticafactual.com\/index.php?rest_route=%2Fwp%2Fv2%2Fcomments&post=1663"}],"version-history":[{"count":4,"href":"https:\/\/www.semioticafactual.com\/index.php?rest_route=\/wp\/v2\/posts\/1663\/revisions"}],"predecessor-version":[{"id":3899,"href":"https:\/\/www.semioticafactual.com\/index.php?rest_route=\/wp\/v2\/posts\/1663\/revisions\/3899"}],"wp:attachment":[{"href":"https:\/\/www.semioticafactual.com\/index.php?rest_route=%2Fwp%2Fv2%2Fmedia&parent=1663"}],"wp:term":[{"taxonomy":"category","embeddable":true,"href":"https:\/\/www.semioticafactual.com\/index.php?rest_route=%2Fwp%2Fv2%2Fcategories&post=1663"},{"taxonomy":"post_tag","embeddable":true,"href":"https:\/\/www.semioticafactual.com\/index.php?rest_route=%2Fwp%2Fv2%2Ftags&post=1663"}],"curies":[{"name":"wp","href":"https:\/\/api.w.org\/{rel}","templated":true}]}}