{"id":1652,"date":"2011-08-06T19:35:56","date_gmt":"2011-08-06T19:35:56","guid":{"rendered":"http:\/\/www.semioticafactual.com\/?p=1652"},"modified":"2011-08-07T22:02:23","modified_gmt":"2011-08-07T22:02:23","slug":"conocen-aseguradoras-propuesta-de-seguro-de-responsabilidad-civil","status":"publish","type":"post","link":"https:\/\/www.semioticafactual.com\/?p=1652","title":{"rendered":"Conocen Aseguradoras propuesta de Seguro de Responsabilidad Civil"},"content":{"rendered":"<p>Servir\u00e1 para proteger patrimonio familiar de sonorenses<\/p>\n<p><a class=\"highslide\" onclick=\"return vz.expand(this)\" href=\"https:\/\/i0.wp.com\/www.semioticafactual.com\/wp-content\/uploads\/2011\/08\/pan-legisladores.jpg\"><img loading=\"lazy\" decoding=\"async\" data-attachment-id=\"1653\" data-permalink=\"https:\/\/www.semioticafactual.com\/?attachment_id=1653\" data-orig-file=\"https:\/\/i0.wp.com\/www.semioticafactual.com\/wp-content\/uploads\/2011\/08\/pan-legisladores-e1312659278574.jpg?fit=626%2C415&amp;ssl=1\" data-orig-size=\"626,415\" data-comments-opened=\"1\" data-image-meta=\"{&quot;aperture&quot;:&quot;0&quot;,&quot;credit&quot;:&quot;&quot;,&quot;camera&quot;:&quot;&quot;,&quot;caption&quot;:&quot;&quot;,&quot;created_timestamp&quot;:&quot;0&quot;,&quot;copyright&quot;:&quot;&quot;,&quot;focal_length&quot;:&quot;0&quot;,&quot;iso&quot;:&quot;0&quot;,&quot;shutter_speed&quot;:&quot;0&quot;,&quot;title&quot;:&quot;&quot;}\" data-image-title=\"pan legisladores\" data-image-description=\"\" data-image-caption=\"\" data-medium-file=\"https:\/\/i0.wp.com\/www.semioticafactual.com\/wp-content\/uploads\/2011\/08\/pan-legisladores-e1312659278574.jpg?fit=300%2C199&amp;ssl=1\" data-large-file=\"https:\/\/i0.wp.com\/www.semioticafactual.com\/wp-content\/uploads\/2011\/08\/pan-legisladores-e1312659278574.jpg?fit=800%2C531&amp;ssl=1\" tabindex=\"0\" role=\"button\" class=\"alignleft size-medium wp-image-1653\" title=\"pan legisladores\" src=\"https:\/\/i0.wp.com\/www.semioticafactual.com\/wp-content\/uploads\/2011\/08\/pan-legisladores-300x199.jpg?resize=300%2C199\" alt=\"\" width=\"300\" height=\"199\" data-recalc-dims=\"1\" \/><\/a>Agosto 5, 2011. Hermosillo, Sonora.- Representantes de Aseguradoras se reunieron con Diputados Locales de Acci\u00f3n Nacional para conocer la propuesta de protecci\u00f3n al patrimonio familiar a trav\u00e9s del uso del seguro de responsabilidad civil para todo veh\u00edculo que transite en la entidad.<\/p>\n<p>El Grupo Parlamentario del PAN propuso una modificaci\u00f3n a la Ley de Tr\u00e1nsito que establece que todo veh\u00edculo que circule en la entidad deber\u00e1 tener una p\u00f3liza de seguro de Responsabilidad Civil a fin de proteger el patrimonio familiar en caso de participar en un accidente.<\/p>\n<p>Representantes de AXA Seguros, Grupo Nacional Provincial (GNP), HDI Seguros y Qualitas tuvieron un acercamiento preliminar con los legisladores para conocer la propuesta a fin de enriquecerla y aportar datos del porqu\u00e9 es necesario este tipo de p\u00f3lizas.<\/p>\n<p>La propuesta de modificaci\u00f3n fue remitida para analizarse al interior de la Comisi\u00f3n de Seguridad P\u00fablica por lo que en breve se buscar\u00e1 que las compa\u00f1\u00edas aseguradoras expongan los beneficios de esta medida que busca que los sonorenses no resulten tan afectados econ\u00f3micamente cuando atraviesan por un siniestro automovil\u00edstico.<\/p>\n<p>Con esta disposici\u00f3n se pretende que exista una p\u00f3liza de seguro con cobertura vigente que contemple el pago de da\u00f1os, asistencia m\u00e9dica e indemnizaci\u00f3n a terceros por cada veh\u00edculo que est\u00e9 en circulaci\u00f3n.<\/p>\n<p>Esto servir\u00e1 para que en caso de ser golpeado por un carro exista la certeza de que el da\u00f1o ser\u00e1 reparado sin necesidad de interponer demanda o en caso de ser el responsable del accidente, saber que se cuenta con esta p\u00f3liza que se har\u00e1 cargo de los da\u00f1os sin necesidad de afectar el patrimonio familiar.<\/p>\n<p>Los representantes de las compa\u00f1\u00edas aseguradoras hicieron ver que actualmente menos del 10% del parque vehicular en Sonora cuenta con este tipo de seguro y que por lo general un siniestro automovil\u00edstico va de los 25 mil a los 75 mil pesos.<\/p>\n","protected":false},"excerpt":{"rendered":"<p>Servir\u00e1 para proteger patrimonio familiar de sonorenses Agosto 5, 2011. Hermosillo, Sonora.- Representantes de Aseguradoras se reunieron con Diputados Locales de Acci\u00f3n Nacional para conocer la propuesta de protecci\u00f3n al patrimonio familiar a trav\u00e9s del uso del seguro de responsabilidad civil para todo veh\u00edculo que transite en la entidad. El Grupo Parlamentario del PAN propuso [&hellip;]<\/p>\n","protected":false},"author":1,"featured_media":0,"comment_status":"open","ping_status":"open","sticky":false,"template":"","format":"standard","meta":{"jetpack_post_was_ever_published":false,"_jetpack_newsletter_access":"","_jetpack_dont_email_post_to_subs":false,"_jetpack_newsletter_tier_id":0,"_jetpack_memberships_contains_paywalled_content":false,"_jetpack_memberships_contains_paid_content":false,"footnotes":"","jetpack_publicize_message":"","jetpack_publicize_feature_enabled":true,"jetpack_social_post_already_shared":false,"jetpack_social_options":{"image_generator_settings":{"template":"highway","enabled":false},"version":2}},"categories":[1,9],"tags":[],"jetpack_publicize_connections":[],"jetpack_featured_media_url":"","jetpack_shortlink":"https:\/\/wp.me\/p2mzaA-qE","jetpack_sharing_enabled":true,"jetpack_likes_enabled":true,"_links":{"self":[{"href":"https:\/\/www.semioticafactual.com\/index.php?rest_route=\/wp\/v2\/posts\/1652"}],"collection":[{"href":"https:\/\/www.semioticafactual.com\/index.php?rest_route=\/wp\/v2\/posts"}],"about":[{"href":"https:\/\/www.semioticafactual.com\/index.php?rest_route=\/wp\/v2\/types\/post"}],"author":[{"embeddable":true,"href":"https:\/\/www.semioticafactual.com\/index.php?rest_route=\/wp\/v2\/users\/1"}],"replies":[{"embeddable":true,"href":"https:\/\/www.semioticafactual.com\/index.php?rest_route=%2Fwp%2Fv2%2Fcomments&post=1652"}],"version-history":[{"count":3,"href":"https:\/\/www.semioticafactual.com\/index.php?rest_route=\/wp\/v2\/posts\/1652\/revisions"}],"predecessor-version":[{"id":1703,"href":"https:\/\/www.semioticafactual.com\/index.php?rest_route=\/wp\/v2\/posts\/1652\/revisions\/1703"}],"wp:attachment":[{"href":"https:\/\/www.semioticafactual.com\/index.php?rest_route=%2Fwp%2Fv2%2Fmedia&parent=1652"}],"wp:term":[{"taxonomy":"category","embeddable":true,"href":"https:\/\/www.semioticafactual.com\/index.php?rest_route=%2Fwp%2Fv2%2Fcategories&post=1652"},{"taxonomy":"post_tag","embeddable":true,"href":"https:\/\/www.semioticafactual.com\/index.php?rest_route=%2Fwp%2Fv2%2Ftags&post=1652"}],"curies":[{"name":"wp","href":"https:\/\/api.w.org\/{rel}","templated":true}]}}