{"id":1648,"date":"2011-08-06T19:28:02","date_gmt":"2011-08-06T19:28:02","guid":{"rendered":"http:\/\/www.semioticafactual.com\/?p=1648"},"modified":"2011-08-06T19:37:10","modified_gmt":"2011-08-06T19:37:10","slug":"en-el-partido-verde-todos-pueden-participar-en-politica-incluidos-mujeres-y-jovenes-cesar-marcor","status":"publish","type":"post","link":"https:\/\/www.semioticafactual.com\/?p=1648","title":{"rendered":"En el partido verde todos pueden participar en pol\u00edtica incluidos mujeres y j\u00f3venes: Cesar Marcor"},"content":{"rendered":"<p style=\"text-align: left;\"><a class=\"highslide\" onclick=\"return vz.expand(this)\" href=\"https:\/\/i0.wp.com\/www.semioticafactual.com\/wp-content\/uploads\/2011\/08\/IMG_1629.jpg\"><img loading=\"lazy\" decoding=\"async\" data-attachment-id=\"1649\" data-permalink=\"https:\/\/www.semioticafactual.com\/?attachment_id=1649\" data-orig-file=\"https:\/\/i0.wp.com\/www.semioticafactual.com\/wp-content\/uploads\/2011\/08\/IMG_1629-e1312658727145.jpg?fit=626%2C417&amp;ssl=1\" data-orig-size=\"626,417\" data-comments-opened=\"1\" data-image-meta=\"{&quot;aperture&quot;:&quot;0&quot;,&quot;credit&quot;:&quot;&quot;,&quot;camera&quot;:&quot;&quot;,&quot;caption&quot;:&quot;&quot;,&quot;created_timestamp&quot;:&quot;0&quot;,&quot;copyright&quot;:&quot;&quot;,&quot;focal_length&quot;:&quot;0&quot;,&quot;iso&quot;:&quot;0&quot;,&quot;shutter_speed&quot;:&quot;0&quot;,&quot;title&quot;:&quot;&quot;}\" data-image-title=\"IMG_1629\" data-image-description=\"\" data-image-caption=\"\" data-medium-file=\"https:\/\/i0.wp.com\/www.semioticafactual.com\/wp-content\/uploads\/2011\/08\/IMG_1629-e1312658727145.jpg?fit=300%2C200&amp;ssl=1\" data-large-file=\"https:\/\/i0.wp.com\/www.semioticafactual.com\/wp-content\/uploads\/2011\/08\/IMG_1629-e1312658727145.jpg?fit=800%2C534&amp;ssl=1\" tabindex=\"0\" role=\"button\" class=\"alignleft size-medium wp-image-1649\" title=\"IMG_1629\" src=\"https:\/\/i0.wp.com\/www.semioticafactual.com\/wp-content\/uploads\/2011\/08\/IMG_1629-300x200.jpg?resize=300%2C200\" alt=\"\" width=\"300\" height=\"200\" data-recalc-dims=\"1\" \/><\/a>El Partido Verde Ecologista buscar\u00e1 los<br \/>\nmejores perfiles para que sean representantes de este organismo pol\u00edtico en los<br \/>\ndiferentes municipios del estado, inform\u00f3<br \/>\nCesar Augusto Marcor Ram\u00edrez<\/p>\n<p>En rueda de prensa\u00a0 el dirigente del \u00a0PVEM en Sonora, manifest\u00f3 que \u00a0a partir de la asamblea que se llev\u00f3 a cabo en<br \/>\nNavojoa, se realiz\u00f3 un recorrido por parte del estado y se vio el inter\u00e9s que<br \/>\ntiene la gente de participar en pol\u00edtica y que simpatiza con la ideolog\u00eda del<br \/>\npartido<\/p>\n<p>Ante ello, dijo, se abrir\u00e1 la<br \/>\nposibilidad de que los interesados participen dentro del partido como<br \/>\nrepresentantes del mismo en la comunidad en que viven y para ello se realizar\u00e1<br \/>\nuna gira por todo el estado para invitarlos a que se inscriban.<\/p>\n<p>\u201cPara que participen como representantes<br \/>\nde nuestro partido, pueden participar todos aquellos ciudadanos, que no han<br \/>\ntenido oportunidad en otros partidos, que los han excluido, sin embargo, la<br \/>\nsociedad los ha pedido, nosotros vamos a estudiar estos perfiles y nos daremos<br \/>\na la tarea de eleg\u00edr a los mejores con equidad de g\u00e9nero\u201d, expuso<\/p>\n<p>Indic\u00f3 que es una oportunidad para todos<br \/>\nlos ciudadanos que quieran participar en pol\u00edtica incluidos mujeres y j\u00f3venes<br \/>\npara que est\u00e9n representados todos los sectores de la sociedad.<\/p>\n<p>De hecho, asegur\u00f3 que si\u00a0 en alg\u00fan momento el Partido siente que tiene<br \/>\nun perfil lo suficientemente fuerte<br \/>\npodr\u00eda ir solo en alguna candidatura.<\/p>\n<p>\u201cPodemos hacer alianzas pero tambi\u00e9n<br \/>\nvamos a hacer candidaturas de elecciones populares de nuestro Partido, un<br \/>\npartido no puede crecer si no tiene los mejores perfiles solo, no todo va a ser<br \/>\nen alianzas\u201d, asever\u00f3.<\/p>\n<p>Marcor Ram\u00edrez extern\u00f3 que actualmente<br \/>\nse tiene una fuerte presencia del Partido Verde Ecologista en San Luis R\u00edo<br \/>\nColorado, Sonoyta, Magdalena, Hermosillo, Guaymas, Cananea, Navojoa y<br \/>\nHuatabampo y acudir\u00e1 a hacer una invitaci\u00f3n para buscar representantes a<br \/>\nNogales, Agua Prieta, Guaymas, Ciudad Obreg\u00f3n y Alamos, en una primera etapa.<\/p>\n<p>Finalmente coment\u00f3 que el PVEM es un<br \/>\npartido que busca exaltar los valores en la familia, en la sociedad y en la<br \/>\neducaci\u00f3n.<\/p>\n<p>\u201cRealizamos un trabajo permanente y<br \/>\narduo en pro del cuidado y conservaci\u00f3n del medio ambiente, somos un partido en<br \/>\ncrecimiento, fresco, incluyente, decidido e incansable y as\u00ed vamos a seguir\u201d,<br \/>\nsubray\u00f3.<\/p>\n<p>Por su parte Carlos Torres Calder\u00f3n,<br \/>\nSecretario de Organizaci\u00f3n del organismo pol\u00edtico, inform\u00f3 los requisitos que<br \/>\nse van a pedir a los interesados que son:<\/p>\n<p><strong>Ser<br \/>\nmexicano, mayor de edad.<\/strong><\/p>\n<p><strong>Ser<br \/>\nresidente del municipio<\/strong><\/p>\n<p><strong>Ser<br \/>\nuna persona honorable, reconocido y respetado por su comunidad<\/strong><\/p>\n<p><strong>Que<br \/>\ncomulgue con los ideales del Partido Verde Ecologista de M\u00e9xico<\/strong><\/p>\n<p><strong>Interesados<br \/>\nen representar a su comunidad<\/strong><\/p>\n<p><strong>Tener<br \/>\ncapacidad de gesti\u00f3n <\/strong><\/p>\n<p><strong>No<br \/>\ncontar con antecedentes penales<\/strong><\/p>\n<p>Agreg\u00f3 que los interesados pueden comunicarte<br \/>\na la sede en Hermosillo del PVEM en el tel\u00e9fono 662 2671147 o enviar el<br \/>\ncurriculum vitae al correo electr\u00f3nico <a href=\"http:\/\/www.verdeecologistasonora.com\">www.verdeecologistasonora.com<\/a>, con copia para<br \/>\n<a href=\"mailto:paecoliver@gmail.com\">paecoliver@gmail.com<\/a> del maestro<br \/>\nSergio Oliver Burruel, Secretario de Acci\u00f3n Electoral del organismo pol\u00edtico,<br \/>\nquien tambi\u00e9n estuvo presente en el evento junto con Roxana Salazar Atondo,<br \/>\nSecretaria de Finanzas y Martha Morin, Secretaria para Asuntos de la Mujer del<br \/>\nPartido Verde Ecologista.<\/p>\n","protected":false},"excerpt":{"rendered":"<p>El Partido Verde Ecologista buscar\u00e1 los mejores perfiles para que sean representantes de este organismo pol\u00edtico en los diferentes municipios del estado, inform\u00f3 Cesar Augusto Marcor Ram\u00edrez En rueda de prensa\u00a0 el dirigente del \u00a0PVEM en Sonora, manifest\u00f3 que \u00a0a partir de la asamblea que se llev\u00f3 a cabo en Navojoa, se realiz\u00f3 un recorrido [&hellip;]<\/p>\n","protected":false},"author":1,"featured_media":0,"comment_status":"open","ping_status":"open","sticky":false,"template":"","format":"standard","meta":{"jetpack_post_was_ever_published":false,"_jetpack_newsletter_access":"","_jetpack_dont_email_post_to_subs":false,"_jetpack_newsletter_tier_id":0,"_jetpack_memberships_contains_paywalled_content":false,"_jetpack_memberships_contains_paid_content":false,"footnotes":"","jetpack_publicize_message":"","jetpack_publicize_feature_enabled":true,"jetpack_social_post_already_shared":false,"jetpack_social_options":{"image_generator_settings":{"template":"highway","enabled":false},"version":2}},"categories":[14],"tags":[],"jetpack_publicize_connections":[],"jetpack_featured_media_url":"","jetpack_shortlink":"https:\/\/wp.me\/p2mzaA-qA","jetpack_sharing_enabled":true,"jetpack_likes_enabled":true,"_links":{"self":[{"href":"https:\/\/www.semioticafactual.com\/index.php?rest_route=\/wp\/v2\/posts\/1648"}],"collection":[{"href":"https:\/\/www.semioticafactual.com\/index.php?rest_route=\/wp\/v2\/posts"}],"about":[{"href":"https:\/\/www.semioticafactual.com\/index.php?rest_route=\/wp\/v2\/types\/post"}],"author":[{"embeddable":true,"href":"https:\/\/www.semioticafactual.com\/index.php?rest_route=\/wp\/v2\/users\/1"}],"replies":[{"embeddable":true,"href":"https:\/\/www.semioticafactual.com\/index.php?rest_route=%2Fwp%2Fv2%2Fcomments&post=1648"}],"version-history":[{"count":3,"href":"https:\/\/www.semioticafactual.com\/index.php?rest_route=\/wp\/v2\/posts\/1648\/revisions"}],"predecessor-version":[{"id":1655,"href":"https:\/\/www.semioticafactual.com\/index.php?rest_route=\/wp\/v2\/posts\/1648\/revisions\/1655"}],"wp:attachment":[{"href":"https:\/\/www.semioticafactual.com\/index.php?rest_route=%2Fwp%2Fv2%2Fmedia&parent=1648"}],"wp:term":[{"taxonomy":"category","embeddable":true,"href":"https:\/\/www.semioticafactual.com\/index.php?rest_route=%2Fwp%2Fv2%2Fcategories&post=1648"},{"taxonomy":"post_tag","embeddable":true,"href":"https:\/\/www.semioticafactual.com\/index.php?rest_route=%2Fwp%2Fv2%2Ftags&post=1648"}],"curies":[{"name":"wp","href":"https:\/\/api.w.org\/{rel}","templated":true}]}}