{"id":1644,"date":"2011-08-05T19:30:43","date_gmt":"2011-08-05T19:30:43","guid":{"rendered":"http:\/\/www.semioticafactual.com\/?p=1644"},"modified":"2011-08-05T19:31:09","modified_gmt":"2011-08-05T19:31:09","slug":"megaoperativo-de-limpieza-y-descacharre-en-agosto","status":"publish","type":"post","link":"https:\/\/www.semioticafactual.com\/?p=1644","title":{"rendered":"Megaoperativo de limpieza y descacharre en agosto."},"content":{"rendered":"<p><strong><a class=\"highslide\" onclick=\"return vz.expand(this)\" href=\"https:\/\/i0.wp.com\/www.semioticafactual.com\/wp-content\/uploads\/2011\/08\/megaoperativo.jpg\"><img loading=\"lazy\" decoding=\"async\" data-attachment-id=\"1645\" data-permalink=\"https:\/\/www.semioticafactual.com\/?attachment_id=1645\" data-orig-file=\"https:\/\/i0.wp.com\/www.semioticafactual.com\/wp-content\/uploads\/2011\/08\/megaoperativo-e1312572626731.jpg?fit=626%2C876&amp;ssl=1\" data-orig-size=\"626,876\" data-comments-opened=\"1\" data-image-meta=\"{&quot;aperture&quot;:&quot;0&quot;,&quot;credit&quot;:&quot;&quot;,&quot;camera&quot;:&quot;&quot;,&quot;caption&quot;:&quot;&quot;,&quot;created_timestamp&quot;:&quot;0&quot;,&quot;copyright&quot;:&quot;&quot;,&quot;focal_length&quot;:&quot;0&quot;,&quot;iso&quot;:&quot;0&quot;,&quot;shutter_speed&quot;:&quot;0&quot;,&quot;title&quot;:&quot;&quot;}\" data-image-title=\"megaoperativo\" data-image-description=\"\" data-image-caption=\"\" data-medium-file=\"https:\/\/i0.wp.com\/www.semioticafactual.com\/wp-content\/uploads\/2011\/08\/megaoperativo-e1312572626731.jpg?fit=214%2C300&amp;ssl=1\" data-large-file=\"https:\/\/i0.wp.com\/www.semioticafactual.com\/wp-content\/uploads\/2011\/08\/megaoperativo-e1312572626731.jpg?fit=731%2C1024&amp;ssl=1\" tabindex=\"0\" role=\"button\" class=\"alignright size-medium wp-image-1645\" title=\"megaoperativo\" src=\"https:\/\/i0.wp.com\/www.semioticafactual.com\/wp-content\/uploads\/2011\/08\/megaoperativo-214x300.jpg?resize=214%2C300\" alt=\"\" width=\"214\" height=\"300\" data-recalc-dims=\"1\" \/><\/a>Hermosillo, Sonora, agosto 05 de 2011<\/strong>.- Un megaoperativo en materia de limpieza y descacharre realizar\u00e1 a partir del domingo 07 de agosto,la Direcci\u00f3n de Servicios P\u00fablicos Municipales.<\/p>\n<p>Joaqu\u00edn Anaya Tapia, titular de la dependencia, inform\u00f3 que \u00a0de acuerdo a datos dela Secretar\u00edade Salud, este mes es propicio para la reproducci\u00f3n de moscos, entre ellos el transmisor del dengue.<\/p>\n<p>Es por ello quela Comunadetermin\u00f3 que los cuatro domingos de agosto llevar\u00e1 a cabo el servicio de descacharre en los siete puntos de acopio de la cadena comercial Soriana.<\/p>\n<p>\u201cEs muy importante que la ciudadan\u00eda est\u00e9 haciendo uso de este programa porque nos enteran de parte dela Secretar\u00edade Salud que el mes de agosto es cr\u00edtico para la proliferaci\u00f3n del mosco y por ende se puede venir el problema del dengue\u201d, enfatiz\u00f3.<\/p>\n<p>La invitaci\u00f3n, reiter\u00f3, es para que los hermosillenses realicen una limpieza general en sus viviendas y patios a fin de deshacerse de llantas, cacharros, azolve, ladrillo, ramas y maleza.<\/p>\n<p>Adem\u00e1s de muebles y ropa que de encontrarse en buen estado ser\u00e1n tomadas como donativo para ser entregado a familias en condiciones vulnerables, a\u00f1adi\u00f3.<\/p>\n<p>El material debe entregarse en cubetas, sacos o bolsas en los estacionamientos de las sucursales Altares, Sendero y Vado del R\u00edo, Progreso, Bachoco, Quiroga y Luis Encinas.<\/p>\n<p>El programa \u201cPrimer domingo de descacharre\u201d, de cada mes, se implement\u00f3 el 5 de diciembre del 2010, hasta julio, en su d\u00e9cima edici\u00f3n, las toneladas retiradas suman m\u00e1s de 552.<\/p>\n<p>&nbsp;<\/p>\n<p>&nbsp;<\/p>\n<p>&nbsp;<\/p>\n<p>&nbsp;<\/p>\n<p>&nbsp;<\/p>\n","protected":false},"excerpt":{"rendered":"<p>Hermosillo, Sonora, agosto 05 de 2011.- Un megaoperativo en materia de limpieza y descacharre realizar\u00e1 a partir del domingo 07 de agosto,la Direcci\u00f3n de Servicios P\u00fablicos Municipales. Joaqu\u00edn Anaya Tapia, titular de la dependencia, inform\u00f3 que \u00a0de acuerdo a datos dela Secretar\u00edade Salud, este mes es propicio para la reproducci\u00f3n de moscos, entre ellos el [&hellip;]<\/p>\n","protected":false},"author":1,"featured_media":0,"comment_status":"open","ping_status":"open","sticky":false,"template":"","format":"standard","meta":{"jetpack_post_was_ever_published":false,"_jetpack_newsletter_access":"","_jetpack_dont_email_post_to_subs":false,"_jetpack_newsletter_tier_id":0,"_jetpack_memberships_contains_paywalled_content":false,"_jetpack_memberships_contains_paid_content":false,"footnotes":"","jetpack_publicize_message":"","jetpack_publicize_feature_enabled":true,"jetpack_social_post_already_shared":false,"jetpack_social_options":{"image_generator_settings":{"template":"highway","enabled":false},"version":2}},"categories":[18],"tags":[],"jetpack_publicize_connections":[],"jetpack_featured_media_url":"","jetpack_shortlink":"https:\/\/wp.me\/p2mzaA-qw","jetpack_sharing_enabled":true,"jetpack_likes_enabled":true,"_links":{"self":[{"href":"https:\/\/www.semioticafactual.com\/index.php?rest_route=\/wp\/v2\/posts\/1644"}],"collection":[{"href":"https:\/\/www.semioticafactual.com\/index.php?rest_route=\/wp\/v2\/posts"}],"about":[{"href":"https:\/\/www.semioticafactual.com\/index.php?rest_route=\/wp\/v2\/types\/post"}],"author":[{"embeddable":true,"href":"https:\/\/www.semioticafactual.com\/index.php?rest_route=\/wp\/v2\/users\/1"}],"replies":[{"embeddable":true,"href":"https:\/\/www.semioticafactual.com\/index.php?rest_route=%2Fwp%2Fv2%2Fcomments&post=1644"}],"version-history":[{"count":2,"href":"https:\/\/www.semioticafactual.com\/index.php?rest_route=\/wp\/v2\/posts\/1644\/revisions"}],"predecessor-version":[{"id":1647,"href":"https:\/\/www.semioticafactual.com\/index.php?rest_route=\/wp\/v2\/posts\/1644\/revisions\/1647"}],"wp:attachment":[{"href":"https:\/\/www.semioticafactual.com\/index.php?rest_route=%2Fwp%2Fv2%2Fmedia&parent=1644"}],"wp:term":[{"taxonomy":"category","embeddable":true,"href":"https:\/\/www.semioticafactual.com\/index.php?rest_route=%2Fwp%2Fv2%2Fcategories&post=1644"},{"taxonomy":"post_tag","embeddable":true,"href":"https:\/\/www.semioticafactual.com\/index.php?rest_route=%2Fwp%2Fv2%2Ftags&post=1644"}],"curies":[{"name":"wp","href":"https:\/\/api.w.org\/{rel}","templated":true}]}}