{"id":1640,"date":"2011-08-05T19:24:54","date_gmt":"2011-08-05T19:24:54","guid":{"rendered":"http:\/\/www.semioticafactual.com\/?p=1640"},"modified":"2011-08-05T19:26:05","modified_gmt":"2011-08-05T19:26:05","slug":"un-caso-mas-de-golpe-de-calor-reporta-la-secretaria-de-salud-en-sonora","status":"publish","type":"post","link":"https:\/\/www.semioticafactual.com\/?p=1640","title":{"rendered":"Un caso m\u00e1s de golpe de calor reporta la Secretar\u00eda de Salud en Sonora"},"content":{"rendered":"<div id=\"attachment_1641\" style=\"width: 310px\" class=\"wp-caption alignleft\"><a class=\"highslide\" onclick=\"return vz.expand(this)\" href=\"https:\/\/i0.wp.com\/www.semioticafactual.com\/wp-content\/uploads\/2011\/08\/GOLPE-DE-CALOR.jpg\"><img loading=\"lazy\" decoding=\"async\" aria-describedby=\"caption-attachment-1641\" data-attachment-id=\"1641\" data-permalink=\"https:\/\/www.semioticafactual.com\/?attachment_id=1641\" data-orig-file=\"https:\/\/i0.wp.com\/www.semioticafactual.com\/wp-content\/uploads\/2011\/08\/GOLPE-DE-CALOR.jpg?fit=1920%2C1280&amp;ssl=1\" data-orig-size=\"1920,1280\" data-comments-opened=\"1\" data-image-meta=\"{&quot;aperture&quot;:&quot;0&quot;,&quot;credit&quot;:&quot;&quot;,&quot;camera&quot;:&quot;&quot;,&quot;caption&quot;:&quot;&quot;,&quot;created_timestamp&quot;:&quot;0&quot;,&quot;copyright&quot;:&quot;&quot;,&quot;focal_length&quot;:&quot;0&quot;,&quot;iso&quot;:&quot;0&quot;,&quot;shutter_speed&quot;:&quot;0&quot;,&quot;title&quot;:&quot;&quot;}\" data-image-title=\"GOLPE DE CALOR\" data-image-description=\"\" data-image-caption=\"&lt;p&gt;\u00abSe registra otro caso de golpe de calor\u00bb&lt;\/p&gt;\n\" data-medium-file=\"https:\/\/i0.wp.com\/www.semioticafactual.com\/wp-content\/uploads\/2011\/08\/GOLPE-DE-CALOR.jpg?fit=300%2C200&amp;ssl=1\" data-large-file=\"https:\/\/i0.wp.com\/www.semioticafactual.com\/wp-content\/uploads\/2011\/08\/GOLPE-DE-CALOR.jpg?fit=800%2C533&amp;ssl=1\" tabindex=\"0\" role=\"button\" class=\"size-medium wp-image-1641\" title=\"GOLPE DE CALOR\" src=\"https:\/\/i0.wp.com\/www.semioticafactual.com\/wp-content\/uploads\/2011\/08\/GOLPE-DE-CALOR-300x200.jpg?resize=300%2C200\" alt=\"\" width=\"300\" height=\"200\" srcset=\"https:\/\/i0.wp.com\/www.semioticafactual.com\/wp-content\/uploads\/2011\/08\/GOLPE-DE-CALOR.jpg?resize=300%2C200&amp;ssl=1 300w, https:\/\/i0.wp.com\/www.semioticafactual.com\/wp-content\/uploads\/2011\/08\/GOLPE-DE-CALOR.jpg?resize=1024%2C682&amp;ssl=1 1024w, https:\/\/i0.wp.com\/www.semioticafactual.com\/wp-content\/uploads\/2011\/08\/GOLPE-DE-CALOR.jpg?w=1920&amp;ssl=1 1920w, https:\/\/i0.wp.com\/www.semioticafactual.com\/wp-content\/uploads\/2011\/08\/GOLPE-DE-CALOR.jpg?w=1600 1600w\" sizes=\"(max-width: 300px) 100vw, 300px\" data-recalc-dims=\"1\" \/><\/a><p id=\"caption-attachment-1641\" class=\"wp-caption-text\">&quot;Se registra otro caso de golpe de calor&quot;<\/p><\/div>\n<p><strong>Hermosillo, Sonora a 04 de agosto de 2011.-<\/strong> Un caso nuevo de golpe de calor fue detectado durante la semana pasada en el estado, por lo que hasta el momento se han registrado 70 casos de enfermedades relacionadas con las altas temperaturas.<\/p>\n<p>En esta ocasi\u00f3n se trata de una ni\u00f1a de 13 a\u00f1os originaria de Hermosillo, quien se ha recuperado por completo de este padecimiento.<\/p>\n<p>Ante este panorama, el Director de Epidemiolog\u00eda dela Secretar\u00edade Salud, Sergio Olvera Alba, hizo un llamado a la poblaci\u00f3n a extremar medidas preventivas, como el incremento en el consumo de l\u00edquidos y el uso de ropas claras y de manga largas al salir a la intemperie.<\/p>\n<p>Sin embargo, consider\u00f3 que la poblaci\u00f3n ha estado siguiendo las recomendaciones de la dependencia, pues este a\u00f1o se han acumulado cuatro fallecimientos, 50% menos de los que se hab\u00edan registrado en 2010.<\/p>\n<p>\u201cLa poblaci\u00f3n est\u00e1 tomando precauciones; s\u00ed est\u00e1n acudiendo a las unidades para recibir atenci\u00f3n\u201d, coment\u00f3 el especialista dela Secretar\u00edade Salud.<\/p>\n<p>De los 70 casos de enfermedades asociadas a la temporada de calor, 13 han sido golpes de calor, 56 deshidrataciones y 1 insolaci\u00f3n. En cuanto a diarreas, se han acumulado 104 mil 359 casos.<\/p>\n<p><strong>\u00a0<\/strong><strong>Recomendaciones:<\/strong><\/p>\n<p>-Tomar abundantes l\u00edquidos, sobre todo Vida Suero Oral.<\/p>\n<p>-Ingerir alimentos adecuados.<\/p>\n","protected":false},"excerpt":{"rendered":"<p>Hermosillo, Sonora a 04 de agosto de 2011.- Un caso nuevo de golpe de calor fue detectado durante la semana pasada en el estado, por lo que hasta el momento se han registrado 70 casos de enfermedades relacionadas con las altas temperaturas. En esta ocasi\u00f3n se trata de una ni\u00f1a de 13 a\u00f1os originaria de [&hellip;]<\/p>\n","protected":false},"author":1,"featured_media":0,"comment_status":"open","ping_status":"open","sticky":false,"template":"","format":"standard","meta":{"jetpack_post_was_ever_published":false,"_jetpack_newsletter_access":"","_jetpack_dont_email_post_to_subs":false,"_jetpack_newsletter_tier_id":0,"_jetpack_memberships_contains_paywalled_content":false,"_jetpack_memberships_contains_paid_content":false,"footnotes":"","jetpack_publicize_message":"","jetpack_publicize_feature_enabled":true,"jetpack_social_post_already_shared":false,"jetpack_social_options":{"image_generator_settings":{"template":"highway","enabled":false},"version":2}},"categories":[1,15],"tags":[],"jetpack_publicize_connections":[],"jetpack_featured_media_url":"","jetpack_shortlink":"https:\/\/wp.me\/p2mzaA-qs","jetpack_sharing_enabled":true,"jetpack_likes_enabled":true,"_links":{"self":[{"href":"https:\/\/www.semioticafactual.com\/index.php?rest_route=\/wp\/v2\/posts\/1640"}],"collection":[{"href":"https:\/\/www.semioticafactual.com\/index.php?rest_route=\/wp\/v2\/posts"}],"about":[{"href":"https:\/\/www.semioticafactual.com\/index.php?rest_route=\/wp\/v2\/types\/post"}],"author":[{"embeddable":true,"href":"https:\/\/www.semioticafactual.com\/index.php?rest_route=\/wp\/v2\/users\/1"}],"replies":[{"embeddable":true,"href":"https:\/\/www.semioticafactual.com\/index.php?rest_route=%2Fwp%2Fv2%2Fcomments&post=1640"}],"version-history":[{"count":2,"href":"https:\/\/www.semioticafactual.com\/index.php?rest_route=\/wp\/v2\/posts\/1640\/revisions"}],"predecessor-version":[{"id":1643,"href":"https:\/\/www.semioticafactual.com\/index.php?rest_route=\/wp\/v2\/posts\/1640\/revisions\/1643"}],"wp:attachment":[{"href":"https:\/\/www.semioticafactual.com\/index.php?rest_route=%2Fwp%2Fv2%2Fmedia&parent=1640"}],"wp:term":[{"taxonomy":"category","embeddable":true,"href":"https:\/\/www.semioticafactual.com\/index.php?rest_route=%2Fwp%2Fv2%2Fcategories&post=1640"},{"taxonomy":"post_tag","embeddable":true,"href":"https:\/\/www.semioticafactual.com\/index.php?rest_route=%2Fwp%2Fv2%2Ftags&post=1640"}],"curies":[{"name":"wp","href":"https:\/\/api.w.org\/{rel}","templated":true}]}}