{"id":1634,"date":"2011-08-05T19:09:19","date_gmt":"2011-08-05T19:09:19","guid":{"rendered":"http:\/\/www.semioticafactual.com\/?p=1634"},"modified":"2011-08-05T19:09:19","modified_gmt":"2011-08-05T19:09:19","slug":"aprueban-diputados-exhorto-para-que-se-fijen-tarifas-electricas-justas","status":"publish","type":"post","link":"https:\/\/www.semioticafactual.com\/?p=1634","title":{"rendered":"Aprueban diputados exhorto para que se fijen tarifas el\u00e9ctricas justas"},"content":{"rendered":"<p><strong><a class=\"highslide\" onclick=\"return vz.expand(this)\" href=\"https:\/\/i0.wp.com\/www.semioticafactual.com\/wp-content\/uploads\/2011\/08\/FAUSTINO-FLIX.jpg\"><img loading=\"lazy\" decoding=\"async\" data-attachment-id=\"1635\" data-permalink=\"https:\/\/www.semioticafactual.com\/?attachment_id=1635\" data-orig-file=\"https:\/\/i0.wp.com\/www.semioticafactual.com\/wp-content\/uploads\/2011\/08\/FAUSTINO-FLIX-e1312571281460.jpg?fit=625%2C431&amp;ssl=1\" data-orig-size=\"625,431\" data-comments-opened=\"1\" data-image-meta=\"{&quot;aperture&quot;:&quot;0&quot;,&quot;credit&quot;:&quot;&quot;,&quot;camera&quot;:&quot;&quot;,&quot;caption&quot;:&quot;&quot;,&quot;created_timestamp&quot;:&quot;0&quot;,&quot;copyright&quot;:&quot;&quot;,&quot;focal_length&quot;:&quot;0&quot;,&quot;iso&quot;:&quot;0&quot;,&quot;shutter_speed&quot;:&quot;0&quot;,&quot;title&quot;:&quot;&quot;}\" data-image-title=\"FAUSTINO FLIX\" data-image-description=\"\" data-image-caption=\"\" data-medium-file=\"https:\/\/i0.wp.com\/www.semioticafactual.com\/wp-content\/uploads\/2011\/08\/FAUSTINO-FLIX-e1312571281460.jpg?fit=300%2C206&amp;ssl=1\" data-large-file=\"https:\/\/i0.wp.com\/www.semioticafactual.com\/wp-content\/uploads\/2011\/08\/FAUSTINO-FLIX-e1312571281460.jpg?fit=800%2C552&amp;ssl=1\" tabindex=\"0\" role=\"button\" class=\"alignright size-medium wp-image-1635\" title=\"FAUSTINO FLIX\" src=\"https:\/\/i0.wp.com\/www.semioticafactual.com\/wp-content\/uploads\/2011\/08\/FAUSTINO-FLIX-300x206.jpg?resize=300%2C206\" alt=\"\" width=\"300\" height=\"206\" data-recalc-dims=\"1\" \/><\/a>Hermosillo, Son., agosto 04 de 2011.- <\/strong>Porque los sonorenses requieren tarifas justas que se fijen en base a aspectos sociales y clim\u00e1ticos y no recaudatorios, el Congreso del Estado aprob\u00f3 el punto de acuerdo propuesto por la Alianza para que se modifique el mecanismo para la fijaci\u00f3n de tarifas el\u00e9ctricas.<\/p>\n<p>La iniciativa que impulsada por el diputado Faustino F\u00e9lix a trav\u00e9s de la alianza PRI, Nueva Alianza y Verde Ecologista y que fue dictaminada por la Comisi\u00f3n de Energ\u00eda y Medio Ambiente exhorta al Congreso de la Uni\u00f3n para reformar, derogar y adicional diversas disposiciones a fin de que se establezcan criterios diferentes para el dise\u00f1o del programa tarifario de energ\u00eda el\u00e9ctrica.<\/p>\n<p>Al dar lectura al dictamen, F\u00e9lix Ch\u00e1vez indic\u00f3 que en M\u00e9xico se requiere un sistema tarifario transparente, justo y acorde a las necesidades de cada regi\u00f3n.<\/p>\n<p>\u201cDebemos entender que el consumo de energ\u00eda el\u00e9ctrica en regiones c\u00e1lidas como Sonora son una necesidad para el desarrollo de actividades cotidianas de sus habitantes y no un lujo\u201d, dijo en Tribuna el representante del distrito local 18.<\/p>\n<p>Para este efecto, la iniciativa plantea que un \u00f3rgano especializado, como lo es la Comisi\u00f3n Reguladora de Energ\u00eda, sea quien proponga el ajuste o reestructuraci\u00f3n de las tarifas el\u00e9ctricas en base a estudios que se realicen para medir el costo de la generaci\u00f3n de energ\u00eda, la situaci\u00f3n socioecon\u00f3mica de la poblaci\u00f3n del pa\u00eds.<\/p>\n<p>Y principalmente establece tomar en cuenta la situaci\u00f3n climatol\u00f3gica de la diversa geograf\u00eda nacional.<\/p>\n<p>Faustino F\u00e9lix dijo que en estas condiciones ya no corresponder\u00e1 a la Secretar\u00eda de Hacienda y Cr\u00e9dito \u00a0P\u00fablico definir las tarifas de energ\u00eda el\u00e9ctrica, pues en franca armon\u00eda jur\u00eddica \u00e9stas se basar\u00e1n en las nuevas disposiciones de la Ley Federal de Derechos, procurando atender las necesidades de toda la poblaci\u00f3n.<\/p>\n<p>\u201cLa Secretar\u00eda de Hacienda fija las tarifas basada en consideraciones macroecon\u00f3micas que no necesariamente reflejan la situaci\u00f3n de la compa\u00f1\u00eda ni las necesidades de sus usuarios\u201d, advirti\u00f3 el legislador cajemense.<\/p>\n<p>Puntualiz\u00f3 que este es un esfuerzo coordinado con otros estados Tabasco que siendo afectados por ser generadores de energ\u00eda hidroel\u00e9ctrica no son tomados en cuenta para tener tarifas el\u00e9ctricas a su situaci\u00f3n clim\u00e1tica.<\/p>\n<p>La iniciativa fue aprobada por el Pleno durante la sesi\u00f3n extraordinaria de este jueves.<\/p>\n","protected":false},"excerpt":{"rendered":"<p>Hermosillo, Son., agosto 04 de 2011.- Porque los sonorenses requieren tarifas justas que se fijen en base a aspectos sociales y clim\u00e1ticos y no recaudatorios, el Congreso del Estado aprob\u00f3 el punto de acuerdo propuesto por la Alianza para que se modifique el mecanismo para la fijaci\u00f3n de tarifas el\u00e9ctricas. La iniciativa que impulsada por [&hellip;]<\/p>\n","protected":false},"author":1,"featured_media":0,"comment_status":"open","ping_status":"open","sticky":false,"template":"","format":"standard","meta":{"jetpack_post_was_ever_published":false,"_jetpack_newsletter_access":"","_jetpack_dont_email_post_to_subs":false,"_jetpack_newsletter_tier_id":0,"_jetpack_memberships_contains_paywalled_content":false,"_jetpack_memberships_contains_paid_content":false,"footnotes":"","jetpack_publicize_message":"","jetpack_publicize_feature_enabled":true,"jetpack_social_post_already_shared":false,"jetpack_social_options":{"image_generator_settings":{"template":"highway","enabled":false},"version":2}},"categories":[1],"tags":[],"jetpack_publicize_connections":[],"jetpack_featured_media_url":"","jetpack_shortlink":"https:\/\/wp.me\/p2mzaA-qm","jetpack_sharing_enabled":true,"jetpack_likes_enabled":true,"_links":{"self":[{"href":"https:\/\/www.semioticafactual.com\/index.php?rest_route=\/wp\/v2\/posts\/1634"}],"collection":[{"href":"https:\/\/www.semioticafactual.com\/index.php?rest_route=\/wp\/v2\/posts"}],"about":[{"href":"https:\/\/www.semioticafactual.com\/index.php?rest_route=\/wp\/v2\/types\/post"}],"author":[{"embeddable":true,"href":"https:\/\/www.semioticafactual.com\/index.php?rest_route=\/wp\/v2\/users\/1"}],"replies":[{"embeddable":true,"href":"https:\/\/www.semioticafactual.com\/index.php?rest_route=%2Fwp%2Fv2%2Fcomments&post=1634"}],"version-history":[{"count":1,"href":"https:\/\/www.semioticafactual.com\/index.php?rest_route=\/wp\/v2\/posts\/1634\/revisions"}],"predecessor-version":[{"id":1636,"href":"https:\/\/www.semioticafactual.com\/index.php?rest_route=\/wp\/v2\/posts\/1634\/revisions\/1636"}],"wp:attachment":[{"href":"https:\/\/www.semioticafactual.com\/index.php?rest_route=%2Fwp%2Fv2%2Fmedia&parent=1634"}],"wp:term":[{"taxonomy":"category","embeddable":true,"href":"https:\/\/www.semioticafactual.com\/index.php?rest_route=%2Fwp%2Fv2%2Fcategories&post=1634"},{"taxonomy":"post_tag","embeddable":true,"href":"https:\/\/www.semioticafactual.com\/index.php?rest_route=%2Fwp%2Fv2%2Ftags&post=1634"}],"curies":[{"name":"wp","href":"https:\/\/api.w.org\/{rel}","templated":true}]}}