{"id":1631,"date":"2011-08-05T19:05:08","date_gmt":"2011-08-05T19:05:08","guid":{"rendered":"http:\/\/www.semioticafactual.com\/?p=1631"},"modified":"2011-08-05T19:05:08","modified_gmt":"2011-08-05T19:05:08","slug":"voz-sport-%e2%80%9cen-busca-de-ampliar-horizontes%e2%80%9d","status":"publish","type":"post","link":"https:\/\/www.semioticafactual.com\/?p=1631","title":{"rendered":"VOZ SPORT  \u201cEn busca de ampliar horizontes\u201d"},"content":{"rendered":"<p><strong>Por Rafael Renter\u00eda<\/strong><\/p>\n<p><a href=\"mailto:renteria_rafael@hotmail.com\"><strong>renteria_rafael@hotmail.com<\/strong><\/a><\/p>\n<div id=\"attachment_1632\" style=\"width: 310px\" class=\"wp-caption alignright\"><a class=\"highslide\" onclick=\"return vz.expand(this)\" href=\"https:\/\/i0.wp.com\/www.semioticafactual.com\/wp-content\/uploads\/2011\/08\/Foto-0021.jpg\"><img loading=\"lazy\" decoding=\"async\" aria-describedby=\"caption-attachment-1632\" data-attachment-id=\"1632\" data-permalink=\"https:\/\/www.semioticafactual.com\/?attachment_id=1632\" data-orig-file=\"https:\/\/i0.wp.com\/www.semioticafactual.com\/wp-content\/uploads\/2011\/08\/Foto-0021-e1312571076967.jpg?fit=624%2C468&amp;ssl=1\" data-orig-size=\"624,468\" data-comments-opened=\"1\" data-image-meta=\"{&quot;aperture&quot;:&quot;0&quot;,&quot;credit&quot;:&quot;&quot;,&quot;camera&quot;:&quot;&quot;,&quot;caption&quot;:&quot;&quot;,&quot;created_timestamp&quot;:&quot;0&quot;,&quot;copyright&quot;:&quot;&quot;,&quot;focal_length&quot;:&quot;0&quot;,&quot;iso&quot;:&quot;0&quot;,&quot;shutter_speed&quot;:&quot;0&quot;,&quot;title&quot;:&quot;&quot;}\" data-image-title=\"Foto-0021\" data-image-description=\"\" data-image-caption=\"&lt;p&gt;\u00abListas para entrar en acci\u00f3n\u00bb&lt;\/p&gt;\n\" data-medium-file=\"https:\/\/i0.wp.com\/www.semioticafactual.com\/wp-content\/uploads\/2011\/08\/Foto-0021-e1312571076967.jpg?fit=300%2C225&amp;ssl=1\" data-large-file=\"https:\/\/i0.wp.com\/www.semioticafactual.com\/wp-content\/uploads\/2011\/08\/Foto-0021-e1312571076967.jpg?fit=624%2C468&amp;ssl=1\" tabindex=\"0\" role=\"button\" class=\"size-medium wp-image-1632\" title=\"Foto-0021\" src=\"https:\/\/i0.wp.com\/www.semioticafactual.com\/wp-content\/uploads\/2011\/08\/Foto-0021-300x225.jpg?resize=300%2C225\" alt=\"\" width=\"300\" height=\"225\" data-recalc-dims=\"1\" \/><\/a><p id=\"caption-attachment-1632\" class=\"wp-caption-text\">&quot;Listas para entrar en acci\u00f3n&quot;<\/p><\/div>\n<p><strong>El maestro Martin Alarc\u00f3n Plumeda es una persona que pr\u00e1cticamente tiene el f\u00fatbol tatuado en su cuerpo y ello trata de demostrarlo ense\u00f1ando los principios y los conceptos b\u00e1sicos de ese deporte a ni\u00f1os y j\u00f3venes de la ciudad.<\/strong><\/p>\n<p>Platicando con \u00e9l ah\u00ed en la sala de su casa nos cont\u00f3 acerca de un proyecto muy importante y no solo para \u00e9l si no por lo todo lo que podr\u00eda desencadenar si se llevase a cabo: <strong>contar con una escuela de f\u00fatbol.<\/strong><\/p>\n<p>Ese ha sido un sue\u00f1o que nos dijo ha tenido desde hace muchos a\u00f1os. En eso del f\u00fatbol no es ning\u00fan improvisado ya que por m\u00e1s de 32 a\u00f1os ha estado muy ligado a ese deporte y en el cual su funci\u00f3n principal ha sido la de ense\u00f1ar y hacer que la ni\u00f1ez y la juventud que gusta de esa disciplina encuentren un espacio para divertirse y alejarse de ciertas vicios.<\/p>\n<p>Como nos dec\u00eda: ya tengo el personal humano y ando en busca de un terrero ya sea vendido en plazos, prestado o en comodato.<\/p>\n<p>La idea es poder contar con el punto m\u00e1s importante y en eso anda, ya que actualmente entrena a las ni\u00f1as dela Prevoy a un grupo de j\u00f3venes ah\u00ed en los campos dela Ley57. Su objetivo es poder conseguir ese lugar primordialmente para el norte de la ciudad ya que la mayor\u00eda de sus jugadores viven para aquel rumbo.<\/p>\n<p>Ahora habr\u00e1 que ver si las autoridades municipales del deporte o alguna otra persona le pueden ayudar a cumplir ese sue\u00f1o, el cual no tiene la intenci\u00f3n de lucrar o hacerse rico con ese trabajo, sino por el simple hecho de esparcir sus conocimientos entre m\u00e1s ni\u00f1os, ni\u00f1as y j\u00f3venes que pueden adquirir al f\u00fatbol como su deporte favorito.<\/p>\n<p>Nos dejo su tel\u00e9fono: 6622 274979 por si alguien desea ya sea llevarle a sus hijos o hijas para que se inicien en la pr\u00e1ctica del f\u00fatbol o para poder prestarle o rentarle alg\u00fan punto donde pueda iniciar con ese proyecto personal\u2026\u2026\u2026\u2026&#8230;&#8230;&#8230;&#8230;&#8230;&#8230;&#8230;&#8230;&#8230;&#8230;&#8230;&#8230;&#8230;&#8230;&#8230;&#8230;&#8230;&#8230;&#8230;&#8230;&#8230;&#8230;&#8230;&#8230;&#8230;&#8230;&#8230;&#8230;&#8230;&#8230;&#8230;<\/p>\n<p>&nbsp;<\/p>\n<p><strong>Despiden amigos, alumnos, familiares y al entrenador cubano de atletismo Pedro Garbey Correoso, <\/strong>quien falleciera este mi\u00e9rcoles a la edad de 60 a\u00f1os.<\/p>\n<p>En lo personal me toco acudir a la funeraria donde estaba siendo velado su cuerpo y observe a muchas personas, las cuales se mostraban muy tristes por la p\u00e9rdida del entrenador quien desde su llegada al Estado dejo muy buenas amistades, pero tambi\u00e9n dejo conocimientos y resultados.<\/p>\n<p>Ah\u00ed platique con algunos de sus alumnos y nos dec\u00edan que siempre fue muy estricto en lo deportivo pero a la vez pod\u00edan verlo y confiar en \u00e9l como un amigo. Hasta el rector de la Unison, <strong>Heriberto<\/strong> <strong>Grijalva<\/strong> <strong>Monteverde<\/strong> me dec\u00eda que siempre el maestro <strong>Garbey<\/strong> le hac\u00eda bromas que se pusiera a hacer ejercicio para bajar de peso y el rector se la reviraba que lo hiciera \u00e9l primero.<\/p>\n<p>Sin lugar a dudas su p\u00e9rdida ser\u00e1 muy importante ya que muchos de los atletas sonorenses que destacaron y destacan en los lanzamientos de varias \u00edndoles fueron formados por \u00e9l, ah\u00ed est\u00e1n los casos de <strong>Ana Ericka Guti\u00e9rrez, Luis Martin Garc\u00eda y otros m\u00e1s. <\/strong>Adem\u00e1s gano muchos reconocimientos y aunado a su don de gente, ser\u00e1 un personaje que se le ligar\u00e1 en gran medida con el \u00e9xito de esa disciplina en Sonora\u2026\u2026\u2026\u2026\u2026\u2026\u2026\u2026\u2026\u2026\u2026\u2026\u2026\u2026\u2026\u2026\u2026<\/p>\n<p>&nbsp;<\/p>\n<p><strong>Regresan los \u201cperdonados por el caso clembuterol\u201d al TRI y es que en la lista que diera a conocer el Chepo de la Torre ayer, <\/strong>no nos sorprendi\u00f3 el llamado de 4 de los 5 juzgados en su momento.<\/p>\n<p>El \u00fanico que quedo fuera para el juego del 10 de agosto ante Estados Unidos all\u00e1 en Filadelfia fue <strong>Edgar<\/strong> <strong>Due\u00f1as<\/strong> y en lugar de <strong>Aldo<\/strong> de <strong>Nigris<\/strong> llamo a <strong>Omar<\/strong> <strong>Arellano<\/strong>, adem\u00e1s de <strong>Javier<\/strong> <strong>Aquino<\/strong> del Cruz Azul. Podr\u00e1 gestarse la venganza de los gringos despu\u00e9s de la final dela Copa Oro?\u2026\u2026\u2026\u2026\u2026\u2026.<\/p>\n<p>&nbsp;<\/p>\n<p><strong>Ayer en el beisbol de las ligas mayores se suscitaron varias cosas: Dan<\/strong> <strong>Uggla<\/strong> de los Bravos de Atlanta lleg\u00f3 a 25 juegos seguidos dando de hit. <strong>Uggla<\/strong> va por el record del equipo que es de 28 y le pertenece a <strong>Marquis<\/strong> <strong>Grissom<\/strong> con 28 en el 96. Otro Bravos que esta destacando con el bate es el novato <strong>Freddie<\/strong> <strong>Freeman<\/strong>, llego a 18 hits consecutivos, la racha m\u00e1s larga para un novato.<\/p>\n<p><strong>Adrian<\/strong> <strong>Gonz\u00e1lez<\/strong> tambi\u00e9n lleg\u00f3 a 14 partidos pegando al menos un imparable. Algo importante de su equipo es que a partir de este d\u00eda inicia una \u201cguerra\u201d ante los Yankees, en Boston.<\/p>\n<p>Otro dato curioso fue la racha que rompieron los Cachorros de Chicago al barrer en 4 partidos por primera vez en 52 a\u00f1os a los Piratas de Pittsburgh. Y para acabarla de amolar con los Piratas, llevan 7 derrotas seguidas y 9 de sus \u00faltimos 10. Parece que le cay\u00f3 mal el haber llegado hace 10 d\u00edas al primer lugar de su divisi\u00f3n en m\u00e1s de 18 a\u00f1os.<\/p>\n<p>Por otra parte se especula que as\u00ed como el 31 de julio fue una fecha clave para cambios de peloteros sin restricciones, para este mes de agosto podr\u00edan darse m\u00e1s cambio o los llamados Waivers de algunos jugadores de nombre y que en muchos de los casos est\u00e1n en el final de sus carreras: <strong>Johnny Damon, Vladimir Guerrero, Adam Dunn, Jake Peavy, Carl Pavano, JIm Thome, Brian Fuentes, Rich Harden, Hideki Matzui, Jason Bay, Chone Figgins, A.J Burnett, Rafael Soriano, Jorge Posada, Javier V\u00e1zquez, Iv\u00e1n Rodr\u00edguez, Alfonso Soriano, Carlos Zambrano, Carlos Lee y Casey Blake.<\/strong><\/p>\n<p>Finalmente quien parece ya decidi\u00f3 retirarse del b\u00e9isbol es el ex mayo de Navojoa, <strong>Matt<\/strong> <strong>Stairs, ya que <\/strong>fue dejado en libertad por los Nacionales de Washington. A sus 43 a\u00f1os, <strong>Stairs<\/strong> es el l\u00edder de cuadrangulares como bateador emergente con 23 y 265 en total en sus 19 campa\u00f1as en las mayores. A lo mejor pronto lo vemos ac\u00e1 en Sonora dirigiendo a alg\u00fan equipo dela LMP.<\/p>\n","protected":false},"excerpt":{"rendered":"<p>Por Rafael Renter\u00eda renteria_rafael@hotmail.com El maestro Martin Alarc\u00f3n Plumeda es una persona que pr\u00e1cticamente tiene el f\u00fatbol tatuado en su cuerpo y ello trata de demostrarlo ense\u00f1ando los principios y los conceptos b\u00e1sicos de ese deporte a ni\u00f1os y j\u00f3venes de la ciudad. Platicando con \u00e9l ah\u00ed en la sala de su casa nos cont\u00f3 [&hellip;]<\/p>\n","protected":false},"author":1,"featured_media":0,"comment_status":"open","ping_status":"open","sticky":false,"template":"","format":"standard","meta":{"jetpack_post_was_ever_published":false,"_jetpack_newsletter_access":"","_jetpack_dont_email_post_to_subs":false,"_jetpack_newsletter_tier_id":0,"_jetpack_memberships_contains_paywalled_content":false,"_jetpack_memberships_contains_paid_content":false,"footnotes":"","jetpack_publicize_message":"","jetpack_publicize_feature_enabled":true,"jetpack_social_post_already_shared":false,"jetpack_social_options":{"image_generator_settings":{"template":"highway","enabled":false},"version":2}},"categories":[21,6],"tags":[],"jetpack_publicize_connections":[],"jetpack_featured_media_url":"","jetpack_shortlink":"https:\/\/wp.me\/p2mzaA-qj","jetpack_sharing_enabled":true,"jetpack_likes_enabled":true,"_links":{"self":[{"href":"https:\/\/www.semioticafactual.com\/index.php?rest_route=\/wp\/v2\/posts\/1631"}],"collection":[{"href":"https:\/\/www.semioticafactual.com\/index.php?rest_route=\/wp\/v2\/posts"}],"about":[{"href":"https:\/\/www.semioticafactual.com\/index.php?rest_route=\/wp\/v2\/types\/post"}],"author":[{"embeddable":true,"href":"https:\/\/www.semioticafactual.com\/index.php?rest_route=\/wp\/v2\/users\/1"}],"replies":[{"embeddable":true,"href":"https:\/\/www.semioticafactual.com\/index.php?rest_route=%2Fwp%2Fv2%2Fcomments&post=1631"}],"version-history":[{"count":1,"href":"https:\/\/www.semioticafactual.com\/index.php?rest_route=\/wp\/v2\/posts\/1631\/revisions"}],"predecessor-version":[{"id":1633,"href":"https:\/\/www.semioticafactual.com\/index.php?rest_route=\/wp\/v2\/posts\/1631\/revisions\/1633"}],"wp:attachment":[{"href":"https:\/\/www.semioticafactual.com\/index.php?rest_route=%2Fwp%2Fv2%2Fmedia&parent=1631"}],"wp:term":[{"taxonomy":"category","embeddable":true,"href":"https:\/\/www.semioticafactual.com\/index.php?rest_route=%2Fwp%2Fv2%2Fcategories&post=1631"},{"taxonomy":"post_tag","embeddable":true,"href":"https:\/\/www.semioticafactual.com\/index.php?rest_route=%2Fwp%2Fv2%2Ftags&post=1631"}],"curies":[{"name":"wp","href":"https:\/\/api.w.org\/{rel}","templated":true}]}}