{"id":1629,"date":"2011-08-05T18:59:15","date_gmt":"2011-08-05T18:59:15","guid":{"rendered":"http:\/\/www.semioticafactual.com\/?p=1629"},"modified":"2011-08-05T18:59:15","modified_gmt":"2011-08-05T18:59:15","slug":"el-zancudo-no-matapero-hace-roncha","status":"publish","type":"post","link":"https:\/\/www.semioticafactual.com\/?p=1629","title":{"rendered":"EL ZANCUDO, NO MATA,PERO HACE RONCHA."},"content":{"rendered":"<div>\n<p>La sangre no lleg\u00f3 al r\u00edo<\/p>\n<\/div>\n<div>\n<p>05\/Agosto\/2011<\/p>\n<\/div>\n<p>Un intenso ejercicio de negociaci\u00f3n el que protagonizaron ayer los diputados de las fracciones parlamentarias del PRI y el PAN para cumplir el mandato del Tribunal Electoral del Poder Judicial de la Federaci\u00f3n, y designar a los tres nuevos consejeros electorales que habr\u00e1n de integrarse al CEE, posiblemente a partir de la semana que entra.<\/p>\n<p>La negociaci\u00f3n no fue sencilla, de hecho, no tendr\u00eda por qu\u00e9 haberlo sido, considerando que los legisladores ten\u00edan ya varios meses tratando de ponerse de acuerdo, sin lograrlo; pero adem\u00e1s hab\u00eda un asunto que complic\u00f3 las cosas en la recta final del proceso, debido a la existencia de una solicitud de remoci\u00f3n para los consejeros Hilda Ben\u00edtez Carre\u00f3n, Marcos Arturo Celaya y Ferm\u00edn Ch\u00e1vez Pe\u00f1\u00fa\u00f1uri.<\/p>\n<p>Esa solicitud fue hecha por los comisionados de los partidos Verde Ecologista, Convergencia, Nueva Alianza y Revolucionario Institucional, encabezados por el de \u00e9ste \u00faltimo, Adolfo Garc\u00eda Morales, una chucha cuerera en el tema electoral y quien se ha convertido en una verdadera piedra en el zapato de los actuales titulares del CEE.<\/p>\n<p>La solicitud de remoci\u00f3n est\u00e1 fincada en 39 puntos del documento entregado al Congreso del Estado, en los que se pretende probar lo que consideran la violaci\u00f3n sistem\u00e1tica y reiterada al C\u00f3digo Estatal Electoral; por no cumplir algunos requisitos para desempe\u00f1ar el cargo, y por incurrir en forma p\u00fablica y reiterada en conductas que son contrarias a sus funciones.<\/p>\n<p>O sea, los quisieron crucificar mucho antes de la cuaresma. La sangre, sin embargo no lleg\u00f3 al r\u00edo, pues tras un par de horas de estira y afloja, los diputados le dieron una salida negociada al asunto, acordando modificar el orden del d\u00eda de la sesi\u00f3n extraordinaria de ayer, para excluir el punto 5, relativo a este tema, que ser\u00eda discutido en la siguiente sesi\u00f3n.<\/p>\n<p>Obviamente, eso no suceder\u00e1, ya que al designar a los relevos de los consejeros a los que se les venci\u00f3 el periodo, la solicitud de remoci\u00f3n se queda sin materia. Explicando: dos de los tres consejeros que incluye la solicitud de remoci\u00f3n (Hilda Ben\u00edtez Carre\u00f3n y Marcos Arturo Garc\u00eda Celaya se encuentran pr\u00e1cticamente limpiando sus escritorios, pues son dos de los tres consejeros que ser\u00e1n relevados.<\/p>\n<p>El tercero es Wilbert Sandoval Acereto, y uno de los suplentes, que por cierto tambi\u00e9n ya tiene los d\u00edas contados en el CEE, al vencer el periodo para el que fue designado.<\/p>\n<p>Los diputados optaron por buscarle una salida digna a dos de los consejeros impugnados, y en el caso de Ferm\u00edn Ch\u00e1vez Pe\u00f1\u00fa\u00f1uri, que se queda para un periodo m\u00e1s, el dictamen original tendr\u00eda que ser modificado, para decidir posteriormente qu\u00e9 es lo que suceder\u00e1 con \u00e9l.<\/p>\n<p>Los nuevos consejeros propietarios, que habr\u00e1n de tomar posesi\u00f3n posiblemente la pr\u00f3xima semana son: \u00d3scar Germ\u00e1n Rom\u00e1n Portela, Sara Blanco Moreno y Francisco Javier Zavala Segura; como suplente fue designada Olga Luc\u00eda Seldner Liz\u00e1rraga.<\/p>\n<p>Por las caras de los coordinadores parlamentarios del PRI y el PAN, y por las declaraciones que dieron a la prensa al concluir la sesi\u00f3n extraordinaria, se intuye que quienes sacaron la mejor parte en este proceso, son los del blanquiazul, ya que Enrique Reyna se mostr\u00f3 contento y satisfecho, no as\u00ed Roberto Ruibal Astiazar\u00e1n, que mostr\u00f3 una inusual seriedad, casi rayando en la molestia.<\/p>\n<p>Ciertamente que ambos coincidieron en que a los nuevos consejeros no se les puede ligar con certeza a alg\u00fan partido pol\u00edtico, y mantienen perfiles de independencia e imparcialidad, propios para el desempe\u00f1o de sus nuevos encargos, por dem\u00e1s importantes, ya que les tocar\u00e1 organizar el proceso electoral 2011-2101 y el 2014-2015.<\/p>\n<p>La bancada perredista, en su condici\u00f3n de fracci\u00f3n adjunta a la del Partido Acci\u00f3n Nacional, retir\u00f3 las propuestas que ten\u00edan para ocupar esos cargos, dejando colgados de la brocha a cuatro personalidades, entre ellas al investigador del Colegio de Sonora, Juan Poom Medina, por cierto uno de los m\u00e1s aplicados estudiosos del tema electoral en el estado.<\/p>\n<p>La sesi\u00f3n extraordinaria de ayer estaba programada para comenzar a las 11:00 AM, pero se posterg\u00f3 su inicio se posterg\u00f3 un par de horas, producto de las negociaciones que los diputados sosten\u00edan en la planta alta del edificio del Congreso.<\/p>\n<p>Aunque a\u00fan quedan pendientes algunos asuntos relacionados con la agenda pol\u00edtico electoral, la designaci\u00f3n de los nuevos consejeros es un paso adelante en el proceso de renovaci\u00f3n del organismo electoral, que destraba un tema que ya se hab\u00eda complicado demasiado, pero donde afortunadamente por fin llegaron los acuerdos.<\/p>\n<p>II<\/p>\n<p>A prop\u00f3sito de asuntos electorales y relevos, el ingeniero Jos\u00e9 Luis Mill\u00e1n L\u00f3pez se inscribi\u00f3 como candidato a la presidencia del Colegio de Ingenieros Civiles AC, organismo en el que muy pronto habr\u00e1 de registrarse su proceso de elecci\u00f3n para renovar\u00a0 el mando, que actualmente encabeza Manuel Tapia Noriega.<\/p>\n<p>Mill\u00e1n L\u00f3pez ha integrado una planilla que se perfila como la que tiene m\u00e1s posibilidades de alzarse con el triunfo, ya que en ella participan reconocidos profesionales de la ingenier\u00eda civil, como Ra\u00fal Quihuis, Sa\u00fal Lagarda, Leny Garc\u00eda, Carlos Ortiz, Jos\u00e9 Cruz Corrales, Iv\u00e1n Garc\u00eda G\u00e1mez, entre otros.<\/p>\n<p>Nos llegan reportes de que Mill\u00e1n F\u00e9lix llega con ideas nuevas, orientadas a lograr hacer del Colegio de Ingenieros una organizaci\u00f3n m\u00e1s abierta e incluyente, d\u00e1ndole\u00a0 entrada a nuevas generaciones y a profesionales de esa \u00e1rea, que tradicionalmente quedaban fuera de las ventajas y beneficios de participar en un organismo de esta naturaleza. Con esto estar\u00eda ayudando mucho tambi\u00e9n a quitarle al Colegio ese estigma con el que ven\u00eda cargando, que lo ubicaba como una organizaci\u00f3n cerrada, en la que no todos caben.<\/p>\n<p>Entre las propuestas de trabajo que est\u00e1 difundiendo Mill\u00e1n F\u00e9lix, se encuentra la de crear un bufete de asesor\u00eda y consultor\u00eda, que ofrezca sus servicios a la ciudadan\u00eda, ya que la nueva reglamentaci\u00f3n municipal en materia de construcci\u00f3n, exige que pr\u00e1cticamente todas las obras, por m\u00e1s peque\u00f1as que sean, requieran de un ingeniero que se haga responsable de las mismas.<\/p>\n<p>El equipo que ha logrado juntar el aspirante a suceder a Manuel Tapia Noriega trae buenas intenciones y mejores ideas, lo que le vendr\u00eda bien no s\u00f3lo al gremio, sino sobre todo a la propia ciudadan\u00eda, que en no pocas ocasiones ha pasado a ser la principal perjudicada con obras p\u00fablicas que no cumplen los requisitos m\u00e1s elementales de calidad. Seguiremos informando.<\/p>\n<p><strong>chaposoto67@hotmail.com<\/strong><\/p>\n","protected":false},"excerpt":{"rendered":"<p>La sangre no lleg\u00f3 al r\u00edo 05\/Agosto\/2011 Un intenso ejercicio de negociaci\u00f3n el que protagonizaron ayer los diputados de las fracciones parlamentarias del PRI y el PAN para cumplir el mandato del Tribunal Electoral del Poder Judicial de la Federaci\u00f3n, y designar a los tres nuevos consejeros electorales que habr\u00e1n de integrarse al CEE, posiblemente [&hellip;]<\/p>\n","protected":false},"author":1,"featured_media":0,"comment_status":"open","ping_status":"open","sticky":false,"template":"","format":"standard","meta":{"jetpack_post_was_ever_published":false,"_jetpack_newsletter_access":"","_jetpack_dont_email_post_to_subs":false,"_jetpack_newsletter_tier_id":0,"_jetpack_memberships_contains_paywalled_content":false,"_jetpack_memberships_contains_paid_content":false,"footnotes":"","jetpack_publicize_message":"","jetpack_publicize_feature_enabled":true,"jetpack_social_post_already_shared":false,"jetpack_social_options":{"image_generator_settings":{"template":"highway","enabled":false},"version":2}},"categories":[21,14],"tags":[],"jetpack_publicize_connections":[],"jetpack_featured_media_url":"","jetpack_shortlink":"https:\/\/wp.me\/p2mzaA-qh","jetpack_sharing_enabled":true,"jetpack_likes_enabled":true,"_links":{"self":[{"href":"https:\/\/www.semioticafactual.com\/index.php?rest_route=\/wp\/v2\/posts\/1629"}],"collection":[{"href":"https:\/\/www.semioticafactual.com\/index.php?rest_route=\/wp\/v2\/posts"}],"about":[{"href":"https:\/\/www.semioticafactual.com\/index.php?rest_route=\/wp\/v2\/types\/post"}],"author":[{"embeddable":true,"href":"https:\/\/www.semioticafactual.com\/index.php?rest_route=\/wp\/v2\/users\/1"}],"replies":[{"embeddable":true,"href":"https:\/\/www.semioticafactual.com\/index.php?rest_route=%2Fwp%2Fv2%2Fcomments&post=1629"}],"version-history":[{"count":1,"href":"https:\/\/www.semioticafactual.com\/index.php?rest_route=\/wp\/v2\/posts\/1629\/revisions"}],"predecessor-version":[{"id":1630,"href":"https:\/\/www.semioticafactual.com\/index.php?rest_route=\/wp\/v2\/posts\/1629\/revisions\/1630"}],"wp:attachment":[{"href":"https:\/\/www.semioticafactual.com\/index.php?rest_route=%2Fwp%2Fv2%2Fmedia&parent=1629"}],"wp:term":[{"taxonomy":"category","embeddable":true,"href":"https:\/\/www.semioticafactual.com\/index.php?rest_route=%2Fwp%2Fv2%2Fcategories&post=1629"},{"taxonomy":"post_tag","embeddable":true,"href":"https:\/\/www.semioticafactual.com\/index.php?rest_route=%2Fwp%2Fv2%2Ftags&post=1629"}],"curies":[{"name":"wp","href":"https:\/\/api.w.org\/{rel}","templated":true}]}}