{"id":1626,"date":"2011-08-05T18:52:00","date_gmt":"2011-08-05T18:52:00","guid":{"rendered":"http:\/\/www.semioticafactual.com\/?p=1626"},"modified":"2011-08-05T18:52:00","modified_gmt":"2011-08-05T18:52:00","slug":"hay-buen-avance-en-el-pago-a-ex-braceros-sonorenses-enrique-torres","status":"publish","type":"post","link":"https:\/\/www.semioticafactual.com\/?p=1626","title":{"rendered":"Hay buen avance en el pago a ex braceros sonorenses: Enrique Torres"},"content":{"rendered":"<p><strong><a class=\"highslide\" onclick=\"return vz.expand(this)\" href=\"https:\/\/i0.wp.com\/www.semioticafactual.com\/wp-content\/uploads\/2011\/08\/enrique-torres.jpg\"><img loading=\"lazy\" decoding=\"async\" data-attachment-id=\"1627\" data-permalink=\"https:\/\/www.semioticafactual.com\/?attachment_id=1627\" data-orig-file=\"https:\/\/i0.wp.com\/www.semioticafactual.com\/wp-content\/uploads\/2011\/08\/enrique-torres-e1312570301780.jpg?fit=460%2C345&amp;ssl=1\" data-orig-size=\"460,345\" data-comments-opened=\"1\" data-image-meta=\"{&quot;aperture&quot;:&quot;0&quot;,&quot;credit&quot;:&quot;&quot;,&quot;camera&quot;:&quot;&quot;,&quot;caption&quot;:&quot;&quot;,&quot;created_timestamp&quot;:&quot;0&quot;,&quot;copyright&quot;:&quot;&quot;,&quot;focal_length&quot;:&quot;0&quot;,&quot;iso&quot;:&quot;0&quot;,&quot;shutter_speed&quot;:&quot;0&quot;,&quot;title&quot;:&quot;&quot;}\" data-image-title=\"enrique torres\" data-image-description=\"\" data-image-caption=\"\" data-medium-file=\"https:\/\/i0.wp.com\/www.semioticafactual.com\/wp-content\/uploads\/2011\/08\/enrique-torres-e1312570301780.jpg?fit=300%2C225&amp;ssl=1\" data-large-file=\"https:\/\/i0.wp.com\/www.semioticafactual.com\/wp-content\/uploads\/2011\/08\/enrique-torres-e1312570301780.jpg?fit=800%2C600&amp;ssl=1\" tabindex=\"0\" role=\"button\" class=\"alignright size-medium wp-image-1627\" title=\"enrique torres\" src=\"https:\/\/i0.wp.com\/www.semioticafactual.com\/wp-content\/uploads\/2011\/08\/enrique-torres-300x225.jpg?resize=300%2C225\" alt=\"\" width=\"300\" height=\"225\" data-recalc-dims=\"1\" \/><\/a>Hermosillo, Sonora 8 de Agosto 2011.-<\/strong>\u00a0Un total de 547 ex braceros sonorenses del\u00a0\u00a0padr\u00f3n general de 623 que aparecieron en las tres listas de beneficiarios publicadas en este 2011, ya pasaron a cobrar el dinero de sus ahorros \u201cque por a\u00f1os buscaron sin obtener resultados\u201d, inform\u00f3 el diputado federal Enrique Torres.<\/p>\n<p>El legislador del PAN por Sonora se\u00f1al\u00f3 que dichos ex trabajadores migrantes del programa Bracero, quienes ya pudieron hacer v\u00e1lido el cobro de sus ahorros, representan cerca del 50 por ciento de los 1,248 ex braceros sonorenses que conforman el universo total de registrados en la entidad durante la convocatoria del 2010.<\/p>\n<p>El integrante de la Comisi\u00f3n de Desarrollo Social en la C\u00e1mara de Diputados dijo que sin embargo se han presentado diferentes tipos de problemas durante los cobros, principalmente errores ortogr\u00e1ficos en los apellidos de los beneficiarios.<\/p>\n<p>\u201c\u00c9se un tema que ya pusimos sobre la mesa, y estamos exigiendo ante Gobernaci\u00f3n que se tomen las medidas pertinentes porque es gente de edad muy avanzada, y por detalles tan m\u00ednimos como esos no han podido cobrar ese dinero que es de ellos\u201d, manifest\u00f3 el legislador.<\/p>\n<p>\u201cParece incre\u00edble que despu\u00e9s de una larga vida de trabajo, los ex trabajadores todav\u00eda tengan tantas dificultades para obtener el pago del recurso que como ex braceros les corresponde, debido a trabas burocr\u00e1ticas\u201d, expres\u00f3 el pol\u00edtico originario de Magdalena.<\/p>\n<p>Torres Delgado record\u00f3 que el a\u00f1o pasado, en el marco del an\u00e1lisis y discusi\u00f3n del presupuesto para el 2011, la C\u00e1mara de Diputados aprob\u00f3 la asignaci\u00f3n de 1,200 millones de pesos para cubrir el pago \u00fanico al 20 por ciento del total de ex trabajadores migrantes mexicanos; de los cuales a Sonora le correspondieron m\u00e1s de 20 millones de pesos.<\/p>\n<p>El legislador sonorense detall\u00f3 que la fecha l\u00edmite para realizar el cobro es el pr\u00f3ximo mes de noviembre; y apunt\u00f3 que quienes no realicen el cobro deber\u00e1n esperar a aparecer en las listas que ser\u00edan publicadas el pr\u00f3ximo a\u00f1o.<\/p>\n<p>\u201cCon lo que resulte como remanente de esta fecha l\u00edmite se va a atender a las personas que presenten alguna situaci\u00f3n de enfermedad permanente o alguna incapacidad, para que ellos tengan la oportunidad de que una vez demostrando dicha situaci\u00f3n, poder realizar el cobro de su dinero\u201d.<\/p>\n","protected":false},"excerpt":{"rendered":"<p>Hermosillo, Sonora 8 de Agosto 2011.-\u00a0Un total de 547 ex braceros sonorenses del\u00a0\u00a0padr\u00f3n general de 623 que aparecieron en las tres listas de beneficiarios publicadas en este 2011, ya pasaron a cobrar el dinero de sus ahorros \u201cque por a\u00f1os buscaron sin obtener resultados\u201d, inform\u00f3 el diputado federal Enrique Torres. El legislador del PAN por [&hellip;]<\/p>\n","protected":false},"author":1,"featured_media":0,"comment_status":"open","ping_status":"open","sticky":false,"template":"","format":"standard","meta":{"jetpack_post_was_ever_published":false,"_jetpack_newsletter_access":"","_jetpack_dont_email_post_to_subs":false,"_jetpack_newsletter_tier_id":0,"_jetpack_memberships_contains_paywalled_content":false,"_jetpack_memberships_contains_paid_content":false,"footnotes":"","jetpack_publicize_message":"","jetpack_publicize_feature_enabled":true,"jetpack_social_post_already_shared":false,"jetpack_social_options":{"image_generator_settings":{"template":"highway","enabled":false},"version":2}},"categories":[9],"tags":[],"jetpack_publicize_connections":[],"jetpack_featured_media_url":"","jetpack_shortlink":"https:\/\/wp.me\/p2mzaA-qe","jetpack_sharing_enabled":true,"jetpack_likes_enabled":true,"_links":{"self":[{"href":"https:\/\/www.semioticafactual.com\/index.php?rest_route=\/wp\/v2\/posts\/1626"}],"collection":[{"href":"https:\/\/www.semioticafactual.com\/index.php?rest_route=\/wp\/v2\/posts"}],"about":[{"href":"https:\/\/www.semioticafactual.com\/index.php?rest_route=\/wp\/v2\/types\/post"}],"author":[{"embeddable":true,"href":"https:\/\/www.semioticafactual.com\/index.php?rest_route=\/wp\/v2\/users\/1"}],"replies":[{"embeddable":true,"href":"https:\/\/www.semioticafactual.com\/index.php?rest_route=%2Fwp%2Fv2%2Fcomments&post=1626"}],"version-history":[{"count":1,"href":"https:\/\/www.semioticafactual.com\/index.php?rest_route=\/wp\/v2\/posts\/1626\/revisions"}],"predecessor-version":[{"id":1628,"href":"https:\/\/www.semioticafactual.com\/index.php?rest_route=\/wp\/v2\/posts\/1626\/revisions\/1628"}],"wp:attachment":[{"href":"https:\/\/www.semioticafactual.com\/index.php?rest_route=%2Fwp%2Fv2%2Fmedia&parent=1626"}],"wp:term":[{"taxonomy":"category","embeddable":true,"href":"https:\/\/www.semioticafactual.com\/index.php?rest_route=%2Fwp%2Fv2%2Fcategories&post=1626"},{"taxonomy":"post_tag","embeddable":true,"href":"https:\/\/www.semioticafactual.com\/index.php?rest_route=%2Fwp%2Fv2%2Ftags&post=1626"}],"curies":[{"name":"wp","href":"https:\/\/api.w.org\/{rel}","templated":true}]}}